{"id":513074,"date":"2025-11-05T08:12:15","date_gmt":"2025-11-05T08:12:15","guid":{"rendered":"https:\/\/www.europesays.com\/fr\/513074\/"},"modified":"2025-11-05T08:12:15","modified_gmt":"2025-11-05T08:12:15","slug":"tbt9-fabien-lecoeuvre-quitte-brutalement-le-plateau-apres-une-blague-de-matthieu-delormeau","status":"publish","type":"post","link":"https:\/\/www.europesays.com\/fr\/513074\/","title":{"rendered":"TBT9 : Fabien Lecoeuvre quitte brutalement le plateau apr\u00e8s une blague de Matthieu Delormeau"},"content":{"rendered":"<p>      R\u00e9sum\u00e9<\/p>\n<p>Ce 4 novembre, Fabien Lecoeuvre a brusquement quitt\u00e9 le plateau de \u00ab\u00a0Tout beau tout neuf\u00a0\u00bb apr\u00e8s une blague de Matthieu Delormeau qu&rsquo;il a jug\u00e9 d\u00e9plac\u00e9.<\/p>\n<p>        Sommaire<\/p>\n<p>Depuis la rentr\u00e9e et suite \u00e0 la fermeture de C8, Cyril Hanouna et sa bande se sont install\u00e9s sur le plateau de <strong>\u00ab\u00a0Tout beau tout neuf\u00a0\u00bb sur W9<\/strong>. Un nouveau rendez-vous qui, dans la forme, ressemble comme deux gouttes d&rsquo;eau \u00e0 \u00ab\u00a0Touche pas \u00e0 mon poste\u00a0\u00bb. L&rsquo;occasion de ne pas perturber les fans les plus fid\u00e8les de l&rsquo;\u00e9mission et de <a href=\"https:\/\/www.public.fr\/jembrasse-fort-sa-femme-cyril-hanouna-interrompt-tbt9-pour-rendre-hommage-a-renaud-revel-chroniqueur-decede-des-suites-de-sa-maladie\" target=\"_blank\" rel=\"noopener\">\u00ab\u00a0Baba\u00a0\u00bb<\/a>. Ainsi, ce mardi 4\u00a0novembre, <a href=\"https:\/\/www.public.fr\/la-villa-incroyable-de-cyril-hanouna-situee-a-saint-tropez-enflamme-les-reseaux-que-faut-il-en-penser\" target=\"_blank\" rel=\"noopener\">l&rsquo;animateur de 51 ans<\/a> pr\u00e9sentait un nouveau num\u00e9ro de son \u00e9mission. \u00c0 ses c\u00f4t\u00e9s, en plateau, <strong>plusieurs chroniqueurs<\/strong> comme chaque soir dont <strong>Matthieu Delormeau et Fabien Lecoeuvre<\/strong>.<\/p>\n<p>Au programme ce soir-l\u00e0\u00a0: le <a href=\"https:\/\/www.public.fr\/jean-paul-rouve-incarnera-samuel-paty-dans-un-film-attendu-en-2026\" target=\"_blank\" rel=\"noopener\">biopic sur Samuel Paty<\/a>, les stars victimes d&rsquo;usurpation d&rsquo;identit\u00e9, le d\u00e9brief de \u00ab\u00a0L&rsquo;amour est dans le pr\u00e9\u00a0\u00bb ou encore <strong>la r\u00e9action de <a href=\"https:\/\/www.public.fr\/renaud-du-nouveau-dans-la-guerre-de-lheritage-cerise-et-lolita-parlent-pour-la-premiere-fois\" target=\"_blank\" rel=\"noopener\">Renaud et sa famille<\/a> \u00e0 la Une de Voici<\/strong>. Une s\u00e9quence au cours de laquelle Fabien Lecoeuvre, sp\u00e9cialiste people, a d&rsquo;abord rappel\u00e9 que le magazine avait \u00e9crit en pleine page\u00a0: \u00ab\u00a0Renaud, son clan se d\u00e9chire\u00a0\u00bb. Comment en est-on arriv\u00e9 \u00e0 cette conclusion\u00a0? <a href=\"https:\/\/www.public.fr\/tbt9-le-chroniqueur-fabien-lecoeuvre-presente-sa-compagne-a-loccasion-de-leur-100-jours-de-vie-commune\" target=\"_blank\" rel=\"noopener\">Le journaliste<\/a> a alors expos\u00e9 <strong>ses \u00ab\u00a0quatre explications\u00a0\u00bb<\/strong>.<\/p>\n<p>Taquin, comme \u00e0 son habitude, <a href=\"https:\/\/www.public.fr\/un-pincement-au-coeur-cyril-hanouna-appelle-un-ancien-chroniqueur-de-tpmp-en-direct-dans-tbt9\" target=\"_blank\" rel=\"noopener\">Cyril Hanouna<\/a> a tent\u00e9 de d\u00e9stabiliser son chroniqueur <strong>mais <a href=\"https:\/\/www.public.fr\/le-visage-de-judas-fabien-lecoeuvre-torpille-le-traitre-de-cyril-hanouna\" target=\"_blank\" rel=\"noopener\">ce dernier<\/a> a poursuivi.<\/strong> Du moins jusqu&rsquo;\u00e0 ce qu&rsquo;une majorit\u00e9 de ses coll\u00e8gues soient <strong>pris d&rsquo;un fou rire<\/strong> et notamment Matthieu Delormeau assis alors \u00e0 sa droite. Les deux hommes se sont alors \u00e9charp\u00e9s gentiment jusqu&rsquo;\u00e0 ce que Fabien Lecoeuvre <strong>d\u00e9cide de s&rsquo;en aller<\/strong>.<\/p>\n<p>\u00ab\u00a0Tout beau tout neuf\u00a0\u00bb\u00a0: Fabien Lecoeuvre quitte soudainement le plateau agac\u00e9 par Matthieu Delormeau<\/p>\n<p>Mais alors <strong>que s&rsquo;est-il pass\u00e9\u00a0?<\/strong> Matthieu Delormeau s&rsquo;est mis soudainement \u00e0 pouffer de rire avec <a href=\"https:\/\/www.google.com\/url?sa=t&amp;source=web&amp;rct=j&amp;opi=89978449&amp;url=https:\/\/vsd.fr\/81001-de-tpmp-aux-tables-de-poker-geraldine-maillet-simpose-dans-un-tournoi-majeur\/&amp;ved=2ahUKEwjj86isqdqQAxVTUaQEHd8zBwgQFnoECBgQAQ&amp;usg=AOvVaw1rsVadXWILrWY20TQKf4JQ\" target=\"_blank\" rel=\"noopener\">G\u00e9raldine Maillet<\/a>. \u00ab\u00a0<strong>Qu&rsquo;est-ce qui se passe\u00a0?<\/strong>\u00a0\u00bb lui a alors demand\u00e9 son confr\u00e8re de mani\u00e8re bienveillante. En grand professionnel, Fabien Lecoeuvre n&rsquo;a alors pas l\u00e2ch\u00e9 le morceau et a encha\u00een\u00e9\u00a0: \u00ab\u00a0<strong>\u00c7a ne vous int\u00e9resse pas\u00a0?<\/strong> Alors, le 6\u00a0octobre, Lolila la fille de Renaud a fait une interview\u2026\u00a0\u00bb. Mais trop, c&rsquo;est trop\u00a0! Une nouvelle fois interrompu, il s&rsquo;est alors retourn\u00e9 vers <a href=\"https:\/\/www.google.com\/url?sa=t&amp;source=web&amp;rct=j&amp;opi=89978449&amp;url=https:\/\/vsd.fr\/87075-matthieu-delormeau-est-de-retour\/&amp;ved=2ahUKEwi-9K2_qdqQAxVAVKQEHbpCKuAQFnoECBoQAQ&amp;usg=AOvVaw2qhENGMVXGO2TKJ8Gb7upo\" target=\"_blank\" rel=\"noopener\">l&rsquo;ancien animateur de NRJ 12<\/a>. \u00ab\u00a0<strong>Mais je n&rsquo;ai rien fait\u00a0! Il va encore m&rsquo;appeler ce soir pour m&rsquo;engueuler<\/strong>\u00a0\u00bb s&rsquo;est d\u00e9fendu ce dernier.<\/p>\n<p>\u00ab\u00a0<strong>D&rsquo;avoir un turbulent \u00e0 c\u00f4t\u00e9 c&rsquo;est compliqu\u00e9<\/strong>\u00a0\u00bb a alors l\u00e2ch\u00e9 Fabien Lecoeuvre. Ce \u00e0 quoi Matthieu Delormeau a r\u00e9torqu\u00e9\u00a0: \u00ab\u00a0<strong>Je suis d\u00e9sol\u00e9 mon chou\u2026 D&rsquo;avoir un escroc aussi\u2026<\/strong>\u00ab\u00a0. C&rsquo;est alors que <strong><a href=\"https:\/\/www.google.com\/url?sa=t&amp;source=web&amp;rct=j&amp;opi=89978449&amp;url=https:\/\/vsd.fr\/87428-fabien-lecoeuvre-fete-ses-100-jours-damour-avec-corinne-chez-claude-francois\/&amp;ved=2ahUKEwj6rvj_qdqQAxXQSKQEHYl2HywQFnoECBoQAQ&amp;usg=AOvVaw0QhyQrFV0Ljz39kculyjoo\" target=\"_blank\" rel=\"noopener\">le journaliste de 66 ans<\/a> a pli\u00e9 ses dossiers et a quitt\u00e9 le plateau<\/strong> n&rsquo;appr\u00e9ciant absolument pas d&rsquo;\u00eatre qualifi\u00e9 d&rsquo;escroc. Cyril Hanouna a alors r\u00e9clam\u00e9 des excuses de la part de <a href=\"https:\/\/www.google.com\/url?sa=t&amp;source=web&amp;rct=j&amp;opi=89978449&amp;url=https:\/\/vsd.fr\/88012-matthieu-delormeau-des-armes-retrouvees-a-son-domicile-le-juge-ordonne-de-les-detruire\/&amp;ved=2ahUKEwjL_MyoqtqQAxU9aqQEHZwIGCMQFnoECBYQAQ&amp;usg=AOvVaw1XM28K90l8Gv6YnOmAjPd5\" target=\"_blank\" rel=\"noopener\">son ami<\/a> m\u00eame si certains chroniqueurs, dont <a href=\"https:\/\/www.google.com\/url?sa=t&amp;source=web&amp;rct=j&amp;opi=89978449&amp;url=https:\/\/vsd.fr\/76330-valerie-benaim-la-verite-sur-sa-maladie-a-quelques-jours-des-adieux\/&amp;ved=2ahUKEwjcid7LqtqQAxXWK_sDHVlyItIQFnoECBYQAQ&amp;usg=AOvVaw2VJzgFfaqanXpLDWwANfkR\" target=\"_blank\" rel=\"noopener\">Val\u00e9rie B\u00e9na\u00efm<\/a>, lui ont reproch\u00e9 de <strong>manquer d&rsquo;autod\u00e9rision<\/strong>.<\/p>\n<p>\n          Hits &amp; People en continu\n        <\/p>\n<p>\n          Public Radio\n        <\/p>\n<p>      Mentionn\u00e9s dans cet article<\/p>\n<p>      Sur le m\u00eame sujet<\/p>\n","protected":false},"excerpt":{"rendered":"R\u00e9sum\u00e9 Ce 4 novembre, Fabien Lecoeuvre a brusquement quitt\u00e9 le plateau de \u00ab\u00a0Tout beau tout neuf\u00a0\u00bb apr\u00e8s une&hellip;\n","protected":false},"author":2,"featured_media":513075,"comment_status":"","ping_status":"","sticky":false,"template":"","format":"standard","meta":{"footnotes":""},"categories":[1356],"tags":[5586,3721,12318,1083,58,59,3719,1011,27,7830,252,22498,22497,1364,2395],"class_list":{"0":"post-513074","1":"post","2":"type-post","3":"status-publish","4":"format-standard","5":"has-post-thumbnail","7":"category-television","8":"tag-animateur-de-television","9":"tag-chroniqueur","10":"tag-coup-de-gueule","11":"tag-cyril-hanouna","12":"tag-divertissement","13":"tag-entertainment","14":"tag-fabien-lecoeuvre","15":"tag-fr","16":"tag-france","17":"tag-matthieu-delormeau","18":"tag-television","19":"tag-tout-9-tbt9","20":"tag-tout-beau","21":"tag-tv","22":"tag-w9"},"share_on_mastodon":{"url":"https:\/\/pubeurope.com\/@fr\/115496088112220423","error":""},"_links":{"self":[{"href":"https:\/\/www.europesays.com\/fr\/wp-json\/wp\/v2\/posts\/513074","targetHints":{"allow":["GET"]}}],"collection":[{"href":"https:\/\/www.europesays.com\/fr\/wp-json\/wp\/v2\/posts"}],"about":[{"href":"https:\/\/www.europesays.com\/fr\/wp-json\/wp\/v2\/types\/post"}],"author":[{"embeddable":true,"href":"https:\/\/www.europesays.com\/fr\/wp-json\/wp\/v2\/users\/2"}],"replies":[{"embeddable":true,"href":"https:\/\/www.europesays.com\/fr\/wp-json\/wp\/v2\/comments?post=513074"}],"version-history":[{"count":0,"href":"https:\/\/www.europesays.com\/fr\/wp-json\/wp\/v2\/posts\/513074\/revisions"}],"wp:featuredmedia":[{"embeddable":true,"href":"https:\/\/www.europesays.com\/fr\/wp-json\/wp\/v2\/media\/513075"}],"wp:attachment":[{"href":"https:\/\/www.europesays.com\/fr\/wp-json\/wp\/v2\/media?parent=513074"}],"wp:term":[{"taxonomy":"category","embeddable":true,"href":"https:\/\/www.europesays.com\/fr\/wp-json\/wp\/v2\/categories?post=513074"},{"taxonomy":"post_tag","embeddable":true,"href":"https:\/\/www.europesays.com\/fr\/wp-json\/wp\/v2\/tags?post=513074"}],"curies":[{"name":"wp","href":"https:\/\/api.w.org\/{rel}","templated":true}]}}