{"id":513078,"date":"2025-11-05T08:14:27","date_gmt":"2025-11-05T08:14:27","guid":{"rendered":"https:\/\/www.europesays.com\/fr\/513078\/"},"modified":"2025-11-05T08:14:27","modified_gmt":"2025-11-05T08:14:27","slug":"ce-film-de-zombies-culte-naura-jamais-de-suite-selon-son-realisateur","status":"publish","type":"post","link":"https:\/\/www.europesays.com\/fr\/513078\/","title":{"rendered":"ce film de zombies culte n&rsquo;aura jamais de suite, selon son r\u00e9alisateur"},"content":{"rendered":"<p><strong>Malgr\u00e9 les r\u00e9clamations des fans et les pressions hollywoodiennes, ce film de zombies culte ne reviendra jamais sur les \u00e9crans (a priori, et tant mieux).<\/strong><\/p>\n<p>Hollywood, ce grand cimeti\u00e8re des id\u00e9es fra\u00eeches, adore exhumer ses zombies. Entre les remakes live-action \u00e0 la cha\u00eene (coucou <a href=\"https:\/\/www.ecranlarge.com\/films\/news\/blanche-neige-rachel-zegler-defend-film-disney-deteste\" data-type=\"link\" data-id=\"https:\/\/www.ecranlarge.com\/films\/news\/blanche-neige-rachel-zegler-defend-film-disney-deteste\" rel=\"nofollow noopener\" target=\"_blank\">le bide Blanche-Neige,<\/a> qui s\u2019est pris le miroir en pleine face), la \u00ab\u00a0suite\u00a0\u00bb de <strong>Tron : L\u2019h\u00e9ritage<\/strong>, <a href=\"https:\/\/www.ecranlarge.com\/films\/news\/mega-bide-tron-ares-echec-disney\" rel=\"nofollow noopener\" target=\"_blank\"><strong>Tron:  Ares<\/strong>, d\u00e9j\u00e0 en d\u00e9composition au box-office<\/a>, une nouvelle version d\u2019<strong>American Psycho<\/strong> d\u00e9j\u00e0 annonc\u00e9e, et <a href=\"https:\/\/www.ecranlarge.com\/films\/news\/basic-instinct-anti-woke-monument-malaise\" data-type=\"link\" data-id=\"https:\/\/www.ecranlarge.com\/films\/news\/basic-instinct-anti-woke-monument-malaise\" rel=\"nofollow noopener\" target=\"_blank\">un reboot de <strong>Basic Instinct <\/strong>\u00ab anti woke \u00bb<\/a> (au secours), l\u2019industrie semble condamn\u00e9e \u00e0 recycler ses cadavres plut\u00f4t qu\u2019\u00e0 enfanter de nouveaux monstres. M\u00eame <strong>Highlander <\/strong>va rena\u00eetre sous les traits muscl\u00e9s d\u2019Henry Cavill, parce que pourquoi pas.<\/p>\n<p>                    <img decoding=\"async\" alt=\"\" class=\"wp-image-518375\" style=\"object-fit:cover;width:25px;height:25px\" src=\"https:\/\/www.ecranlarge.com\/content\/uploads\/2023\/09\/arrow-right-circle.svg\"\/><\/p>\n<p>Mais il reste, au milieu de ce chaos n\u00e9crophile, quelques r\u00e9sistants. Des cin\u00e9astes qui savent que certaines \u0153uvres m\u00e9ritent le repos \u00e9ternel. C\u2019est le cas d\u2019<a href=\"https:\/\/www.ecranlarge.com\/personnalite\/655645-edgar-wright\" data-type=\"people\" data-id=\"307476\" rel=\"nofollow noopener\" target=\"_blank\">Edgar Wright<\/a>, pourtant occup\u00e9 \u00e0 ranimer <strong><a href=\"https:\/\/www.ecranlarge.com\/films\/1367645-the-running-man\" data-type=\"films\" data-id=\"690418\" rel=\"nofollow noopener\" target=\"_blank\">Running Man<\/a><\/strong>, r\u00e9adaptation du roman de Stephen King apr\u00e8s le film de 1987 avec Arnold Schwarzenegger. Quelle ironie, alors qu\u2019il d\u00e9poussi\u00e8re un vieux cadavre hollywoodien, il jure qu\u2019<strong>il n\u2019y aura jamais de suite \u00e0 l\u2019un des classiques de sa trilogie Cornetto. <\/strong><\/p>\n<p><a href=\"https:\/\/www.ecranlarge.com\/content\/uploads\/2025\/11\/running-2520man_png.jpg\" rel=\"nofollow noopener\" target=\"_blank\"><\/p>\n<p><img loading=\"lazy\" decoding=\"async\" alt=\"\" src=\"https:\/\/www.europesays.com\/fr\/wp-content\/uploads\/2025\/11\/running-2520man_png-1260x709.jpg\" width=\"1260\" height=\"709\"  \/><\/p>\n<p><\/a>Il a les lunettes d\u2019hypnose de SupermanPas de suite pour les zombies<\/p>\n<p>En pleine tourn\u00e9e promotionnelle pour <strong>Running Man<\/strong>, Edgar Wright a \u00e9t\u00e9 interrog\u00e9 par Polygon sur la possibilit\u00e9 d\u2019un <strong>Shaun of the Dead 2<\/strong>. Et sa r\u00e9ponse a claqu\u00e9 comme des pelles contre des t\u00eates de zombies : jamais.<\/p>\n<blockquote class=\"wp-block-quote is-layout-flow wp-block-quote-is-layout-flow\">\n<p><strong>\u00ab Nous n\u2019\u00e9tions pas vraiment int\u00e9ress\u00e9s, car nous pensions qu\u2019il n\u2019y a plus rien \u00e0 dire. Beaucoup de franchises proposent des suites qui n\u2019ont pas vraiment lieu d\u2019\u00eatre, parce que tout a d\u00e9j\u00e0 \u00e9t\u00e9 dit dans le premier film. Quand un personnage traverse une transformation majeure, il devient tr\u00e8s difficile d\u2019imaginer un deuxi\u00e8me volet. <\/strong><\/p>\n<p><strong>Dans Shaun of the Dead, Shaun passe d\u2019un type un peu minable \u00e0 un h\u00e9ros \u00e0 la fin du film. Difficile donc de lancer une suite quand il n\u2019y a plus de v\u00e9ritable arc narratif. Nous sommes tr\u00e8s heureux qu\u2019il reste un film unique. \u00bb<\/strong><\/p>\n<\/blockquote>\n<p>                    <img decoding=\"async\" alt=\"\" class=\"wp-image-518375\" style=\"object-fit:cover;width:25px;height:25px\" src=\"https:\/\/www.ecranlarge.com\/content\/uploads\/2023\/09\/arrow-right-circle.svg\"\/><\/p>\n<p><a href=\"https:\/\/www.ecranlarge.com\/content\/uploads\/2025\/11\/shaun-of-the-dead-photo-simon-pegg-nick-frost-991480_jpg1.jpg\" rel=\"nofollow noopener\" target=\"_blank\"><\/p>\n<p><img loading=\"lazy\" decoding=\"async\" alt=\"Shaun of the Dead zombies\" src=\"https:\/\/www.europesays.com\/fr\/wp-content\/uploads\/2025\/11\/shaun-of-the-dead-photo-simon-pegg-nick-frost-991480_jpg1-1260x819.jpg\" width=\"1260\" height=\"819\"  \/><\/p>\n<p><\/a>Nos t\u00eates quand on parle d\u2019un \u00e9ventuel Shaun of the Dead 2<\/p>\n<p>Les propos du r\u00e9alisateur font \u00e9cho \u00e0 ceux de Simon Pegg, cosc\u00e9nariste et interpr\u00e8te principal du film de zombies, qui avait d\u00e9j\u00e0 enterr\u00e9 l\u2019id\u00e9e d\u2019une suite lors d\u2019un Ask Me Anything sur Reddit en mai 2025. <strong>L\u2019acteur avait m\u00eame assur\u00e9 qu\u2019il n\u2019y avait \u00ab\u00a0aucun int\u00e9r\u00eat\u00a0\u00bb \u00e0 vouloir relancer la licence,<\/strong> rappelant qu\u2019une grande partie du charme du film tenait \u00e0 son caract\u00e8re unique, son m\u00e9lange d\u2019humour potache, de m\u00e9lancolie et de tripes d\u00e9goulinantes.<\/p>\n<blockquote class=\"wp-block-quote is-layout-flow wp-block-quote-is-layout-flow\">\n<p><strong>\u00ab Je pense qu\u2019il vaut mieux le laisser tranquille. Je ne vois aucun int\u00e9r\u00eat \u00e0 le rebooter. Certaines histoires ont simplement un d\u00e9but, un milieu et une fin. Le probl\u00e8me des suites, parfois, c\u2019est qu\u2019il faut d\u00e9faire la conclusion du premier film pour pouvoir raconter autre chose. <\/strong><\/p>\n<p><strong>Pour des sagas comme Mission : Impossible, les films de super-h\u00e9ros ou Star Trek, \u00e7a fonctionne, parce que ce sont des aventures continues. Mais dans Shaun of the Dead, Shaun a un v\u00e9ritable arc : il commence quelque part et il termine quelque part. Et nous sommes satisfaits de la mani\u00e8re dont cela se conclut. \u00bb<\/strong><\/p>\n<\/blockquote>\n<p>Et comme le monde est fait de contradictions, c\u2019est donc bien avec le remake\/reboot de <strong>Running Man<\/strong> qu\u2019Edgar Wright sera de retour dans les salles obscures. Le film sortira en France le 19 novembre 2025.<\/p>\n","protected":false},"excerpt":{"rendered":"Malgr\u00e9 les r\u00e9clamations des fans et les pressions hollywoodiennes, ce film de zombies culte ne reviendra jamais sur&hellip;\n","protected":false},"author":2,"featured_media":513079,"comment_status":"","ping_status":"","sticky":false,"template":"","format":"standard","meta":{"footnotes":""},"categories":[1354],"tags":[58,59,1346,1011,27,1360],"class_list":{"0":"post-513078","1":"post","2":"type-post","3":"status-publish","4":"format-standard","5":"has-post-thumbnail","7":"category-films","8":"tag-divertissement","9":"tag-entertainment","10":"tag-films","11":"tag-fr","12":"tag-france","13":"tag-movies"},"share_on_mastodon":{"url":"https:\/\/pubeurope.com\/@fr\/115496096335381649","error":""},"_links":{"self":[{"href":"https:\/\/www.europesays.com\/fr\/wp-json\/wp\/v2\/posts\/513078","targetHints":{"allow":["GET"]}}],"collection":[{"href":"https:\/\/www.europesays.com\/fr\/wp-json\/wp\/v2\/posts"}],"about":[{"href":"https:\/\/www.europesays.com\/fr\/wp-json\/wp\/v2\/types\/post"}],"author":[{"embeddable":true,"href":"https:\/\/www.europesays.com\/fr\/wp-json\/wp\/v2\/users\/2"}],"replies":[{"embeddable":true,"href":"https:\/\/www.europesays.com\/fr\/wp-json\/wp\/v2\/comments?post=513078"}],"version-history":[{"count":0,"href":"https:\/\/www.europesays.com\/fr\/wp-json\/wp\/v2\/posts\/513078\/revisions"}],"wp:featuredmedia":[{"embeddable":true,"href":"https:\/\/www.europesays.com\/fr\/wp-json\/wp\/v2\/media\/513079"}],"wp:attachment":[{"href":"https:\/\/www.europesays.com\/fr\/wp-json\/wp\/v2\/media?parent=513078"}],"wp:term":[{"taxonomy":"category","embeddable":true,"href":"https:\/\/www.europesays.com\/fr\/wp-json\/wp\/v2\/categories?post=513078"},{"taxonomy":"post_tag","embeddable":true,"href":"https:\/\/www.europesays.com\/fr\/wp-json\/wp\/v2\/tags?post=513078"}],"curies":[{"name":"wp","href":"https:\/\/api.w.org\/{rel}","templated":true}]}}