{"id":513084,"date":"2025-11-05T08:17:16","date_gmt":"2025-11-05T08:17:16","guid":{"rendered":"https:\/\/www.europesays.com\/fr\/513084\/"},"modified":"2025-11-05T08:17:16","modified_gmt":"2025-11-05T08:17:16","slug":"tensions-a-miss-univers-2025-apres-une-colere-surrealiste-dun-organisateur-contre-miss-mexique","status":"publish","type":"post","link":"https:\/\/www.europesays.com\/fr\/513084\/","title":{"rendered":"Tensions \u00e0 Miss Univers 2025\u00a0apr\u00e8s une col\u00e8re surr\u00e9aliste d\u2019un organisateur contre Miss Mexique"},"content":{"rendered":"<p>        <img decoding=\"async\" loading=\"lazy\" src=\"https:\/\/www.europesays.com\/fr\/wp-content\/uploads\/2025\/11\/0231af4_upload-1-eel8fwltyita-capture-da-a-cran-2025-11-04-212559.png\"  width=\"728\" height=\"410\" alt=\"Tensions \u00e0 Miss Univers 2025\u00a0apr\u00e8s une col\u00e8re surr\u00e9aliste d\u2019un organisateur contre Miss Mexique. \"\/>  <\/p>\n<p>Capture d\u2019\u00e9cran vid\u00e9o Miss Univers 2025<\/p>\n<p>Tensions \u00e0 Miss Univers 2025\u00a0apr\u00e8s une col\u00e8re surr\u00e9aliste d\u2019un organisateur contre Miss Mexique. <\/p>\n<p class=\"asset asset-text\">MISS UNIVERS &#8211; Bien plus qu\u2019un simple cr\u00eapage de chignon. Alors que les candidates \u00e0 l\u2019\u00e9lection de <a href=\"https:\/\/www.huffingtonpost.fr\/divertissement\/article\/rachel-legrain-trapani-revient-sur-sa-rencontre-avec-donald-trump-a-miss-univers-c-etait-un-peu-flippant_252203.html\" target=\"_blank\" rel=\"noopener\">Miss Univers 2025<\/a>\u00a0sont arriv\u00e9es il y a seulement trois jours en Tha\u00eflande pour les pr\u00e9paratifs du concours qui se tient le 21\u00a0novembre, de premi\u00e8res grosses tensions ont eu lieu.<\/p>\n<p class=\"asset asset-text\">En effet, Nawat Itsaragrisil, membre du comit\u00e9 Miss Univers Tha\u00eflande s\u2019en est pris violemment \u00e0 Miss Mexique, Fatima Bosch, lui reprochant son absence lors d\u2019un tournage sponsoris\u00e9 et de ne pas faire de publications promotionnelles pour la Tha\u00eflande. Nos confr\u00e8res du <a href=\"https:\/\/www.leparisien.fr\/culture-loisirs\/miss-france\/miss-univers-un-organisateur-thailandais-traite-de-debile-miss-mexique-la-tenante-du-titre-et-les-candidates-sindignent-04-11-2025-JEM226XCJ5H5BKIJGQ5A4DYDXI.php\" target=\"_blank\" rel=\"noopener\" title=\"Nouvelle fen\u00eatre\">Parisien <\/a>pr\u00e9cisent que sa non-venue avait \u00e9t\u00e9 demand\u00e9e par le directeur de son comit\u00e9 national.<\/p>\n<p class=\"asset asset-text\">Si les raisons de l\u2019embrouille restent assez floues pour des non-initi\u00e9s, il n\u2019emp\u00eache que Nawat Itsaragrisil s\u2019est mis dans une col\u00e8re noire et a cri\u00e9 \u00e0 Fatima Bosch\u00a0devant les autres candidates lors d\u2019une r\u00e9union\u00a0: \u00ab\u00a0Si vous suivez les ordres de votre directeur national, vous \u00eates d\u00e9bile\u00a0\u00bb.<\/p>\n<p>    \u00ab\u00a0Arr\u00eatez. Arr\u00eatez\u00a0! Asseyez-vous\u00a0\u00bb    <\/p>\n<p class=\"asset asset-text\">Un reproche de trop\u00a0: Miss Mexique a quitt\u00e9 les lieux de l\u2019\u00e9v\u00e8nement, suivie par d\u2019autres candidates en signe de solidarit\u00e9. La confrontation a \u00e9t\u00e9 <a href=\"https:\/\/www.facebook.com\/watch\/live\/?ref=watch_permalink&amp;v=824666627177997\" target=\"_blank\" rel=\"noopener\" title=\"Nouvelle fen\u00eatre\">diffus\u00e9e en direct<\/a> sur la page Facebook de Miss Univers Tha\u00eflande.<\/p>\n<p> La lecture de ce contenu est susceptible d\u2019entra\u00eener un d\u00e9p\u00f4t de cookies de la part de l\u2019op\u00e9rateur tiers qui l\u2019h\u00e9berge. Compte-tenu des choix que vous avez exprim\u00e9s en mati\u00e8re de d\u00e9p\u00f4t de cookies, nous avons bloqu\u00e9 l\u2019affichage de ce contenu. Si vous souhaitez y acc\u00e9der, vous devez accepter la cat\u00e9gorie de cookies \u201cContenus tiers\u201d en cliquant sur le bouton ci-dessous. <\/p>\n<p> Lire la Vid\u00e9o        <\/p>\n<p class=\"asset asset-text\">\u00ab\u00a0Arr\u00eatez. Arr\u00eatez\u00a0! Asseyez-vous\u00a0\u00bb, entend-on Nawat Itsaragrisil s\u2019exclamer, avant de menacer\u00a0: \u00ab\u00a0Si quelqu\u2019un veut continuer le concours, asseyez-vous.\u00a0\u00bb Dans une autre vid\u00e9o publi\u00e9e sur la page Facebook de Miss Univers Tha\u00eflande, il a invit\u00e9 les jeunes femmes \u00e0 revenir \u00ab\u00a0sauf le Mexique\u00a0\u00bb parce qu\u2019\u00ab\u00a0elle parle trop\u00a0\u00bb.<\/p>\n<p>    \u00ab\u00a0Personne ne peut nous faire taire\u00a0\u00bb    <\/p>\n<p class=\"asset asset-text\">Comme l\u2019a rep\u00e9r\u00e9 le m\u00e9dia am\u00e9ricain Newsweek, Fatima Bosch a r\u00e9agi \u00e0 la s\u00e9quence dans une <a href=\"https:\/\/www.tiktok.com\/@ahtisa_universeph\/video\/7568769423478115602\" target=\"_blank\" rel=\"noopener\" title=\"Nouvelle fen\u00eatre\">vid\u00e9o TikTok<\/a>\u00a0: \u00ab\u00a0Ce que votre directeur vient de faire n\u2019est pas respectueux. Il m\u2019a trait\u00e9e d\u2019idiote parce qu\u2019il a des probl\u00e8mes avec l\u2019organisation.\u00a0\u00bb Et d\u2019ajouter\u00a0: \u00ab\u00a0je pense que le monde doit voir \u00e7a parce que nous sommes des femmes autonomes, et c\u2019est une plateforme (le concours Miss Univers ndlr) pour faire entendre notre voix. Et personne ne peut nous faire taire. Personne ne me fera \u00e7a.\u00a0\u00bb<\/p>\n<p class=\"asset asset-text\">Miss Univers 2024\u00a0a f\u00e9licit\u00e9 et encourag\u00e9 la d\u00e9sapprobation de Miss Mexique. Non seulement Victoria Kj\u00e6r Theilvig\u00a0est l\u2019une des femmes qui a quitt\u00e9 la salle, mais elle a aussi apport\u00e9 publiquement son soutien \u00e0 Fatima Bosch face \u00e0 ce \u00ab\u00a0manque de respect\u00a0\u00bb, rel\u00e8ve Le Parisien. Et d\u2019ajouter dans une story sur Instagram\u00a0: \u00ab\u00a0C\u2019est un droit des femmes. Je suis d\u00e9sol\u00e9e, mais nous devons agir. Il faut respecter tout le monde, et cela ne peut plus durer. M\u00e9priser les autres est irrespectueux, et ce n\u2019est pas ce que je veux d\u00e9fendre. J\u2019ai donc choisi de partir.\u00a0\u00bb<\/p>\n<p>      <script async src=\"\/\/www.tiktok.com\/embed.js\"><\/script><\/p>\n","protected":false},"excerpt":{"rendered":"Capture d\u2019\u00e9cran vid\u00e9o Miss Univers 2025 Tensions \u00e0 Miss Univers 2025\u00a0apr\u00e8s une col\u00e8re surr\u00e9aliste d\u2019un organisateur contre Miss&hellip;\n","protected":false},"author":2,"featured_media":513085,"comment_status":"","ping_status":"","sticky":false,"template":"","format":"standard","meta":{"footnotes":""},"categories":[8],"tags":[50769,58,59,1011,27,63405,30091],"class_list":{"0":"post-513084","1":"post","2":"type-post","3":"status-publish","4":"format-standard","5":"has-post-thumbnail","7":"category-divertissement","8":"tag-concours-de-beaute","9":"tag-divertissement","10":"tag-entertainment","11":"tag-fr","12":"tag-france","13":"tag-mannequinat","14":"tag-miss-univers"},"share_on_mastodon":{"url":"https:\/\/pubeurope.com\/@fr\/115496108243067717","error":""},"_links":{"self":[{"href":"https:\/\/www.europesays.com\/fr\/wp-json\/wp\/v2\/posts\/513084","targetHints":{"allow":["GET"]}}],"collection":[{"href":"https:\/\/www.europesays.com\/fr\/wp-json\/wp\/v2\/posts"}],"about":[{"href":"https:\/\/www.europesays.com\/fr\/wp-json\/wp\/v2\/types\/post"}],"author":[{"embeddable":true,"href":"https:\/\/www.europesays.com\/fr\/wp-json\/wp\/v2\/users\/2"}],"replies":[{"embeddable":true,"href":"https:\/\/www.europesays.com\/fr\/wp-json\/wp\/v2\/comments?post=513084"}],"version-history":[{"count":0,"href":"https:\/\/www.europesays.com\/fr\/wp-json\/wp\/v2\/posts\/513084\/revisions"}],"wp:featuredmedia":[{"embeddable":true,"href":"https:\/\/www.europesays.com\/fr\/wp-json\/wp\/v2\/media\/513085"}],"wp:attachment":[{"href":"https:\/\/www.europesays.com\/fr\/wp-json\/wp\/v2\/media?parent=513084"}],"wp:term":[{"taxonomy":"category","embeddable":true,"href":"https:\/\/www.europesays.com\/fr\/wp-json\/wp\/v2\/categories?post=513084"},{"taxonomy":"post_tag","embeddable":true,"href":"https:\/\/www.europesays.com\/fr\/wp-json\/wp\/v2\/tags?post=513084"}],"curies":[{"name":"wp","href":"https:\/\/api.w.org\/{rel}","templated":true}]}}