{"id":513091,"date":"2025-11-05T08:21:11","date_gmt":"2025-11-05T08:21:11","guid":{"rendered":"https:\/\/www.europesays.com\/fr\/513091\/"},"modified":"2025-11-05T08:21:11","modified_gmt":"2025-11-05T08:21:11","slug":"en-ille-et-vilaine-un-banquet-a-larriere-gout-dextreme-droite-liberation","status":"publish","type":"post","link":"https:\/\/www.europesays.com\/fr\/513091\/","title":{"rendered":"En Ille-et-Vilaine, un banquet \u00e0 l\u2019arri\u00e8re-go\u00fbt d\u2019extr\u00eame droite \u2013 Lib\u00e9ration"},"content":{"rendered":"<p class=\"sc-cPiKLX AiZTS text-element\">Toutes les places sont vendues. Et pourtant, si l\u2019\u00e9v\u00e8nement veut remettre au go\u00fbt du jour une France au pass\u00e9 fantasm\u00e9, son prix d\u2019entr\u00e9e est bien r\u00e9el : pr\u00e8s de 80 euros par personne. Mais ce n\u2019est pas tant le prix <a href=\"https:\/\/www.liberation.fr\/politique\/elections\/banquet-patriotique-au-havre-rien-de-nouveau-sous-le-rn-20230501_K6JJ64VVAFDVFFBKGSHCLJKO2U\/\" target=\"_blank\" rel=\"noreferrer noopener\" title=\"https:\/\/www.liberation.fr\/politique\/elections\/banquet-patriotique-au-havre-rien-de-nouveau-sous-le-rn-20230501_K6JJ64VVAFDVFFBKGSHCLJKO2U\/\">de ce banquet cens\u00e9 \u00eatre populaire<\/a> qui d\u00e9range ses d\u00e9tracteurs, que le projet id\u00e9ologique qui se cacherait derri\u00e8re. Le ch\u00e2teau de Blossac \u00e0 Goven (Ille-et-Vilaine) doit accueillir du vendredi 7 au dimanche 9 novembre, trois \u00abimmenses ripailles festives\u00bb comme les pr\u00e9sente le Canon fran\u00e7ais, l\u2019entreprise organisatrice. Treize \u00e9lus bretons voient dans ces banquets une instrumentalisation des f\u00eates populaires \u00ab\u00e0 des fins de propagande pour faire la promotion de l\u2019id\u00e9ologie d\u2019extr\u00eame droite\u00bb et ont appel\u00e9, dans un communiqu\u00e9 publi\u00e9 vendredi, le pr\u00e9fet \u00e0 interdire ces rassemblements.<\/p>\n<p class=\"sc-cPiKLX AiZTS text-element\">Ni une ni deux, les organisateurs ont annonc\u00e9 lundi avoir port\u00e9 plainte pour diffamation contre ces responsables politiques parmi lesquels se trouvent les d\u00e9put\u00e9es LFI <a href=\"https:\/\/www.liberation.fr\/international\/moyen-orient\/interception-de-la-flottille-pour-gaza-la-deputee-lfi-marie-mesmeur-en-greve-de-la-faim-20251003_KOLMW6CMHBGU3IXLPNIW5RF&lt;\/p&gt;&lt;\/div&gt;&lt;\/article&gt;&lt;\/div&gt;&lt;div data-fusion-lazy-id=\" f0f8vgvlad832fw=\"\" target=\"_blank\" rel=\"noopener\"><\/p>\n","protected":false},"excerpt":{"rendered":"Toutes les places sont vendues. Et pourtant, si l\u2019\u00e9v\u00e8nement veut remettre au go\u00fbt du jour une France au&hellip;\n","protected":false},"author":2,"featured_media":513092,"comment_status":"","ping_status":"","sticky":false,"template":"","format":"standard","meta":{"footnotes":""},"categories":[4],"tags":[11,829,1076,1011,27,12,24249,25],"class_list":{"0":"post-513091","1":"post","2":"type-post","3":"status-publish","4":"format-standard","5":"has-post-thumbnail","7":"category-france","8":"tag-actualites","9":"tag-bretagne","10":"tag-extreme-droite","11":"tag-fr","12":"tag-france","13":"tag-news","14":"tag-pierre-edouard-sterin","15":"tag-republique-francaise"},"share_on_mastodon":{"url":"https:\/\/pubeurope.com\/@fr\/115496123440175761","error":""},"_links":{"self":[{"href":"https:\/\/www.europesays.com\/fr\/wp-json\/wp\/v2\/posts\/513091","targetHints":{"allow":["GET"]}}],"collection":[{"href":"https:\/\/www.europesays.com\/fr\/wp-json\/wp\/v2\/posts"}],"about":[{"href":"https:\/\/www.europesays.com\/fr\/wp-json\/wp\/v2\/types\/post"}],"author":[{"embeddable":true,"href":"https:\/\/www.europesays.com\/fr\/wp-json\/wp\/v2\/users\/2"}],"replies":[{"embeddable":true,"href":"https:\/\/www.europesays.com\/fr\/wp-json\/wp\/v2\/comments?post=513091"}],"version-history":[{"count":0,"href":"https:\/\/www.europesays.com\/fr\/wp-json\/wp\/v2\/posts\/513091\/revisions"}],"wp:featuredmedia":[{"embeddable":true,"href":"https:\/\/www.europesays.com\/fr\/wp-json\/wp\/v2\/media\/513092"}],"wp:attachment":[{"href":"https:\/\/www.europesays.com\/fr\/wp-json\/wp\/v2\/media?parent=513091"}],"wp:term":[{"taxonomy":"category","embeddable":true,"href":"https:\/\/www.europesays.com\/fr\/wp-json\/wp\/v2\/categories?post=513091"},{"taxonomy":"post_tag","embeddable":true,"href":"https:\/\/www.europesays.com\/fr\/wp-json\/wp\/v2\/tags?post=513091"}],"curies":[{"name":"wp","href":"https:\/\/api.w.org\/{rel}","templated":true}]}}