{"id":513095,"date":"2025-11-05T08:23:09","date_gmt":"2025-11-05T08:23:09","guid":{"rendered":"https:\/\/www.europesays.com\/fr\/513095\/"},"modified":"2025-11-05T08:23:09","modified_gmt":"2025-11-05T08:23:09","slug":"un-homme-decouvert-mort-en-haut-dun-echafaudage","status":"publish","type":"post","link":"https:\/\/www.europesays.com\/fr\/513095\/","title":{"rendered":"un homme d\u00e9couvert mort en haut d&rsquo;un \u00e9chafaudage"},"content":{"rendered":"<p>            Par<br \/>\n        <strong><br \/>\n            <a href=\"https:\/\/actu.fr\/auteur\/mathias-souteyrat\" title=\"Consulter tous les articles de Mathias Souteyrat\" rel=\"nofollow noopener\" target=\"_blank\">Mathias Souteyrat<\/a><br \/>\n        <\/strong><\/p>\n<p>        Publi\u00e9 le<\/p>\n<p>            5 nov. 2025 \u00e0 9h14        <\/p>\n<p>Terrible d\u00e9couverte ce mercredi 5\u00a0novembre vers 7\u00a0heures.<\/p>\n<p class=\" wall-content\">Un homme \u00e2g\u00e9 d\u2019une trentaine d\u2019ann\u00e9es a \u00e9t\u00e9 retrouv\u00e9 mort pendu \u00e0 deux m\u00e8tres de haut sur un \u00e9chafaudage mis en \u0153uvre sur la voie publique d\u2019un b\u00e2timent municipal, place de l\u2019h\u00f4tel-Dieu \u00e0 <a href=\"https:\/\/actu.fr\/auvergne-rhone-alpes\/saint-chamond_42207\" rel=\"nofollow noopener\" target=\"_blank\">Saint-Chamond<\/a> (Loire), pr\u00e8s de <a href=\"https:\/\/actu.fr\/saint-etienne\/\" rel=\"nofollow noopener\" target=\"_blank\">Saint-\u00c9tienne<\/a>.<\/p>\n<p>Un obstacle m\u00e9dico-l\u00e9gal install\u00e9<\/p>\n<p class=\" wall-content\">L\u2019homme a \u00e9t\u00e9 d\u00e9clar\u00e9 d\u00e9c\u00e9d\u00e9 par le m\u00e9decin du SMUR avec l\u2019\u00e9mission d\u2019un obstacle m\u00e9dico-l\u00e9gal.<\/p>\n<p class=\" wall-content\">Le corps a \u00e9t\u00e9 d\u00e9pendu, il sera pris en charge par les pompes fun\u00e8bres, pr\u00e9cisent les sapeurs-pompiers.<\/p>\n<p class=\" wall-content\">Un repr\u00e9sentant de l\u2019autorit\u00e9 municipale est sur les lieux. Un officier de <strong>police<\/strong> se rend sur place.<\/p>\n<p class=\" wall-content\">Personnalisez votre actualit\u00e9 en ajoutant vos villes et m\u00e9dias en favori avec <a href=\"https:\/\/moncompte.actu.fr\" title=\"D\u00e9couvez Mon Actu\" rel=\"nofollow noopener\" data-trk=\"{&quot;cta&quot;:{&quot;action&quot;:&quot;https:\\\/\\\/moncompte.actu.fr&quot;,&quot;category&quot;:&quot;mon compte&quot;,&quot;from&quot;:&quot;article footer&quot;,&quot;name&quot;:&quot;Mon actu&quot;,&quot;type&quot;:&quot;cta&quot;}}\" target=\"_blank\">Mon Actu<\/a>.<\/p>\n","protected":false},"excerpt":{"rendered":"Par Mathias Souteyrat Publi\u00e9 le 5 nov. 2025 \u00e0 9h14 Terrible d\u00e9couverte ce mercredi 5\u00a0novembre vers 7\u00a0heures. Un&hellip;\n","protected":false},"author":2,"featured_media":513096,"comment_status":"","ping_status":"","sticky":false,"template":"","format":"standard","meta":{"footnotes":""},"categories":[9653],"tags":[1111,11,2430,1777,674,118,1011,27,12,1311,25,4001],"class_list":{"0":"post-513095","1":"post","2":"type-post","3":"status-publish","4":"format-standard","5":"has-post-thumbnail","7":"category-saint-etienne","8":"tag-actu","9":"tag-actualites","10":"tag-auvergne-rhone-alpes","11":"tag-eu","12":"tag-europe","13":"tag-faits-divers","14":"tag-fr","15":"tag-france","16":"tag-news","17":"tag-pompiers","18":"tag-republique-francaise","19":"tag-saint-etienne"},"share_on_mastodon":{"url":"https:\/\/pubeurope.com\/@fr\/115496131429192536","error":""},"_links":{"self":[{"href":"https:\/\/www.europesays.com\/fr\/wp-json\/wp\/v2\/posts\/513095","targetHints":{"allow":["GET"]}}],"collection":[{"href":"https:\/\/www.europesays.com\/fr\/wp-json\/wp\/v2\/posts"}],"about":[{"href":"https:\/\/www.europesays.com\/fr\/wp-json\/wp\/v2\/types\/post"}],"author":[{"embeddable":true,"href":"https:\/\/www.europesays.com\/fr\/wp-json\/wp\/v2\/users\/2"}],"replies":[{"embeddable":true,"href":"https:\/\/www.europesays.com\/fr\/wp-json\/wp\/v2\/comments?post=513095"}],"version-history":[{"count":0,"href":"https:\/\/www.europesays.com\/fr\/wp-json\/wp\/v2\/posts\/513095\/revisions"}],"wp:featuredmedia":[{"embeddable":true,"href":"https:\/\/www.europesays.com\/fr\/wp-json\/wp\/v2\/media\/513096"}],"wp:attachment":[{"href":"https:\/\/www.europesays.com\/fr\/wp-json\/wp\/v2\/media?parent=513095"}],"wp:term":[{"taxonomy":"category","embeddable":true,"href":"https:\/\/www.europesays.com\/fr\/wp-json\/wp\/v2\/categories?post=513095"},{"taxonomy":"post_tag","embeddable":true,"href":"https:\/\/www.europesays.com\/fr\/wp-json\/wp\/v2\/tags?post=513095"}],"curies":[{"name":"wp","href":"https:\/\/api.w.org\/{rel}","templated":true}]}}