{"id":51310,"date":"2025-04-25T08:36:12","date_gmt":"2025-04-25T08:36:12","guid":{"rendered":"https:\/\/www.europesays.com\/fr\/51310\/"},"modified":"2025-04-25T08:36:12","modified_gmt":"2025-04-25T08:36:12","slug":"le-poitevin-franco-massimino-ne-fera-pas-de-cadeau-a-chaumont-en-demi-finale","status":"publish","type":"post","link":"https:\/\/www.europesays.com\/fr\/51310\/","title":{"rendered":"le Poitevin Franco Massimino ne fera pas de cadeau \u00e0 Chaumont en demi-finale"},"content":{"rendered":"<p><strong>Chaumont\u00a0&#8211; Alterna Stade Poitevin<\/strong><\/p>\n<p>Le voyage pour Chaumont fut beaucoup moins long ce jeudi qu\u2019il y a cinq ans. Apr\u00e8s tout, qu\u2019est-ce qu\u2019un peu plus de cinq heures de route quand, \u00e0 l\u2019\u00e9t\u00e9 2019, Franco Massimino, sa femme et ses deux enfants s\u2019\u00e9taient envol\u00e9s d\u2019Argentine pour rallier la Haute-Marne et d\u00e9couvrir l\u2019Europe\u00a0? Rien ou si peu\u2026 pour raviver autant de souvenirs \u00ab\u00a0sur et en dehors du terrain\u00a0\u00bb et retrouver tellement d\u2019amis.<\/p>\n<p>Ceux qu\u2019il a construits et tous ceux qui l\u2019ont entour\u00e9 durant trois saisons au CVB 52. Trois lettres et deux num\u00e9ros qu\u2019il a d\u00e9fendus avec passion et fait briller avec une Supercoupe et une Coupe de France remport\u00e9es en\u00a02021 et\u00a02022. \u00ab\u00a0C\u2019est la seule et unique gagn\u00e9e par Chaumont, sourit le libero argentin, qui avait \u00e9galement disput\u00e9 la finale du championnat en 2021. C\u2019est important de rester dans l\u2019histoire d\u2019un club.\u00a0\u00bb Surtout quand celle-ci marque son propre parcours de vie.<\/p>\n<p>\u00ab\u00a0Quand on affronte son ancienne \u00e9quipe, il faut gagner\u00a0\u00bb<\/p>\n<p>Celui d\u2019un \u00ab\u00a0exil\u00e9\u00a0\u00bb parti de San Juan, dans la vall\u00e9e Del Tullum, pour atterrir dans la petite cit\u00e9 chaumontaise d\u2019un peu plus de vingt milles d\u2019habitants. Rien ne semble rapprocher les deux villes\u2026 si ce n\u2019est l\u2019ambiance du d\u00e9suet gymnase Jean-Masson, o\u00f9 le Sud-Am\u00e9ricain a \u00e9volu\u00e9 durant deux saisons avant de d\u00e9couvrir Palestra. \u00ab\u00a0\u00c7a me rappelait l\u2019Argentine, glisse Patxi. C\u2019\u00e9tait magnifique, les supporters \u00e9taient \u00e0 deux m\u00e8tres des joueurs, en \u00e9tant super respectueux. J\u2019y ai v\u00e9cu de tr\u00e8s bons moments m\u00eame si le plafond \u00e9tait bas.\u00a0\u00bb Mais il ne lui est jamais tomb\u00e9 sur la t\u00eate, m\u00eame si l\u2019adaptation ne fut pas forc\u00e9ment simple.<\/p>\n<p><img alt=\"Les forces en pr\u00e9sence.\" loading=\"lazy\" width=\"980\" height=\"573\" decoding=\"async\" data-nimg=\"1\" class=\"img-responsive spinner-show\" style=\"color:transparent;background-size:cover;background-position:50% 50%;background-repeat:no-repeat;background-image:url(&quot;data:image\/svg+xml;charset=utf-8,%3Csvg xmlns=\" http:=\"\" viewbox=\"0 0 980 573\" id=\"b\" color-interpolation-filters=\"sRGB\" stddeviation=\"20\" values=\"1 0 0 0 0 0 1 0 0 0 0 0 1 0 0 0 0 0 100 -1\" result=\"s\" x=\"0\" y=\"0\" operator=\"out\" in=\"s\" in2=\"SourceGraphic\" preserveaspectratio=\"none\" href=\"https:\/\/images.lanouvellerepublique.fr\/image\/upload\/t_88w\/f_auto\/680a401cf72cd5b16e8b45ac.jpg\"   src=\"https:\/\/www.europesays.com\/fr\/wp-content\/uploads\/2025\/04\/680a401cf72cd5b16e8b45ac.jpg\"\/><\/p>\n<p style=\"background-color:#F2F2F2;padding:5px;margin-top:0px;margin-bottom:10px\">Les forces en pr\u00e9sence.<br \/> \u00a9 (Infographie NR-CP)<\/p>\n<p>Heureusement, Franco Massimino et les siens furent entour\u00e9s et \u00e9paul\u00e9s. \u00ab\u00a0La premi\u00e8re ann\u00e9e fut un peu difficile mais tout le monde nous aidait. Cette ville n\u2019est pas grande et c\u2019\u00e9tait mieux pour nous. Je n\u2019ai que des mercis \u00e0 dire aux gens de Chaumont.\u00a0\u00bb \u00c0 commencer par l\u2019un des plus embl\u00e9matiques d\u2019entre eux\u00a0: Silvano Prandi. Le libero argentin a jou\u00e9 trois saisons pour \u00ab\u00a0Il Professore\u00a0\u00bb, dont le surnom n\u2019est pas galvaud\u00e9 \u00e0 \u00e9couter l\u2019Argentin. \u00ab\u00a0C\u2019est un tr\u00e8s grand entra\u00eeneur, il n\u2019est pas au Hall of Fame du volley\u00a0pour rien, rappelle Patxi. Il est incroyable et aussi sp\u00e9cial car il a un caract\u00e8re un peu particulier.\u00a0On sait bien que 75, 76\u00a0ans (77\u00a0ans en r\u00e9alit\u00e9), ce n\u2019est pas la m\u00eame g\u00e9n\u00e9ration qu\u2019aujourd\u2019hui. Il a ses habitudes, il est gentil mais il ne parle pas beaucoup, il est solitaire. Il a son caract\u00e8re aussi et il faut l\u2019accepter. Mais si tu travailles sur le terrain, il te fera confiance.\u00a0\u00bb Comme ce fut le cas en le prolongeant au terme d\u2019un premier exercice chaumontais avec des hauts et des bas.<\/p>\n<p>\u00ab\u00a0Je lui en suis vraiment reconnaissant, assure le libero sud-am\u00e9ricain qui f\u00eatera son 37e\u00a0anniversaire le 23\u00a0mai prochain. On a une relation sp\u00e9ciale car on a pass\u00e9 l\u2019\u00e9t\u00e9 ensemble durant la p\u00e9riode Covid, \u00e0 Chaumont. Lui et sa femme, moi et ma famille. On adore Silvano.\u00a0\u00bb Mais les sentiments resteront aux vestiaires. Comme lors de ses deux succ\u00e8s en saison r\u00e9guli\u00e8re d\u00e9croch\u00e9s avec Nantes-Rez\u00e9 lors des deux derniers exercices, marqu\u00e9s \u00e9galement par un revers en demi-finale retour en 2023. <a target=\"_self\" href=\"https:\/\/www.lanouvellerepublique.fr\/poitiers\/msl-la-belle-montee-en-puissance-de-l-alterna-stade-poitevin\" rel=\"nofollow noopener\">Comme le 4\u00a0octobre dernier, \u00e9galement, quand, aux c\u00f4t\u00e9s d\u2019Earvin Ngapeth ou Dusan Nikolic, Patxi avait effectu\u00e9 un nouveau retour gagnant \u00e0 Palestra (0-3) sous les couleurs de l\u2019Alterna Stade Poitevin.<\/a>\u00a0\u00ab\u00a0C\u2019est toujours un grand plaisir de retourner dans mon premier club en France, assure-t-il. Mais, en Argentine, on a une loi, la loi de l\u2019ex. Quand on affronte son ancienne \u00e9quipe, il faut gagner. Je ferai tout pour \u00e7a.\u00a0\u00bb Malgr\u00e9 l&rsquo;accueil sympa qui l&rsquo;attend \u00e0 Palestra, Franco Massimino n\u2019est pas d\u00e9cid\u00e9 \u00e0 faire de cadeau\u2026<\/p>\n<p>\u00a0<\/p>\n","protected":false},"excerpt":{"rendered":"Chaumont\u00a0&#8211; Alterna Stade Poitevin Le voyage pour Chaumont fut beaucoup moins long ce jeudi qu\u2019il y a cinq&hellip;\n","protected":false},"author":2,"featured_media":51311,"comment_status":"","ping_status":"","sticky":false,"template":"","format":"standard","meta":{"footnotes":""},"categories":[1417],"tags":[1392,1654,1011,27,1655,1653,60,1584,1470,1469],"class_list":{"0":"post-51310","1":"post","2":"type-post","3":"status-publish","4":"format-standard","5":"has-post-thumbnail","7":"category-volley","8":"tag-a-la-une-local","9":"tag-alterna-stade-poitevin-volley-ball","10":"tag-fr","11":"tag-france","12":"tag-ligue-a","13":"tag-poitiers","14":"tag-sports","15":"tag-vienne","16":"tag-volley","17":"tag-volleyball"},"share_on_mastodon":{"url":"https:\/\/pubeurope.com\/@fr\/114397694144278057","error":""},"_links":{"self":[{"href":"https:\/\/www.europesays.com\/fr\/wp-json\/wp\/v2\/posts\/51310","targetHints":{"allow":["GET"]}}],"collection":[{"href":"https:\/\/www.europesays.com\/fr\/wp-json\/wp\/v2\/posts"}],"about":[{"href":"https:\/\/www.europesays.com\/fr\/wp-json\/wp\/v2\/types\/post"}],"author":[{"embeddable":true,"href":"https:\/\/www.europesays.com\/fr\/wp-json\/wp\/v2\/users\/2"}],"replies":[{"embeddable":true,"href":"https:\/\/www.europesays.com\/fr\/wp-json\/wp\/v2\/comments?post=51310"}],"version-history":[{"count":0,"href":"https:\/\/www.europesays.com\/fr\/wp-json\/wp\/v2\/posts\/51310\/revisions"}],"wp:featuredmedia":[{"embeddable":true,"href":"https:\/\/www.europesays.com\/fr\/wp-json\/wp\/v2\/media\/51311"}],"wp:attachment":[{"href":"https:\/\/www.europesays.com\/fr\/wp-json\/wp\/v2\/media?parent=51310"}],"wp:term":[{"taxonomy":"category","embeddable":true,"href":"https:\/\/www.europesays.com\/fr\/wp-json\/wp\/v2\/categories?post=51310"},{"taxonomy":"post_tag","embeddable":true,"href":"https:\/\/www.europesays.com\/fr\/wp-json\/wp\/v2\/tags?post=51310"}],"curies":[{"name":"wp","href":"https:\/\/api.w.org\/{rel}","templated":true}]}}