{"id":513131,"date":"2025-11-05T08:44:10","date_gmt":"2025-11-05T08:44:10","guid":{"rendered":"https:\/\/www.europesays.com\/fr\/513131\/"},"modified":"2025-11-05T08:44:10","modified_gmt":"2025-11-05T08:44:10","slug":"un-homme-brule-et-intoxique-apres-un-incendie-dans-le-centre-ville","status":"publish","type":"post","link":"https:\/\/www.europesays.com\/fr\/513131\/","title":{"rendered":"un homme br\u00fbl\u00e9 et intoxiqu\u00e9 apr\u00e8s un incendie dans le centre-ville"},"content":{"rendered":"<p>            Par<br \/>\n        <strong><br \/>\n            <a href=\"https:\/\/actu.fr\/auteur\/thomas-bernard\" title=\"Consulter tous les articles de Thomas Bernard\" target=\"_blank\" rel=\"noopener\">Thomas Bernard<\/a><br \/>\n        <\/strong><\/p>\n<p>        Publi\u00e9 le<\/p>\n<p>            5 nov. 2025 \u00e0 9h26        <\/p>\n<p>Peu apr\u00e8s 1h30, ce mercredi 5\u00a0novembre 2025, les pompiers sont intervenus pour un incendie dans un immeuble d\u2019habitation de quatre \u00e9tages, rue du Cou\u00ebdic, dans le centre-ville de Nantes. <strong>Les pompiers ont \u00e9vacu\u00e9 12\u00a0personnes<\/strong> (dix mises en s\u00e9curit\u00e9 et deux sauvetages).<\/p>\n<p>    <a href=\"https:\/\/www.google.com\/maps\/embed?pb=!1m18!1m12!1m3!1d569.7333915082694!2d-1.557486245238044!3d47.21415576444169!2m3!1f0!2f0!3f0!3m2!1i1024!2i768!4f13.1!3m3!1m2!1s0x4805eea633062c77%3A0x76a34cab3d8c074d!2sRue%20du%20Cou%C3%ABdic%2C%2044036%20Nantes!5e0!3m2!1sfr!2sfr!4v1762330528142!5m2!1sfr!2sfr\" title=\"Ouvrie le lien\" target=\"_blank\" rel=\"noopener\">Cliquez ici pour visualiser le contenu<\/a><\/p>\n<p>Un homme de 26\u00a0ans transport\u00e9 dans un \u00e9tat grave au CHU<\/p>\n<p class=\" wall-content\">L\u2019extinction de l\u2019incendie a \u00e9t\u00e9 r\u00e9alis\u00e9e au moyen d\u2019une lance. Les 12\u00a0personnes ont \u00e9t\u00e9 \u00e9vacu\u00e9es dans un h\u00f4tel de la rue du Cou\u00ebdic.<\/p>\n<p class=\" wall-content\">Selon le centre op\u00e9rationnel d\u00e9partemental d\u2019incendie et de secours (Codis), <strong>un homme de 26\u00a0ans, br\u00fbl\u00e9 et intoxiqu\u00e9, a \u00e9t\u00e9 transport\u00e9 dans un \u00e9tat grave au CHU de Nantes<\/strong>. Les 11 autres personnes n\u2019ont pas \u00e9t\u00e9 transport\u00e9es vers une structure hospitali\u00e8re.<\/p>\n<p class=\" wall-content\">Dix appartements ont \u00e9t\u00e9 impact\u00e9s par l\u2019incendie, du relogement est pr\u00e9vu pour l\u2019ensemble de la cage d\u2019escalier n\u00b011.<\/p>\n<p class=\" wall-content\">Personnalisez votre actualit\u00e9 en ajoutant vos villes et m\u00e9dias en favori avec <a href=\"https:\/\/moncompte.actu.fr\" title=\"D\u00e9couvez Mon Actu\" rel=\"nofollow noopener\" data-trk=\"{&quot;cta&quot;:{&quot;action&quot;:&quot;https:\\\/\\\/moncompte.actu.fr&quot;,&quot;category&quot;:&quot;mon compte&quot;,&quot;from&quot;:&quot;article footer&quot;,&quot;name&quot;:&quot;Mon actu&quot;,&quot;type&quot;:&quot;cta&quot;}}\" target=\"_blank\">Mon Actu<\/a>.<\/p>\n","protected":false},"excerpt":{"rendered":"Par Thomas Bernard Publi\u00e9 le 5 nov. 2025 \u00e0 9h26 Peu apr\u00e8s 1h30, ce mercredi 5\u00a0novembre 2025, les&hellip;\n","protected":false},"author":2,"featured_media":129639,"comment_status":"","ping_status":"","sticky":false,"template":"","format":"standard","meta":{"footnotes":""},"categories":[2818],"tags":[1111,11,1777,674,118,1011,27,1310,766,12,2636,1311,25],"class_list":{"0":"post-513131","1":"post","2":"type-post","3":"status-publish","4":"format-standard","5":"has-post-thumbnail","7":"category-nantes","8":"tag-actu","9":"tag-actualites","10":"tag-eu","11":"tag-europe","12":"tag-faits-divers","13":"tag-fr","14":"tag-france","15":"tag-incendie","16":"tag-nantes","17":"tag-news","18":"tag-pays-de-la-loire","19":"tag-pompiers","20":"tag-republique-francaise"},"share_on_mastodon":{"url":"https:\/\/pubeurope.com\/@fr\/115496213950961685","error":""},"_links":{"self":[{"href":"https:\/\/www.europesays.com\/fr\/wp-json\/wp\/v2\/posts\/513131","targetHints":{"allow":["GET"]}}],"collection":[{"href":"https:\/\/www.europesays.com\/fr\/wp-json\/wp\/v2\/posts"}],"about":[{"href":"https:\/\/www.europesays.com\/fr\/wp-json\/wp\/v2\/types\/post"}],"author":[{"embeddable":true,"href":"https:\/\/www.europesays.com\/fr\/wp-json\/wp\/v2\/users\/2"}],"replies":[{"embeddable":true,"href":"https:\/\/www.europesays.com\/fr\/wp-json\/wp\/v2\/comments?post=513131"}],"version-history":[{"count":0,"href":"https:\/\/www.europesays.com\/fr\/wp-json\/wp\/v2\/posts\/513131\/revisions"}],"wp:featuredmedia":[{"embeddable":true,"href":"https:\/\/www.europesays.com\/fr\/wp-json\/wp\/v2\/media\/129639"}],"wp:attachment":[{"href":"https:\/\/www.europesays.com\/fr\/wp-json\/wp\/v2\/media?parent=513131"}],"wp:term":[{"taxonomy":"category","embeddable":true,"href":"https:\/\/www.europesays.com\/fr\/wp-json\/wp\/v2\/categories?post=513131"},{"taxonomy":"post_tag","embeddable":true,"href":"https:\/\/www.europesays.com\/fr\/wp-json\/wp\/v2\/tags?post=513131"}],"curies":[{"name":"wp","href":"https:\/\/api.w.org\/{rel}","templated":true}]}}