{"id":51314,"date":"2025-04-25T08:38:09","date_gmt":"2025-04-25T08:38:09","guid":{"rendered":"https:\/\/www.europesays.com\/fr\/51314\/"},"modified":"2025-04-25T08:38:09","modified_gmt":"2025-04-25T08:38:09","slug":"wta-madrid-iga-swiatek-va-t-elle-sourire-un-jour-elle-pretend-que-oui-jessaie-vraiment-me-detendre-sur-le-court","status":"publish","type":"post","link":"https:\/\/www.europesays.com\/fr\/51314\/","title":{"rendered":"WTA &#8211; Madrid > Iga Swiatek va-t-elle sourire un jour ?Elle pr\u00e9tend que oui : \u00ab\u00a0J&rsquo;essaie vraiment me d\u00e9tendre sur le court\u00a0\u00bb"},"content":{"rendered":"<p>Ce qu\u2019il y a de trou\u00adblant quand on regarde un match de Swiatek c\u2019est que l\u2019on n\u2019a jamais l\u2019im\u00adpres\u00adsion qu\u2019elle est heureuse. Hier encore, elle faisait la \u00ab\u202fgueule\u202f\u00bb pendant une grande partie de son match face \u00e0 l\u2019es\u00adpoir Alexandra Eala (4\u22126, 6\u20134, 6\u20132). On a donc l\u2019im\u00adpres\u00adsion que la joueuse polo\u00adnaise est toujours en souffrance.<\/p>\n<p>En conf\u00e9\u00adrence de presse, elle a pour\u00adtant affirm\u00e9 qu\u2019elle voulait \u00e9voluer et moins souf\u00adfrir menta\u00adle\u00adment. Ce que l\u2019on a du mal \u00e0 perce\u00advoir pour le moment.<\/p>\n<p><strong>\u00ab\u202fCe n\u2019\u00e9tait pas facile et ce n\u2019\u00e9tait pas toujours positif, car \u00e9videm\u00adment je sais comment je peux jouer et j\u2019\u00e9tais s\u00fbr que je ne jouais pas mon jeu. Mais honn\u00ea\u00adte\u00adment, je ne sais pas, les derni\u00e8res semaines n\u2019ont pas \u00e9t\u00e9 faciles en g\u00e9n\u00e9ral, alors j\u2019es\u00adsaie vrai\u00adment de me d\u00e9tendre et de me concen\u00adtrer unique\u00adment sur le point suivant. J\u2019essaie de retrouver un peu de confiance et de ne pas me tuer avec ces pens\u00e9es sur les matchs pr\u00e9c\u00e9\u00addents et les points pr\u00e9c\u00e9\u00addents. Je sais que je suis sur le point de trouver mon rythme\u202f\u00bb<\/strong><\/p>\n<p class=\"post-published-date\" style=\"color: silver; font-size: 75%; text-align: left;\">Publi\u00e9 le vendredi 25 avril 2025 \u00e0 08:45<\/p>\n","protected":false},"excerpt":{"rendered":"Ce qu\u2019il y a de trou\u00adblant quand on regarde un match de Swiatek c\u2019est que l\u2019on n\u2019a jamais&hellip;\n","protected":false},"author":2,"featured_media":51315,"comment_status":"","ping_status":"","sticky":false,"template":"","format":"standard","meta":{"footnotes":""},"categories":[1415],"tags":[1011,27,2200,60,1467],"class_list":{"0":"post-51314","1":"post","2":"type-post","3":"status-publish","4":"format-standard","5":"has-post-thumbnail","7":"category-tennis","8":"tag-fr","9":"tag-france","10":"tag-iga-swiatek","11":"tag-sports","12":"tag-tennis"},"share_on_mastodon":{"url":"https:\/\/pubeurope.com\/@fr\/114397701921894143","error":""},"_links":{"self":[{"href":"https:\/\/www.europesays.com\/fr\/wp-json\/wp\/v2\/posts\/51314","targetHints":{"allow":["GET"]}}],"collection":[{"href":"https:\/\/www.europesays.com\/fr\/wp-json\/wp\/v2\/posts"}],"about":[{"href":"https:\/\/www.europesays.com\/fr\/wp-json\/wp\/v2\/types\/post"}],"author":[{"embeddable":true,"href":"https:\/\/www.europesays.com\/fr\/wp-json\/wp\/v2\/users\/2"}],"replies":[{"embeddable":true,"href":"https:\/\/www.europesays.com\/fr\/wp-json\/wp\/v2\/comments?post=51314"}],"version-history":[{"count":0,"href":"https:\/\/www.europesays.com\/fr\/wp-json\/wp\/v2\/posts\/51314\/revisions"}],"wp:featuredmedia":[{"embeddable":true,"href":"https:\/\/www.europesays.com\/fr\/wp-json\/wp\/v2\/media\/51315"}],"wp:attachment":[{"href":"https:\/\/www.europesays.com\/fr\/wp-json\/wp\/v2\/media?parent=51314"}],"wp:term":[{"taxonomy":"category","embeddable":true,"href":"https:\/\/www.europesays.com\/fr\/wp-json\/wp\/v2\/categories?post=51314"},{"taxonomy":"post_tag","embeddable":true,"href":"https:\/\/www.europesays.com\/fr\/wp-json\/wp\/v2\/tags?post=51314"}],"curies":[{"name":"wp","href":"https:\/\/api.w.org\/{rel}","templated":true}]}}