{"id":513157,"date":"2025-11-05T08:59:10","date_gmt":"2025-11-05T08:59:10","guid":{"rendered":"https:\/\/www.europesays.com\/fr\/513157\/"},"modified":"2025-11-05T08:59:10","modified_gmt":"2025-11-05T08:59:10","slug":"une-ouverture-sous-tension-des-policiers-deja-en-place-devant-le-magasin","status":"publish","type":"post","link":"https:\/\/www.europesays.com\/fr\/513157\/","title":{"rendered":"une ouverture sous tension, des policiers d\u00e9j\u00e0 en place devant le magasin"},"content":{"rendered":"<p>            Par<br \/>\n        <strong><br \/>\n            <a href=\"https:\/\/actu.fr\/auteur\/redaction-paris\" title=\"Consulter tous les articles de R\u00e9daction Paris\" rel=\"nofollow noopener\" target=\"_blank\">R\u00e9daction Paris<\/a><br \/>\n        <\/strong><\/p>\n<p>        Publi\u00e9 le<\/p>\n<p>            5 nov. 2025 \u00e0 8h49        <\/p>\n<p>Apr\u00e8s des <a href=\"https:\/\/actu.fr\/ile-de-france\/paris_75056\/polemique-shein-au-bhv-disneyland-paris-renonce-a-l-installation-de-sa-boutique-de-noel_63345813.html\" rel=\"nofollow noopener\" target=\"_blank\">semaines de pol\u00e9miques<\/a>, le <a href=\"https:\/\/actu.fr\/ile-de-france\/paris_75056\/shein-au-bhv-on-connait-la-date-et-l-heure-d-ouverture-du-premier-magasin-du-geant-de-la-fast-fashion-a-paris_63376245.html\" rel=\"nofollow noopener\" target=\"_blank\">jour J est arriv\u00e9<\/a>. Ce mercredi 5 novembre 2025, \u00e0 13 heures, les premiers clients pourront monter au <strong>6\u1d49 \u00e9tage<\/strong> du BHV et d\u00e9couvrir pour la premi\u00e8re fois les collections de Shein dans un espace de 1 200 m\u00b2. Une inauguration sous haute tension : des forces de <a href=\"https:\/\/actu.fr\/tag\/police\" rel=\"nofollow noopener\" target=\"_blank\">police<\/a> \u00e9taient pr\u00e9sentes d\u00e8s mardi 4 novembre au soir autour du magasin.<\/p>\n<p>Des manifestations devant les portes\u00a0<\/p>\n<p class=\" wall-content\">De son c\u00f4t\u00e9, Patrice Faure, le <a href=\"https:\/\/actu.fr\/tag\/prefecture-de-police-de-paris\" rel=\"nofollow noopener\" target=\"_blank\">pr\u00e9fet de police de Paris<\/a>, assure suivre l\u2019inauguration avec une \u00ab attention toute particuli\u00e8re \u00bb afin de garantir \u00ab la s\u00e9curit\u00e9 \u00e0 la fois de nos concitoyens, mais aussi des infrastructures \u00bb. En d\u00e9but de semaine, <a href=\"https:\/\/actu.fr\/ile-de-france\/paris_75056\/vente-de-poupees-pedopornographiques-sur-shein-une-manifestation-avant-l-arrivee-du-geant-chinois-au-bhv_63388716.html\" rel=\"nofollow noopener\" target=\"_blank\">plusieurs actions<\/a> ont eu lieu devant les portes du BHV. \u00c0 quelques heures d\u2019intervalle, l\u2019association Mouv\u2019Enfants puis les Femen ont manifest\u00e9 apr\u00e8s la d\u00e9couverte, sur Shein, de poup\u00e9es sexuelles p\u00e9dopornographiques.<\/p>\n<p class=\" wall-content\">\n<p class=\" wall-content\">L\u2019arriv\u00e9e de la plateforme, fond\u00e9e en 2012 en Chine et d\u00e9sormais bas\u00e9e \u00e0 Singapour, cristallise les tensions autour de la r\u00e9gulation du commerce en ligne et de la mode jetable ultra-\u00e9ph\u00e9m\u00e8re. Depuis son annonce d\u00e9but octobre, le gouvernement, la mairie de Paris, des \u00e9lus, des associations et des acteurs du secteur textile fran\u00e7ais ont fustig\u00e9 son implantation en France. Plusieurs marques implant\u00e9es au Bazar de l\u2019H\u00f4tel de Ville ont pr\u00e9f\u00e9r\u00e9 <a href=\"https:\/\/actu.fr\/ile-de-france\/paris_75056\/paris-ca-me-donne-la-nausee-face-a-l-arrivee-de-shein-au-bhv-plusieurs-marques-quittent-le-grand-magasin_63253635.html\" rel=\"nofollow noopener\" target=\"_blank\">d\u00e9serter le magasin parisien<\/a> plut\u00f4t que d\u2019\u00eatre associ\u00e9es \u00e0 Shein, d\u00e9non\u00e7ant un partenariat en contradiction avec leurs valeurs et leurs int\u00e9r\u00eats.<\/p>\n<p class=\" wall-content\">Avec AFP.<\/p>\n<p class=\" wall-content\">Personnalisez votre actualit\u00e9 en ajoutant vos villes et m\u00e9dias en favori avec <a href=\"https:\/\/moncompte.actu.fr\" title=\"D\u00e9couvez Mon Actu\" rel=\"nofollow noopener\" data-trk=\"{&quot;cta&quot;:{&quot;action&quot;:&quot;https:\\\/\\\/moncompte.actu.fr&quot;,&quot;category&quot;:&quot;mon compte&quot;,&quot;from&quot;:&quot;article footer&quot;,&quot;name&quot;:&quot;Mon actu&quot;,&quot;type&quot;:&quot;cta&quot;}}\" target=\"_blank\">Mon Actu<\/a>.<\/p>\n","protected":false},"excerpt":{"rendered":"Par R\u00e9daction Paris Publi\u00e9 le 5 nov. 2025 \u00e0 8h49 Apr\u00e8s des semaines de pol\u00e9miques, le jour J&hellip;\n","protected":false},"author":2,"featured_media":18220,"comment_status":"","ping_status":"","sticky":false,"template":"","format":"standard","meta":{"footnotes":""},"categories":[1888],"tags":[11,4753,215,1777,674,1011,27,12,626,1072,25,104],"class_list":{"0":"post-513157","1":"post","2":"type-post","3":"status-publish","4":"format-standard","5":"has-post-thumbnail","7":"category-paris","8":"tag-actualites","9":"tag-bhv","10":"tag-commerce","11":"tag-eu","12":"tag-europe","13":"tag-fr","14":"tag-france","15":"tag-news","16":"tag-paris","17":"tag-police","18":"tag-republique-francaise","19":"tag-societe"},"share_on_mastodon":{"url":"https:\/\/pubeurope.com\/@fr\/115496272883442503","error":""},"_links":{"self":[{"href":"https:\/\/www.europesays.com\/fr\/wp-json\/wp\/v2\/posts\/513157","targetHints":{"allow":["GET"]}}],"collection":[{"href":"https:\/\/www.europesays.com\/fr\/wp-json\/wp\/v2\/posts"}],"about":[{"href":"https:\/\/www.europesays.com\/fr\/wp-json\/wp\/v2\/types\/post"}],"author":[{"embeddable":true,"href":"https:\/\/www.europesays.com\/fr\/wp-json\/wp\/v2\/users\/2"}],"replies":[{"embeddable":true,"href":"https:\/\/www.europesays.com\/fr\/wp-json\/wp\/v2\/comments?post=513157"}],"version-history":[{"count":0,"href":"https:\/\/www.europesays.com\/fr\/wp-json\/wp\/v2\/posts\/513157\/revisions"}],"wp:featuredmedia":[{"embeddable":true,"href":"https:\/\/www.europesays.com\/fr\/wp-json\/wp\/v2\/media\/18220"}],"wp:attachment":[{"href":"https:\/\/www.europesays.com\/fr\/wp-json\/wp\/v2\/media?parent=513157"}],"wp:term":[{"taxonomy":"category","embeddable":true,"href":"https:\/\/www.europesays.com\/fr\/wp-json\/wp\/v2\/categories?post=513157"},{"taxonomy":"post_tag","embeddable":true,"href":"https:\/\/www.europesays.com\/fr\/wp-json\/wp\/v2\/tags?post=513157"}],"curies":[{"name":"wp","href":"https:\/\/api.w.org\/{rel}","templated":true}]}}