{"id":513164,"date":"2025-11-05T09:03:12","date_gmt":"2025-11-05T09:03:12","guid":{"rendered":"https:\/\/www.europesays.com\/fr\/513164\/"},"modified":"2025-11-05T09:03:12","modified_gmt":"2025-11-05T09:03:12","slug":"des-images-terribles-plusieurs-morts","status":"publish","type":"post","link":"https:\/\/www.europesays.com\/fr\/513164\/","title":{"rendered":"des images terribles, plusieurs morts"},"content":{"rendered":"<p class=\"app_entry_lead\">\n<p>                    <a title=\"\u00a0\u00a9\u00a0Sipa\" href=\"https:\/\/www.europesays.com\/fr\/wp-content\/uploads\/2025\/11\/82364828.jpg\" class=\"fancy\"><\/p>\n<p>                            <img loading=\"lazy\" decoding=\"async\" src=\"https:\/\/www.europesays.com\/fr\/wp-content\/uploads\/2025\/11\/82364828.jpg\" alt=\"Crash d'un avion UPS aux Etats-Unis\u00a0: des images terribles, plusieurs morts\" width=\"1500\" height=\"999\"\/><\/p>\n<p>                    <\/a><\/p>\n<p>                Un avion-cargo UPS s&rsquo;est \u00e9cras\u00e9 \u00e0 l&rsquo;a\u00e9roport international de Louisville, aux \u00c9tats-Unis, le 4\u00a0novem\u00f9bre. Le bilan s&rsquo;\u00e9l\u00e8ve pour l&rsquo;instant \u00e0 sept morts.<\/p>\n<p>Le drame s&rsquo;est produit mardi 4 novembre \u00e0 Louisville, dans le centre-est des aux \u00c9tats-Unis. Un avion-cargo s&rsquo;est \u00e9cras\u00e9 en g\u00e9n\u00e9rant une boule de feu peu, apr\u00e8s son d\u00e9collage de l&rsquo;a\u00e9roport de la ville. L&rsquo;accident a entra\u00een\u00e9 la mort de sept personnes, et a fait au moins 11 bless\u00e9s. Un bilan plus lourd est attendu.<\/p>\n<p>Le vol\u00a0UPS 2976 \u00e9tait en destination d&rsquo;Hawa\u00ef. Il \u00ab\u00a0s&rsquo;est \u00e9cras\u00e9 vers 17h15\u00a0heure locale\u00a0\u00bb a d\u00e9clar\u00e9 le r\u00e9gulateur am\u00e9ricain de l&rsquo;aviation, la FAA, identifiant l&rsquo;appareil comme un McDonnell Douglas MD-11. Au total, l&rsquo;avion avait\u00a0\u00ab\u00a0trois membres d&rsquo;\u00e9quipage \u00e0 son bord\u00a0\u00bb, a d\u00e9clar\u00e9 dans un communiqu\u00e9 s\u00e9par\u00e9 le transporteur UPS.<\/p>\n<p>Sur X, le gouverneur Andy Beshear a d\u00e9taill\u00e9 le bilan de l&rsquo;accident : \u00ab\u00a0Les nouvelles de Louisville sont difficiles ce soir, le bilan va sans doute augmenter\u00a0\u00bb. Des outils\u00a0de contr\u00f4le de la qualit\u00e9 de l&rsquo;air ont \u00e9t\u00e9 d\u00e9ploy\u00e9s selon le gouverneur.<\/p>\n<p>Dans une vid\u00e9o amatrice,\u00a0partag\u00e9e par la cha\u00eene locale WLKY, on voit le moteur gauche de l&rsquo;avion en feu\u00a0tandis que l&rsquo;appareil rase le sol en tentant de d\u00e9coller de la piste. L&rsquo;avion finit visiblement par exploser plus loin, provoquant un large panache de fum\u00e9e noire. Le crash s&rsquo;est produit \u00e0 pr\u00e8s de 5km de l&rsquo;a\u00e9roport, selon la police.<\/p>\n<p>D&rsquo;autres images, cette fois-ci provenant de chaines de t\u00e9l\u00e9vision locales,\u00a0montraient, peu apr\u00e8s le crash, un large brasier s&rsquo;\u00e9tendant sur plusieurs centaines de m\u00e8tres de long dans une zone de hangars et de parkings, avec les gyrophares des \u00e9quipes de secours \u00e0 proximit\u00e9. Le procureur a pr\u00e9cis\u00e9 qu'\u00a0\u00bb\u00e0 ce stade, nous pensons que la principale zone touch\u00e9e concerne deux entreprises\u00a0\u00bb.<\/p>\n<p>Les enqu\u00eateurs\u00a0de l&rsquo;Agence am\u00e9ricaine de s\u00e9curit\u00e9 des transports (NTSB) sont attendus sur place ce mercredi 5 octobre. Cet accident intervient au moment o\u00f9 les cons\u00e9quences de la paralysie budg\u00e9taire ont des r\u00e9percussions sur le domaine du transport a\u00e9rien. Depuis plusieurs semaines, des p\u00e9nuries de contr\u00f4leurs a\u00e9riens, travaillant depuis le 1er octobre sans \u00eatre r\u00e9mun\u00e9r\u00e9s, entra\u00eenent des retards et des annulations de vols dans tout le pays.<\/p>\n","protected":false},"excerpt":{"rendered":"Un avion-cargo UPS s&rsquo;est \u00e9cras\u00e9 \u00e0 l&rsquo;a\u00e9roport international de Louisville, aux \u00c9tats-Unis, le 4\u00a0novem\u00f9bre. Le bilan s&rsquo;\u00e9l\u00e8ve pour&hellip;\n","protected":false},"author":2,"featured_media":513165,"comment_status":"","ping_status":"","sticky":false,"template":"","format":"standard","meta":{"footnotes":""},"categories":[1589],"tags":[11,63408,51761,73,1866,51763,74,12,51767,1864,1865,1863,308],"class_list":{"0":"post-513164","1":"post","2":"type-post","3":"status-publish","4":"format-standard","5":"has-post-thumbnail","7":"category-etats-unis","8":"tag-actualites","9":"tag-cms-linternaute-9166427","10":"tag-controller-content","11":"tag-etats-unis","12":"tag-etats-unis-damerique","13":"tag-format-papier","14":"tag-monde","15":"tag-news","16":"tag-parallaxeinfeed","17":"tag-united-states","18":"tag-united-states-of-america","19":"tag-us","20":"tag-usa"},"share_on_mastodon":{"url":"https:\/\/pubeurope.com\/@fr\/115496288687006513","error":""},"_links":{"self":[{"href":"https:\/\/www.europesays.com\/fr\/wp-json\/wp\/v2\/posts\/513164","targetHints":{"allow":["GET"]}}],"collection":[{"href":"https:\/\/www.europesays.com\/fr\/wp-json\/wp\/v2\/posts"}],"about":[{"href":"https:\/\/www.europesays.com\/fr\/wp-json\/wp\/v2\/types\/post"}],"author":[{"embeddable":true,"href":"https:\/\/www.europesays.com\/fr\/wp-json\/wp\/v2\/users\/2"}],"replies":[{"embeddable":true,"href":"https:\/\/www.europesays.com\/fr\/wp-json\/wp\/v2\/comments?post=513164"}],"version-history":[{"count":0,"href":"https:\/\/www.europesays.com\/fr\/wp-json\/wp\/v2\/posts\/513164\/revisions"}],"wp:featuredmedia":[{"embeddable":true,"href":"https:\/\/www.europesays.com\/fr\/wp-json\/wp\/v2\/media\/513165"}],"wp:attachment":[{"href":"https:\/\/www.europesays.com\/fr\/wp-json\/wp\/v2\/media?parent=513164"}],"wp:term":[{"taxonomy":"category","embeddable":true,"href":"https:\/\/www.europesays.com\/fr\/wp-json\/wp\/v2\/categories?post=513164"},{"taxonomy":"post_tag","embeddable":true,"href":"https:\/\/www.europesays.com\/fr\/wp-json\/wp\/v2\/tags?post=513164"}],"curies":[{"name":"wp","href":"https:\/\/api.w.org\/{rel}","templated":true}]}}