{"id":513168,"date":"2025-11-05T09:05:21","date_gmt":"2025-11-05T09:05:21","guid":{"rendered":"https:\/\/www.europesays.com\/fr\/513168\/"},"modified":"2025-11-05T09:05:21","modified_gmt":"2025-11-05T09:05:21","slug":"les-commandes-a-lindustrie-un-peu-meilleures-que-prevu-en-septembre","status":"publish","type":"post","link":"https:\/\/www.europesays.com\/fr\/513168\/","title":{"rendered":"les commandes \u00e0 l&rsquo;industrie un peu meilleures que pr\u00e9vu en septembre"},"content":{"rendered":"<p>        &#13;<br \/>\n            <img decoding=\"async\" src=\"https:\/\/www.europesays.com\/fr\/wp-content\/uploads\/2025\/11\/39-c.jpg\" alt=\"bourse Cac 40\"\/><\/p>\n<p>(Zonebourse.com) &#8211; Les commandes \u00e0 l&rsquo;industrie en Allemagne ont enregistr\u00e9 un rebond un peu plus marqu\u00e9 que pr\u00e9vu en septembre gr\u00e2ce notamment \u00e0 un regain d&rsquo;activit\u00e9 dans le secteur de l&rsquo;automobile, selon des donn\u00e9es publi\u00e9es mercredi par l&rsquo;Office f\u00e9d\u00e9ral de la statistique.<\/p>\n<p>Les commandes industrielles ont augment\u00e9 de 1,1% sur un mois, apr\u00e8s avoir essuy\u00e9 un repli de 0,4% au mois d&rsquo;ao\u00fbt, alors que les \u00e9conomistes anticipaient en moyenne une progression de 1%.<\/p>\n<p>En excluant les tr\u00e8s grosses commandes, dont la comptabilisation tend \u00e0 d\u00e9former les donn\u00e9es, les commandes \u00e0 l&rsquo;industrie affichent une hausse encore plus nette de 1,9%.<\/p>\n<p>D&rsquo;apr\u00e8s Destatis, le redressement a \u00e9t\u00e9 principalement tir\u00e9 par le secteur automobile (+3,2%), suivi de celui des \u00e9quipements \u00e9lectriques (+9,5%) et des transports (avions, chantiers navals, ferroviaire, v\u00e9hicules militaires) pour lesquels les commandes ont augment\u00e9 de 7,5%.<\/p>\n<p>Dans le d\u00e9tail, les commandes pass\u00e9es depuis l&rsquo;\u00e9tranger ont augment\u00e9 de 3,5% en septembre, avec une hausse de 2,1% pour celles en provenance de la seule zone euro et de 4,3% des pays hors de la zone, alors que les commandes pass\u00e9es sur le sol allemand ont baiss\u00e9 de 2,5%.<\/p>\n<p>Si ces chiffres laissent entrevoir quelques signaux timides de stabilisation, l&rsquo;\u00e9conomie allemande reste frein\u00e9e par une demande industrielle encore trop fragile pour esp\u00e9rer une croissance solide, estiment les analystes.<\/p>\n<p>&lsquo;On ne voit toujours aucun signe d&rsquo;une reprise durable de la demande pour les biens d&rsquo;\u00e9quipement industriels allemands, laquelle ne devrait pas intervenir avant l&rsquo;ann\u00e9e prochaine, avec les premiers effets de la politique budg\u00e9taire fortement expansionniste du gouvernement&rsquo;, commentent ce matin les \u00e9quipes de Commerzbank.<\/p>\n<p>Copyright \u00a9 2025 Zonebourse.com &#8211; All rights reserved.<\/p>\n<p>&#13;<br \/>\n            &#13;<\/p>\n<p>Vous avez aim\u00e9 cet article ? Partagez-le avec vos amis avec les boutons ci-dessous.<\/p>\n<p>        <a target=\"_blank\" title=\"Twitter\" href=\"https:\/\/twitter.com\/share?url=https:\/\/www.abcbourse.com\/marches\/allemagne-les-commandes-a-l-industrie-un-peu-meilleures-que-prevu-en-septembre_679419&amp;text=Allemagne: les commandes \u00e0 l&#039;industrie un peu meilleures que pr\u00e9vu en septembre&amp;via=abcbourse\" rel=\"nofollow noopener\">&#13;<br \/>\n            <img decoding=\"async\" src=\"https:\/\/www.europesays.com\/fr\/wp-content\/uploads\/2025\/04\/share_twitter.png\" class=\"mr10\" alt=\"Twitter\"\/>&#13;<br \/>\n        <\/a><br \/>\n        <a target=\"_blank\" title=\"Facebook\" href=\"https:\/\/www.facebook.com\/sharer.php?u=https:\/\/www.abcbourse.com\/marches\/allemagne-les-commandes-a-l-industrie-un-peu-meilleures-que-prevu-en-septembre_679419&amp;t=Allemagne: les commandes \u00e0 l&#039;industrie un peu meilleures que pr\u00e9vu en septembre\" rel=\"nofollow noopener\">&#13;<br \/>\n            <img decoding=\"async\" src=\"https:\/\/www.europesays.com\/fr\/wp-content\/uploads\/2025\/10\/share_fb.png\" alt=\"Facebook\" class=\"mr10\"\/>&#13;<br \/>\n        <\/a><br \/>\n        <a target=\"_blank\" title=\"Linkedin\" href=\"https:\/\/www.linkedin.com\/shareArticle?mini=true&amp;url=https:\/\/www.abcbourse.com\/marches\/allemagne-les-commandes-a-l-industrie-un-peu-meilleures-que-prevu-en-septembre_679419&amp;title=Allemagne: les commandes \u00e0 l&#039;industrie un peu meilleures que pr\u00e9vu en septembre\" rel=\"nofollow noopener\">&#13;<br \/>\n            <img decoding=\"async\" src=\"https:\/\/www.europesays.com\/fr\/wp-content\/uploads\/2025\/04\/share_linkedin.png\" alt=\"Linkedin\" class=\"mr10\"\/>&#13;<br \/>\n        <\/a><br \/>\n        <a target=\"_blank\" title=\"Envoyer par mail\" href=\"http:\/\/www.abcbourse.com\/cdn-cgi\/l\/email-protection#8fb0fcfaede5eaecfbb2cee3e3eae2eee8e1eab5afe3eafcafece0e2e2eee1ebeafcaf4c2fafe3a8e6e1ebfafcfbfde6eaaffae1afffeafaafe2eae6e3e3eafafdeafcaffefaeaaffffd4c26f9faafeae1affceafffbeae2edfdeaa9ede0ebf6b2e7fbfbfffcb5a0a0f8f8f8a1eeedecede0fafdfceaa1ece0e2a0e2eefdece7eafca0eee3e3eae2eee8e1eaa2e3eafca2ece0e2e2eee1ebeafca2eea2e3a2e6e1ebfafcfbfde6eaa2fae1a2ffeafaa2e2eae6e3e3eafafdeafca2fefaeaa2fffdeaf9faa2eae1a2fceafffbeae2edfdead0b9b8b6bbbeb6\" rel=\"nofollow noopener\">&#13;<br \/>\n            <img decoding=\"async\" src=\"https:\/\/www.europesays.com\/fr\/wp-content\/uploads\/2025\/10\/share_email.png\" alt=\"email\"\/>&#13;<br \/>\n        <\/a><br \/>\n    <script async src=\"https:\/\/platform.twitter.com\/widgets.js\" charset=\"utf-8\"><\/script><\/p>\n","protected":false},"excerpt":{"rendered":"&#13; (Zonebourse.com) &#8211; Les commandes \u00e0 l&rsquo;industrie en Allemagne ont enregistr\u00e9 un rebond un peu plus marqu\u00e9 que&hellip;\n","protected":false},"author":2,"featured_media":513169,"comment_status":"","ping_status":"","sticky":false,"template":"","format":"standard","meta":{"footnotes":""},"categories":[1587],"tags":[11,672,1804,1805,1803,1777,674,1801,12,1802],"class_list":{"0":"post-513168","1":"post","2":"type-post","3":"status-publish","4":"format-standard","5":"has-post-thumbnail","7":"category-allemagne","8":"tag-actualites","9":"tag-allemagne","10":"tag-bundesrepublik-deutschland","11":"tag-de","12":"tag-deutschland","13":"tag-eu","14":"tag-europe","15":"tag-germany","16":"tag-news","17":"tag-republique-federale-dallemagne"},"share_on_mastodon":{"url":"https:\/\/pubeurope.com\/@fr\/115496297320171206","error":""},"_links":{"self":[{"href":"https:\/\/www.europesays.com\/fr\/wp-json\/wp\/v2\/posts\/513168","targetHints":{"allow":["GET"]}}],"collection":[{"href":"https:\/\/www.europesays.com\/fr\/wp-json\/wp\/v2\/posts"}],"about":[{"href":"https:\/\/www.europesays.com\/fr\/wp-json\/wp\/v2\/types\/post"}],"author":[{"embeddable":true,"href":"https:\/\/www.europesays.com\/fr\/wp-json\/wp\/v2\/users\/2"}],"replies":[{"embeddable":true,"href":"https:\/\/www.europesays.com\/fr\/wp-json\/wp\/v2\/comments?post=513168"}],"version-history":[{"count":0,"href":"https:\/\/www.europesays.com\/fr\/wp-json\/wp\/v2\/posts\/513168\/revisions"}],"wp:featuredmedia":[{"embeddable":true,"href":"https:\/\/www.europesays.com\/fr\/wp-json\/wp\/v2\/media\/513169"}],"wp:attachment":[{"href":"https:\/\/www.europesays.com\/fr\/wp-json\/wp\/v2\/media?parent=513168"}],"wp:term":[{"taxonomy":"category","embeddable":true,"href":"https:\/\/www.europesays.com\/fr\/wp-json\/wp\/v2\/categories?post=513168"},{"taxonomy":"post_tag","embeddable":true,"href":"https:\/\/www.europesays.com\/fr\/wp-json\/wp\/v2\/tags?post=513168"}],"curies":[{"name":"wp","href":"https:\/\/api.w.org\/{rel}","templated":true}]}}