{"id":513182,"date":"2025-11-05T09:14:13","date_gmt":"2025-11-05T09:14:13","guid":{"rendered":"https:\/\/www.europesays.com\/fr\/513182\/"},"modified":"2025-11-05T09:14:13","modified_gmt":"2025-11-05T09:14:13","slug":"a-la-decouverte-de-la-nouvelle-recrue-du-rct-giorgi-javakhia","status":"publish","type":"post","link":"https:\/\/www.europesays.com\/fr\/513182\/","title":{"rendered":"\u00e0 la d\u00e9couverte de la nouvelle recrue du RCT Giorgi Javakhia"},"content":{"rendered":"<p class=\"fs-5 \">Apr\u00e8s le Faron, le Coudon ou encore le Caume, la m\u00e9tropole de Toulon compte une montagne de plus depuis quelques jours. Elle se nomme Giorgi Javakhia, arrive tout droit des sommets de l\u2019Is\u00e8re et, sur la rade, a presque tout pour plaire.<\/p>\n<p class=\"fs-5 \">C\u2019est bien connu : au RCT, on aime les guerriers. En cela, le coach Pierre Mignoni ne s\u2019est pas tromp\u00e9. L\u2019ancien deuxi\u00e8me ligne de Grenoble (1,94 m pour 124 kg) s\u2019inscrit dans la plus pure tradition des avants g\u00e9orgiens. Puissant, f\u00e9roce, dur au mal\u2026 L\u2019enfant du Caucase s\u2019est d\u00e9j\u00e0 taill\u00e9 une solide r\u00e9putation dans l\u2019antichambre du Top 14.<\/p>\n<p>                                                                                \u00ab Mamuka junior \u00bb ?<\/p>\n<p class=\"fs-5 \">Car, bien que poli, gentil et accessible au premier abord, une fois sur le pr\u00e9, Javakhia se transforme : \u00ab J\u2019aime faire mal. Quand je suis arriv\u00e9 en France, on avait encore le droit de taper fort. Maintenant, \u00e7a a chang\u00e9\u2026 Mais, moi, j\u2019aime viser les mecs directement. \u00bb Voici l\u00e0 quelques mots qui suffisent presque \u00e0 cerner le golgoth.<\/p>\n<p class=\"fs-5 \">En m\u00eame temps, devinez qui est son idole\u2026 \u00ab Je pense que j\u2019ai regard\u00e9 toutes les vid\u00e9os de Mamuka Gorgodze ! Je voulais l\u2019observer, apprendre des choses pour am\u00e9liorer mon jeu. J\u2019essaye de jouer un peu dans son style, sur la mani\u00e8re de casser les lignes, etc. Mais bon, c\u2019est dur d\u2019\u00eatre comme lui ! (sourire) \u00bb.<\/p>\n<p class=\"fs-5 \">Soyons en effet indulgent. Malgr\u00e9 ses 21 s\u00e9lections avec la G\u00e9orgie et ses belles performances en Pro D2, Giorgi Javakhia n\u2019a pas encore le pedigree de son illustre a\u00een\u00e9. \u00c0 29 ans, celui qui cumule plus de 130 matchs de deuxi\u00e8me division s\u2019appr\u00eate \u00e0 peine \u00e0 d\u00e9couvrir le plus haut niveau national. Et \u00e0 toucher du doigt son r\u00eave : jouer en Top 14. \u00ab Quand Toulon m\u2019a appel\u00e9, je me suis dit \u201cNon, ce n\u2019est pas possible.\u201d Je pensais que d\u2019autres clubs pouvaient \u00eatre int\u00e9ress\u00e9s, mais pas le RCT. \u00bb<\/p>\n<p class=\"fs-5 \">L\u2019appel n\u2019avait pourtant rien d\u2019un canular. Avec, entre autres, la longue indisponibilit\u00e9 de Matthias Halagahu au poste de deuxi\u00e8me latte, le club frapp\u00e9 du muguet souhaitait ardemment se renforcer. Quelques jours plus tard, fin octobre, le golgoth pass\u00e9 par Lyon (2015-2018), Aurillac (2018-2023) et Grenoble (2023-2025) d\u00e9barquait, pour une saison au minimum : \u00ab J\u2019\u00e9tais sous contrat donc, au d\u00e9but, Grenoble ne voulait pas me laisser partir. Mais, avec le pr\u00e9sident, tout s\u2019est arrang\u00e9 et \u00e7a s\u2019est pass\u00e9 magnifiquement bien. \u00bb<\/p>\n<p class=\"fs-5 \">De quoi faire mentir un peu plus ses parents qui, il y a encore quelques ann\u00e9es, ne l\u2019imaginaient m\u00eame pas faire carri\u00e8re : \u00ab Ils ne pensaient pas que j\u2019arriverais \u00e0 quelque chose dans le rugby. \u00c7a a \u00e9t\u00e9 ma premi\u00e8re source de motivation. \u00bb<\/p>\n<p>                                                                                Pierre Mignoni, comme on se retrouve<\/p>\n<p class=\"fs-5 \">Apr\u00e8s quelques ann\u00e9es de lutte et de kickboxing, traditions sportives du pays obligent, Javakhia a d\u00e9couvert le rectangle vert \u00e0 l\u2019\u00e2ge de 9 ans, dans le club de sa petite ville, Senaki : \u00ab Il n\u2019y avait pas beaucoup d\u2019autres choses \u00e0 faire, avoue-t-il. En plus, j\u2019\u00e9tais toujours hyperactif. \u00c7a me d\u00e9foulait et m\u2019\u00e9vitait de faire n\u2019importe quoi \u00e0 la maison. \u00bb<\/p>\n<p class=\"fs-5 \">Le temps filant, il poursuivait l\u2019apprentissage \u00e0 Poti, au bord de la mer Noire, avant de rejoindre un club plus ambitieux, Kouta\u00efssi. La suite s\u2019\u00e9crivait dans la capitale des Gaules, <strong>sous les ordres d\u2019un certain\u2026 Pierre Mignoni<\/strong> : \u00ab C\u2019est lui qui m\u2019a lanc\u00e9 en Pro D2. J\u2019avais 19 ans et jouais troisi\u00e8me ligne. Mais j\u2019ai beaucoup chang\u00e9 depuis. \u00bb<\/p>\n<p class=\"fs-5 \">D\u00e9sormais fix\u00e9 au poste de num\u00e9ro 5, Javakhia sait qu\u2019il doit encore \u00e9largir sa palette. Mais, s\u2019il s\u2019adapte aux exigences de l\u2019\u00e9lite, les qualit\u00e9s qui sont d\u00e9j\u00e0 les siennes pourraient bien enchanter le staff et les supporters. \u00ab J\u2019adore porter le ballon et pousser en m\u00eal\u00e9e. Je ne fais peut-\u00eatre pas 2 m\u00e8tres, mais je pense que les piliers droits sentent quand je joue derri\u00e8re. [&#8230;] Apr\u00e8s, tout le monde est fort en Top 14. Je dois donc monter mon niveau pour y rester. \u00bb Et prolonger le r\u00eave, le plus longtemps possible.<\/p>\n<p>                                                                                Un complice nomm\u00e9 Beka<\/p>\n<p class=\"fs-5 \">Pour son int\u00e9gration \u00ab express \u00bb, Giorgi Javakhia a pu compter sur la pr\u00e9sence au sein de l\u2019effectif de son compatriote et ami, le pilier droit Beka Gigashvili. Une aide bienvenue pour un gar\u00e7on se d\u00e9finissant comme \u00ab foufou \u00bb lorsqu\u2019il est en confiance, mais qui arrive ici au c\u0153ur d\u2019un effectif d\u00e9j\u00e0 construit, dans une saison bien entam\u00e9e : \u00ab On est tr\u00e8s proches avec Beka. Il m\u2019a beaucoup aid\u00e9 lors de mon arriv\u00e9e. Tous les autres co\u00e9quipiers sont aussi tr\u00e8s gentils avec moi. C\u2019est magnifique d\u2019\u00eatre ici. En plus, \u00e0 Aurillac et Grenoble, c\u2019\u00e9tait toujours la montagne, toujours le froid. <strong>\u00c7a me fait du bien de voir le soleil ! <\/strong>(sourire) \u00bb.<\/p>\n<p>                                                                                BIent\u00f4t de retour avec la s\u00e9lection g\u00e9orgienne<\/p>\n<p class=\"fs-5 \">S\u2019il \u00e9tait convenu que le deuxi\u00e8me ligne reste au club pour pr\u00e9parer la rencontre du week-end face \u00e0 La Rochelle, il devrait n\u00e9anmoins \u00eatre convoqu\u00e9 par la s\u00e9lection g\u00e9orgienne apr\u00e8s ce match en retard de la 3e journ\u00e9e, afin de disputer le reste de la tourn\u00e9e d\u2019automne 2025. Des tests face au Canada et au Japon attendent en effet les Lelos, les 15 et 22 novembre.<\/p>\n<p class=\"fs-5 \">Javakhia serait alors indisponible pour le d\u00e9placement \u00e0 Paris, le dimanche 23 novembre, avant de faire son retour lors de la r\u00e9ception de Montauban, le samedi suivant.<\/p>\n<p>                                                                                Un redoutable marqueur d\u2019essais<\/p>\n<p class=\"fs-5 \">Deuxi\u00e8me ligne est loin d\u2019\u00eatre le poste o\u00f9 l\u2019on marque le plus. Pourtant, le natif de Senaki a bel et bien cet atout dans sa manche XXL. En \u00e0 peine plus de deux saisons pass\u00e9es \u00e0 Grenoble (47 matchs, dont 27 titularisations), <strong>le colosse a inscrit seize essais sous les couleurs is\u00e9roises<\/strong>. Une statistique qui met en exergue sa dangerosit\u00e9 ballon en mains, pr\u00e8s de la ligne d\u2019en-but adverse.<\/p>\n","protected":false},"excerpt":{"rendered":"Apr\u00e8s le Faron, le Coudon ou encore le Caume, la m\u00e9tropole de Toulon compte une montagne de plus&hellip;\n","protected":false},"author":2,"featured_media":513183,"comment_status":"","ping_status":"","sticky":false,"template":"","format":"standard","meta":{"footnotes":""},"categories":[1416],"tags":[1011,27,3461,479,1468,60],"class_list":{"0":"post-513182","1":"post","2":"type-post","3":"status-publish","4":"format-standard","5":"has-post-thumbnail","7":"category-rugby","8":"tag-fr","9":"tag-france","10":"tag-rct","11":"tag-rugby","12":"tag-rugby-football","13":"tag-sports"},"share_on_mastodon":{"url":"https:\/\/pubeurope.com\/@fr\/115496331836152632","error":""},"_links":{"self":[{"href":"https:\/\/www.europesays.com\/fr\/wp-json\/wp\/v2\/posts\/513182","targetHints":{"allow":["GET"]}}],"collection":[{"href":"https:\/\/www.europesays.com\/fr\/wp-json\/wp\/v2\/posts"}],"about":[{"href":"https:\/\/www.europesays.com\/fr\/wp-json\/wp\/v2\/types\/post"}],"author":[{"embeddable":true,"href":"https:\/\/www.europesays.com\/fr\/wp-json\/wp\/v2\/users\/2"}],"replies":[{"embeddable":true,"href":"https:\/\/www.europesays.com\/fr\/wp-json\/wp\/v2\/comments?post=513182"}],"version-history":[{"count":0,"href":"https:\/\/www.europesays.com\/fr\/wp-json\/wp\/v2\/posts\/513182\/revisions"}],"wp:featuredmedia":[{"embeddable":true,"href":"https:\/\/www.europesays.com\/fr\/wp-json\/wp\/v2\/media\/513183"}],"wp:attachment":[{"href":"https:\/\/www.europesays.com\/fr\/wp-json\/wp\/v2\/media?parent=513182"}],"wp:term":[{"taxonomy":"category","embeddable":true,"href":"https:\/\/www.europesays.com\/fr\/wp-json\/wp\/v2\/categories?post=513182"},{"taxonomy":"post_tag","embeddable":true,"href":"https:\/\/www.europesays.com\/fr\/wp-json\/wp\/v2\/tags?post=513182"}],"curies":[{"name":"wp","href":"https:\/\/api.w.org\/{rel}","templated":true}]}}