{"id":513186,"date":"2025-11-05T09:19:10","date_gmt":"2025-11-05T09:19:10","guid":{"rendered":"https:\/\/www.europesays.com\/fr\/513186\/"},"modified":"2025-11-05T09:19:10","modified_gmt":"2025-11-05T09:19:10","slug":"six-autres-arrivees-a-megamo-vosges-actualite","status":"publish","type":"post","link":"https:\/\/www.europesays.com\/fr\/513186\/","title":{"rendered":"Six autres arriv\u00e9es \u00e0 Megamo Vosges &#8211; Actualit\u00e9"},"content":{"rendered":"<p style=\"text-align: justify;\">Outre <strong><a href=\"https:\/\/www.directvelo.com\/actualite\/125071\/une-n1-pour-wendy-bunea\" target=\"_blank\" rel=\"noopener\">Wendy Bunea<\/a><\/strong>, Megamo Vosges enregistrera six autres recrues cet hiver, pour compl\u00e9ter son effectif N1. Il s&rsquo;agit d&rsquo;Elena Amann (VC Eckwersheim), Emilie Brette (OC Gif VTT), Ma\u00efna Bessi\u00e8re (Team Praz-sur-Arly-Haute Savoie), Coralie Houde (Chamb\u00e9ry Cyclisme Comp\u00e9tition), Grace Reynolds (Smurfit Westrock Cycling) et Juliette Verdier (Team Centre-Val de Loire).<\/p>\n<p><strong><a href=\"https:\/\/www.directvelo.com\/coureur\/52498\/elena-amann\" target=\"_blank\" rel=\"noopener\">Elena Amann<\/a>\u00a0<\/strong>&#8211; notre photo -, 17 ans, sera Junior 2 l&rsquo;an prochain. Cette saison, elle a remport\u00e9 le\u00a0Grand Prix Diffusport F\u00e9minin \u00e0 Leval, mais aussi termin\u00e9 3e de Paris-Bourges, 6e, 10e et 13e d&rsquo;\u00e9tape au Tour de l&rsquo;Abitibi, avant de prendre la 11e place du g\u00e9n\u00e9ral, ou encore 21e du Championnat de France Juniors. Elle a d\u00e9croch\u00e9 la 5e place du Challenge DirectVelo Juniors, la 4e des J1.<\/p>\n<p><strong><a href=\"https:\/\/www.directvelo.com\/coureur\/46212\/juliette-verdier\" target=\"_blank\" rel=\"noopener\">Juliette Verdier<\/a><\/strong>, 18 ans, est la Championne du Centre-Val de Loire. Elle a \u00e9galement pris la 5e place du Championnat de France Juniors et la 12e en chrono, la 14e des Reines de la Cisse, la 15e du GP de Plouay, la 16e de la Classique du Val de Morteau et la 21e de la BayWa.re Classique. Des r\u00e9sultats qui lui permettent de terminer 8e du Challenge DirectVelo Juniors.<\/p>\n<p><strong><a href=\"https:\/\/www.directvelo.com\/coureur\/42162\/coralie-houde\" target=\"_blank\" rel=\"noopener\">Coralie Houde<\/a><\/strong>, 21 ans, a termin\u00e9 15e du Tour de Charente-Maritime, 18e du Tour de Gatineau, et 24e du Chrono de Gatineau. Sur les Championnats du Canada, elle a termin\u00e9 9e chez les Espoirs au contre-la-montre, et 14e sur la course en ligne Elites.<\/p>\n<p><strong><a href=\"https:\/\/www.directvelo.com\/coureur\/55262\/maina-bessiere\" target=\"_blank\" rel=\"noopener\">Ma\u00efna Bessi\u00e8re<\/a><\/strong>, 19 ans, a pris la 8e place du Championnat Auvergne-Rh\u00f4ne-Alpes et la 15e du\u00a0Grand Prix d&rsquo;Ouverture d\u2019Albi Carlus.<\/p>\n<p><strong><a href=\"https:\/\/www.directvelo.com\/coureur\/68824\/emilie-brette\" target=\"_blank\" rel=\"noopener\">Emilie Brette<\/a><\/strong>, 23 ans, vient du VTT. Sur route, elle a pris la 16e du Grand Prix Diffusport \u00e0 Leval.<\/p>\n<p><strong><a href=\"https:\/\/www.directvelo.com\/coureur\/63062\/grace-reynolds\" target=\"_blank\" rel=\"noopener\">Grace Reynolds<\/a><\/strong>, 24 ans, a termin\u00e9 13e du Championnat d&rsquo;Irlande et du GP Igartza.<\/p>\n","protected":false},"excerpt":{"rendered":"Outre Wendy Bunea, Megamo Vosges enregistrera six autres recrues cet hiver, pour compl\u00e9ter son effectif N1. Il s&rsquo;agit&hellip;\n","protected":false},"author":2,"featured_media":513187,"comment_status":"","ping_status":"","sticky":false,"template":"","format":"standard","meta":{"footnotes":""},"categories":[1411],"tags":[834,828,836,829,837,827,83,826,824,823,1154,207,814,817,815,816,822,821,832,211,839,1011,27,820,818,819,835,831,830,833,838,60,212,208,825],"class_list":{"0":"post-513186","1":"post","2":"type-post","3":"status-publish","4":"format-standard","5":"has-post-thumbnail","7":"category-cyclisme","8":"tag-attaque","9":"tag-belgique","10":"tag-braquet","11":"tag-bretagne","12":"tag-chute","13":"tag-competition","14":"tag-coupe-de-france","15":"tag-coureur","16":"tag-course-cyclisme","17":"tag-course-cycliste","18":"tag-cycling","19":"tag-cyclisme","20":"tag-direct","21":"tag-direct-velo","22":"tag-directvelo","23":"tag-directvelo-com","24":"tag-epreuve","25":"tag-epreuve-cycliste","26":"tag-federation-francaise-de-cyclisme","27":"tag-ffc","28":"tag-flandres","29":"tag-fr","30":"tag-france","31":"tag-live","32":"tag-live-course","33":"tag-live-epreuve","34":"tag-peloton","35":"tag-radio-peloton","36":"tag-radio-tour","37":"tag-ravitaillement","38":"tag-relance","39":"tag-sports","40":"tag-uci","41":"tag-velo","42":"tag-velos"},"share_on_mastodon":{"url":"https:\/\/pubeurope.com\/@fr\/115496351505513859","error":""},"_links":{"self":[{"href":"https:\/\/www.europesays.com\/fr\/wp-json\/wp\/v2\/posts\/513186","targetHints":{"allow":["GET"]}}],"collection":[{"href":"https:\/\/www.europesays.com\/fr\/wp-json\/wp\/v2\/posts"}],"about":[{"href":"https:\/\/www.europesays.com\/fr\/wp-json\/wp\/v2\/types\/post"}],"author":[{"embeddable":true,"href":"https:\/\/www.europesays.com\/fr\/wp-json\/wp\/v2\/users\/2"}],"replies":[{"embeddable":true,"href":"https:\/\/www.europesays.com\/fr\/wp-json\/wp\/v2\/comments?post=513186"}],"version-history":[{"count":0,"href":"https:\/\/www.europesays.com\/fr\/wp-json\/wp\/v2\/posts\/513186\/revisions"}],"wp:featuredmedia":[{"embeddable":true,"href":"https:\/\/www.europesays.com\/fr\/wp-json\/wp\/v2\/media\/513187"}],"wp:attachment":[{"href":"https:\/\/www.europesays.com\/fr\/wp-json\/wp\/v2\/media?parent=513186"}],"wp:term":[{"taxonomy":"category","embeddable":true,"href":"https:\/\/www.europesays.com\/fr\/wp-json\/wp\/v2\/categories?post=513186"},{"taxonomy":"post_tag","embeddable":true,"href":"https:\/\/www.europesays.com\/fr\/wp-json\/wp\/v2\/tags?post=513186"}],"curies":[{"name":"wp","href":"https:\/\/api.w.org\/{rel}","templated":true}]}}