{"id":513190,"date":"2025-11-05T09:21:16","date_gmt":"2025-11-05T09:21:16","guid":{"rendered":"https:\/\/www.europesays.com\/fr\/513190\/"},"modified":"2025-11-05T09:21:16","modified_gmt":"2025-11-05T09:21:16","slug":"france-2-floute-le-collier-de-caroline-margeridon-en-hebreu-en-reaction-le-publicitaire-franck-tapiro-lance-un-appel-sur-les-reseaux-sociaux-a-se-filmer-en-se-floutant-le-visage-video","status":"publish","type":"post","link":"https:\/\/www.europesays.com\/fr\/513190\/","title":{"rendered":"France 2 floute le collier de Caroline Margeridon en h\u00e9breu : En r\u00e9action, le publicitaire Franck Tapiro lance un appel sur les r\u00e9seaux sociaux \u00e0 se filmer en se floutant&#8230; le visage &#8211; Vid\u00e9o"},"content":{"rendered":"<p>France T\u00e9l\u00e9 floute le collier de Caroline Margeridon en h\u00e9breu&#8230; En r\u00e9action, le publicitaire Franck Tapiro lance un appel sur les r\u00e9seaux sociaux \u00e0 se filmer en se floutant le visage ! Alors que France 2 n&rsquo;a toujours pas eu de r\u00e9action, ni donn\u00e9 d&rsquo;explication apr\u00e8s l&rsquo;\u00e9trange d\u00e9cision de flouter le mot \u00ab\u00a0la vie\u00a0\u00bb en h\u00e9breu sur le collier de l&rsquo;acheteuse de France 2 \u00ab\u00a0Affaires conclues\u00a0\u00bb, voil\u00e0 que les r\u00e9actions se multiplient.<\/p>\n<p>Le publicitaire Franck Tapiro qui n&rsquo;est jamais \u00e0 la peine sur les id\u00e9es, a lanc\u00e9 un appel cet apr\u00e8s-midi en appelant les internautes \u00e0 se filmer en floutant leur visage, mais en laissant appara\u00eetre un signe religieux, prenant ainsi \u00e0 contre pied la cha\u00eene.<\/p>\n<p>Depuis plusieurs jours, France 2 diffuse en effet un jingle publicitaire o\u00f9 l&rsquo;on peut voir Caroline Margeridon, l&rsquo;une des acheteuses du programme \u00ab\u00a0Affaire Conclue\u00a0\u00bb, avec un collier flout\u00e9.\u00a0<\/p>\n<p>Le collier en question repr\u00e9sente le mot en h\u00e9breu \u00ab\u00a0ha\u00ef\u00a0\u00bb qui veut simplement dire \u00ab\u00a0vie\u00a0\u00bb. Il ne s&rsquo;agit pas d&rsquo;un signe religieux. On retrouve ce symbole sur de nombreux pendentifs, bracelets ou encore sur des colliers.<\/p>\n<p>Selon nos informations, depuis des mois, le jingle publicitaire avec le collier sans floutage est diffus\u00e9 \u00e0 l&rsquo;antenne. A noter que, durant l&rsquo;\u00e9mission \u00ab\u00a0Affaire Conclue\u00a0\u00bb, les t\u00e9l\u00e9spectateurs peuvent voir distinctement le collier de Caroline Margeridon. L&rsquo;acheteuse le porte en permanence depuis le lancement du programme.<\/p>\n<p>Il semble donc que ce soit une d\u00e9cision prise par France 2 et non par la production d'\u00a0\u00bbAffaire Conclue\u00a0\u00bb, car autrement le collier aurait \u00e9t\u00e9 flout\u00e9 dans le programme lui-m\u00eame.<\/p>\n<p>Des questions se posent alors : qui a pris cette d\u00e9cision de flouter le collier de Caroline Margeridon ? Pourquoi avoir soudain fait cette modification ? Les mots en h\u00e9breu sont-ils d\u00e9sormais interdits sur l&rsquo;antenne de France T\u00e9l\u00e9visions ?<\/p>\n<p>.<\/p>\n<p><img decoding=\"async\" src=\"https:\/\/www.europesays.com\/fr\/wp-content\/uploads\/2025\/11\/zefz_0.png\" border=\"0\" style=\"display: block; margin-left: auto; margin-right: auto;\" id=\"previewImg\"\/><\/p>\n<p>.<\/p>\n<p><img decoding=\"async\" src=\"https:\/\/www.europesays.com\/fr\/wp-content\/uploads\/2025\/11\/sdsdvsdv.png\" border=\"0\" style=\"display: block; margin-left: auto; margin-right: auto;\" id=\"previewImg\"\/><\/p>\n<p>.<\/p>\n<p><img decoding=\"async\" src=\"https:\/\/www.europesays.com\/fr\/wp-content\/uploads\/2025\/11\/dcdssdv.png\" border=\"0\" style=\"display: block; margin-left: auto; margin-right: auto;\" id=\"previewImg\"\/><\/p>\n<p>.<\/p>\n<p><img decoding=\"async\" src=\"https:\/\/www.europesays.com\/fr\/wp-content\/uploads\/2025\/11\/hai.png\" border=\"0\" id=\"previewImg\"\/><\/p>\n<p>\u00a0<\/p>\n<p>\u00a0<\/p>\n<p>\u00a0<\/p>\n<p>\u00a0<\/p><\/p>\n","protected":false},"excerpt":{"rendered":"France T\u00e9l\u00e9 floute le collier de Caroline Margeridon en h\u00e9breu&#8230; En r\u00e9action, le publicitaire Franck Tapiro lance un&hellip;\n","protected":false},"author":2,"featured_media":513191,"comment_status":"","ping_status":"","sticky":false,"template":"","format":"standard","meta":{"footnotes":""},"categories":[1359],"tags":[9885,9884,58,59,63412,1011,27,63410,63411,973],"class_list":{"0":"post-513190","1":"post","2":"type-post","3":"status-publish","4":"format-standard","5":"has-post-thumbnail","7":"category-people","8":"tag-affaire-conclue","9":"tag-caroline-margeridon","10":"tag-divertissement","11":"tag-entertainment","12":"tag-floutage","13":"tag-fr","14":"tag-france","15":"tag-franck-tapiro","16":"tag-hebreu","17":"tag-people"},"share_on_mastodon":{"url":"https:\/\/pubeurope.com\/@fr\/115496360063749746","error":""},"_links":{"self":[{"href":"https:\/\/www.europesays.com\/fr\/wp-json\/wp\/v2\/posts\/513190","targetHints":{"allow":["GET"]}}],"collection":[{"href":"https:\/\/www.europesays.com\/fr\/wp-json\/wp\/v2\/posts"}],"about":[{"href":"https:\/\/www.europesays.com\/fr\/wp-json\/wp\/v2\/types\/post"}],"author":[{"embeddable":true,"href":"https:\/\/www.europesays.com\/fr\/wp-json\/wp\/v2\/users\/2"}],"replies":[{"embeddable":true,"href":"https:\/\/www.europesays.com\/fr\/wp-json\/wp\/v2\/comments?post=513190"}],"version-history":[{"count":0,"href":"https:\/\/www.europesays.com\/fr\/wp-json\/wp\/v2\/posts\/513190\/revisions"}],"wp:featuredmedia":[{"embeddable":true,"href":"https:\/\/www.europesays.com\/fr\/wp-json\/wp\/v2\/media\/513191"}],"wp:attachment":[{"href":"https:\/\/www.europesays.com\/fr\/wp-json\/wp\/v2\/media?parent=513190"}],"wp:term":[{"taxonomy":"category","embeddable":true,"href":"https:\/\/www.europesays.com\/fr\/wp-json\/wp\/v2\/categories?post=513190"},{"taxonomy":"post_tag","embeddable":true,"href":"https:\/\/www.europesays.com\/fr\/wp-json\/wp\/v2\/tags?post=513190"}],"curies":[{"name":"wp","href":"https:\/\/api.w.org\/{rel}","templated":true}]}}