{"id":513192,"date":"2025-11-05T09:22:26","date_gmt":"2025-11-05T09:22:26","guid":{"rendered":"https:\/\/www.europesays.com\/fr\/513192\/"},"modified":"2025-11-05T09:22:26","modified_gmt":"2025-11-05T09:22:26","slug":"attention-a-ces-fausses-images-des-suspects","status":"publish","type":"post","link":"https:\/\/www.europesays.com\/fr\/513192\/","title":{"rendered":"Attention \u00e0 ces fausses images des \u00ab suspects \u00bb"},"content":{"rendered":"<p class=\"mb-4 text-lg md:leading-8 break-words\"><strong>FAKE OFF &#8211; Depuis quelques jours, plusieurs internautes partagent de faux portraits des \u00ab suspects \u00bb du braquage du Louvre<\/strong><\/p>\n<p class=\"mb-4 text-lg md:leading-8 break-words\">Un peu plus de deux semaines apr\u00e8s le <a href=\"https:\/\/www.20minutes.fr\/dossier\/louvre?at_medium=RSS%20feed&amp;at_campaign=ynews&amp;utm_source=yahoo&amp;utm_medium=rss&amp;utm_campaign=news_feed&amp;utm_content=in_article_link\" rel=\"nofollow noopener\" target=\"_blank\" data-ylk=\"slk:cambriolage au mus\u00e9e du Louvre;elm:context_link;itc:0;sec:content-canvas\" class=\"link \">cambriolage au mus\u00e9e du Louvre<\/a>, plusieurs personnes ont \u00e9t\u00e9 arr\u00eat\u00e9es. Quatre d\u2019entre elles ont \u00e9t\u00e9 mises en examen, quand d\u2019autres ont \u00e9t\u00e9 rel\u00e2ch\u00e9es. Et sur les <a href=\"https:\/\/www.20minutes.fr\/dossier\/reseaux_sociaux?at_medium=RSS%20feed&amp;at_campaign=ynews&amp;utm_source=yahoo&amp;utm_medium=rss&amp;utm_campaign=news_feed&amp;utm_content=in_article_link\" rel=\"nofollow noopener\" target=\"_blank\" data-ylk=\"slk:r\u00e9seaux sociaux;elm:context_link;itc:0;sec:content-canvas\" class=\"link \">r\u00e9seaux sociaux<\/a>, TikTok et X principalement, de nombreux internautes partagent les visages de ces \u00ab suspects \u00bb. Dans la plupart de ces publications, comme c\u2019est le cas dans celle d&rsquo;\u00ab Evren Sener \u00bb, ci-dessous, les \u00ab mugshots \u00bb &#8211; nom donn\u00e9 aux photos d\u2019identit\u00e9 prises aux \u00c9tats-Unis en cas d\u2019arrestation &#8211; de \u00ab deux suspects \u00bb apparaissent c\u00f4te \u00e0 c\u00f4te.<\/p>\n<p class=\"mb-4 text-lg md:leading-8 break-words\">Des photos auxquelles des internautes, surpris de la beaut\u00e9 des deux hommes, n\u2019ont pas manqu\u00e9 de r\u00e9agir. \u00ab Moi quand j\u2019ai vu la t\u00eate des braqueurs du Louvre \u00bb, \u00e9crit l\u2019internaute \u00ab Etc\u2019estOK \u00bb, dans <a href=\"https:\/\/www.tiktok.com\/@hanapsodidjf\/video\/7567877456586231062?is_from_webapp=1&amp;sender_device=pc&amp;at_medium=RSS%20feed&amp;at_campaign=ynews&amp;utm_source=yahoo&amp;utm_medium=rss&amp;utm_campaign=news_feed&amp;utm_content=in_article_link\" rel=\"nofollow noopener\" target=\"_blank\" data-ylk=\"slk:une vid\u00e9o vue 2,4 millions de fois;elm:context_link;itc:0;sec:content-canvas\" class=\"link \">une vid\u00e9o vue 2,4 millions de fois<\/a> sur TikTok. Dans <a href=\"https:\/\/www.tiktok.com\/@sarasherazz\/video\/7567818173735505154?is_from_webapp=1&amp;sender_device=pc&amp;at_medium=RSS%20feed&amp;at_campaign=ynews&amp;utm_source=yahoo&amp;utm_medium=rss&amp;utm_campaign=news_feed&amp;utm_content=in_article_link\" rel=\"nofollow noopener\" target=\"_blank\" data-ylk=\"slk:un post vu 1 million de fois;elm:context_link;itc:0;sec:content-canvas\" class=\"link \">un post vu 1 million de fois<\/a>, une autre internaute commente : \u00ab Donc les cambrioleurs du Louvre ressemblent vraiment \u00e0 \u00e7a ??? Les filles ???? \u00bb.<\/p>\n<p>FAKE OFF<\/p>\n<p class=\"mb-4 text-lg md:leading-8 break-words\">En r\u00e9alit\u00e9, aucun de ces deux hommes n\u2019est l\u2019un des voleurs du mus\u00e9e du Louvre. D\u2019une part, parce qu\u2019au moment o\u00f9 sont \u00e9crites ces lignes, les enqu\u00eateurs n\u2019ont communiqu\u00e9 que sur <a href=\"https:\/\/www.20minutes.fr\/justice\/4183049-20251102-cambriolage-louvre-sait-suspects-apres-deux-nouvelles-mises-examen?at_medium=RSS%20feed&amp;at_campaign=ynews&amp;utm_source=yahoo&amp;utm_medium=rss&amp;utm_campaign=news_feed&amp;utm_content=in_article_link\" rel=\"nofollow noopener\" target=\"_blank\" data-ylk=\"slk:le profil des cambrioleurs pr\u00e9sum\u00e9s;elm:context_link;itc:0;sec:content-canvas\" class=\"link \">le profil des cambrioleurs pr\u00e9sum\u00e9s<\/a>. D\u2019autre part, parce qu\u2019une simple recherche invers\u00e9e des portraits des deux hommes permet de se rendre compte que ces photos circulent sur Internet depuis quelques ann\u00e9es maintenant.<\/p>\n<p class=\"mb-4 text-lg md:leading-8 break-words\">Le portrait du jeune homme brun aux yeux clairs, \u00e0 gauche dans la publication, appara\u00eet une premi\u00e8re fois en novembre 2013, dans un article d(&#8230;)<\/p>\n<p class=\"mb-4 text-lg md:leading-8 break-words\"><a href=\"https:\/\/www.20minutes.fr\/justice\/4183466-20251104-cambriolage-louvre-attention-fausses-images-suspects?at_medium=RSS%20feed&amp;at_campaign=ynews&amp;utm_source=yahoo&amp;utm_medium=rss&amp;utm_campaign=news_feed&amp;utm_content=read_more_link&quot;\" rel=\"nofollow noopener\" target=\"_blank\" data-ylk=\"slk:Lire la suite sur 20minutes;elm:context_link;itc:0;sec:content-canvas\" class=\"link \">Lire la suite sur 20minutes<\/a><\/p>\n<p>\u00c0 lire aussi :<br \/><a href=\"https:\/\/www.20minutes.fr\/justice\/4183049-20251102-cambriolage-louvre-sait-suspects-apres-deux-nouvelles-mises-examen?at_medium=RSS%20feed&amp;at_campaign=ynews&amp;utm_source=yahoo&amp;utm_medium=rss&amp;utm_campaign=news_feed&amp;utm_content=related_content_link\" rel=\"nofollow noopener\" target=\"_blank\" data-ylk=\"slk:Cambriolage au Louvre : Que sait-on des suspects apr\u00e8s deux nouvelles mises en examen ?;elm:context_link;itc:0;sec:content-canvas\" class=\"link \">Cambriolage au Louvre : Que sait-on des suspects apr\u00e8s deux nouvelles mises en examen ?<\/a><br \/><a href=\"https:\/\/www.20minutes.fr\/faits_divers\/4182137-20251028-cambriolage-louvre-rachida-dati-reconnait-failles-securitaires-echec?at_medium=RSS%20feed&amp;at_campaign=ynews&amp;utm_source=yahoo&amp;utm_medium=rss&amp;utm_campaign=news_feed&amp;utm_content=related_content_link\" rel=\"nofollow noopener\" target=\"_blank\" data-ylk=\"slk:Cambriolage au Louvre : Rachida Dati reconna\u00eet des \u00ab failles s\u00e9curitaires \u00bb et un \u00ab \u00e9chec \u00bb;elm:context_link;itc:0;sec:content-canvas\" class=\"link \">Cambriolage au Louvre : Rachida Dati reconna\u00eet des \u00ab failles s\u00e9curitaires \u00bb et un \u00ab \u00e9chec \u00bb<\/a><\/p>\n<p><script async src=\"\/\/www.tiktok.com\/embed.js\"><\/script><\/p>\n","protected":false},"excerpt":{"rendered":"FAKE OFF &#8211; Depuis quelques jours, plusieurs internautes partagent de faux portraits des \u00ab suspects \u00bb du braquage&hellip;\n","protected":false},"author":2,"featured_media":513193,"comment_status":"","ping_status":"","sticky":false,"template":"","format":"standard","meta":{"footnotes":""},"categories":[1358],"tags":[1348,1384,1385,1386,58,59,1011,27,11274,3094,63413,2439],"class_list":{"0":"post-513192","1":"post","2":"type-post","3":"status-publish","4":"format-standard","5":"has-post-thumbnail","7":"category-arts-et-design","8":"tag-arts","9":"tag-arts-and-design","10":"tag-arts-et-design","11":"tag-design","12":"tag-divertissement","13":"tag-entertainment","14":"tag-fr","15":"tag-france","16":"tag-louvre","17":"tag-musee-du-louvre","18":"tag-suspects-arrested","19":"tag-tiktok"},"share_on_mastodon":{"url":"https:\/\/pubeurope.com\/@fr\/115496363138661924","error":""},"_links":{"self":[{"href":"https:\/\/www.europesays.com\/fr\/wp-json\/wp\/v2\/posts\/513192","targetHints":{"allow":["GET"]}}],"collection":[{"href":"https:\/\/www.europesays.com\/fr\/wp-json\/wp\/v2\/posts"}],"about":[{"href":"https:\/\/www.europesays.com\/fr\/wp-json\/wp\/v2\/types\/post"}],"author":[{"embeddable":true,"href":"https:\/\/www.europesays.com\/fr\/wp-json\/wp\/v2\/users\/2"}],"replies":[{"embeddable":true,"href":"https:\/\/www.europesays.com\/fr\/wp-json\/wp\/v2\/comments?post=513192"}],"version-history":[{"count":0,"href":"https:\/\/www.europesays.com\/fr\/wp-json\/wp\/v2\/posts\/513192\/revisions"}],"wp:featuredmedia":[{"embeddable":true,"href":"https:\/\/www.europesays.com\/fr\/wp-json\/wp\/v2\/media\/513193"}],"wp:attachment":[{"href":"https:\/\/www.europesays.com\/fr\/wp-json\/wp\/v2\/media?parent=513192"}],"wp:term":[{"taxonomy":"category","embeddable":true,"href":"https:\/\/www.europesays.com\/fr\/wp-json\/wp\/v2\/categories?post=513192"},{"taxonomy":"post_tag","embeddable":true,"href":"https:\/\/www.europesays.com\/fr\/wp-json\/wp\/v2\/tags?post=513192"}],"curies":[{"name":"wp","href":"https:\/\/api.w.org\/{rel}","templated":true}]}}