{"id":513194,"date":"2025-11-05T09:24:14","date_gmt":"2025-11-05T09:24:14","guid":{"rendered":"https:\/\/www.europesays.com\/fr\/513194\/"},"modified":"2025-11-05T09:24:14","modified_gmt":"2025-11-05T09:24:14","slug":"vous-habitez-le-quartier-dailleurs-linvite-dapolline-de-malherbe-prend-des-libertes-a-lantenne","status":"publish","type":"post","link":"https:\/\/www.europesays.com\/fr\/513194\/","title":{"rendered":"\u00ab\u00a0Vous habitez le quartier d&rsquo;ailleurs&#8230;\u00a0\u00bb : l&rsquo;invit\u00e9 d&rsquo;Apolline de Malherbe prend des libert\u00e9s \u00e0 l&rsquo;antenne !"},"content":{"rendered":"<p>L\u2019arriv\u00e9e du g\u00e9ant chinois <strong>Shein au BHV<\/strong><br \/>\ncontinue de susciter de vives r\u00e9actions. L\u2019annonce de ce<br \/>\npartenariat avec le c\u00e9l\u00e8bre grand magasin parisien a provoqu\u00e9 de<br \/>\nnombreuses interrogations, au point qu\u2019une p\u00e9tition circule pour<br \/>\ndemander le retrait de l\u2019enseigne de cet \u00e9tablissement<br \/>\nhistorique.<\/p>\n<p>Un contexte d\u00e9j\u00e0 tendu, et surtout amplifi\u00e9 par le signalement \u00e0<br \/>\nla justice par la DGCCRF de la commercialisation de <strong>poup\u00e9es<br \/>\nsexuelles<\/strong> \u00e0 caract\u00e8re p\u00e9dopornographique sur la plateforme<br \/>\nde e-commerce.<\/p>\n<p>L&rsquo;invit\u00e9 d&rsquo;Apolline de Malherbe fait une remarque sur l&rsquo;endroit<br \/>\no\u00f9 elle vit<\/p>\n<p>Invit\u00e9 sur le plateau d\u2019Apolline de Malherbe ce 5 novembre,<br \/>\n<a href=\"https:\/\/www.closermag.fr\/tv_tele_realite\/ces-abominables-poupees-sexuelles-apolline-de-malherbe-directe-son-interview-verse-dans-lultra-glauque-3591100\" target=\"_blank\" rel=\"noopener\"><br \/>\nqui n&rsquo;a pas h\u00e9sit\u00e9 \u00e0 \u00eatre directe<\/a>, Fr\u00e9d\u00e9ric Merlin, pr\u00e9sident<br \/>\nde la Soci\u00e9t\u00e9 des grands magasins (SGM), a d\u00e9fendu le projet.<br \/>\n\u00ab\u00a0Shein, \u00e7a repr\u00e9sente 2 % de la taille du magasin global. C\u2019est<br \/>\nun magasin qui fait 50 000 m\u00b2. Shein, c\u2019est une offre<br \/>\ncompl\u00e9mentaire dans l\u2019offre du BHV. Le BHV, \u00e7a a toujours \u00e9t\u00e9 le<br \/>\ngrand magasin des Parisiens, le grand magasin de tous. C\u2019est le<br \/>\ngrand magasin populaire des Parisiens\u00a0\u00bb, a-t-il expliqu\u00e9.<\/p>\n<p>Le dirigeant a \u00e9galement insist\u00e9 sur le c\u00f4t\u00e9 accessible et<br \/>\npopulaire du BHV, par opposition aux autres grands magasins<br \/>\nparisiens. \u00ab\u00a0\u00c0 la diff\u00e9rence de tous les autres grands magasins,<br \/>\nles Galeries Lafayette, le Printemps, la Samaritaine, le Bon<br \/>\nMarch\u00e9\u2026 je crois que <strong>vous habitez le quartier<br \/>\nd\u2019ailleurs<\/strong>, Apolline, c\u2019est un magasin populaire. C\u2019est un<br \/>\nmagasin dans lequel vous pouvez venir manger \u00e0 12 euros. Comme tous<br \/>\nles Parisiens, \u00e0 un moment ou \u00e0 un autre, on y est pass\u00e9,<br \/>\neffectivement, au BHV\u00a0\u00bb, a-t-il ajout\u00e9 dans le <a href=\"https:\/\/www.closermag.fr\/politique\/le-traitre-en-chef-apolline-de-malherbe-perd-son-flegme-face-a-son-invite-pour-elle-cest-lhopital-qui-se-fout-de-la-charite-3586955\" target=\"_blank\" rel=\"noopener\"><br \/>\nFace \u00e0 face<\/a>.<\/p>\n<p>Poup\u00e9es Shein : \u00ab\u00a0Je suis absolument<br \/>\nscandalis\u00e9\u00a0\u00bb<\/p>\n<p data-start=\"1766\" data-end=\"2166\">Au cours de l&rsquo;\u00e9change,<br \/>\nFr\u00e9d\u00e9ric Merlin a \u00e9galement exprim\u00e9 son indignation face aux<br \/>\nproduits incrimin\u00e9s. \u00ab\u00a0Si j\u2019avais su pour les poup\u00e9es, je ne<br \/>\nl\u2019aurais pas fait. Ce que je veux rappeler d\u2019abord, c\u2019est que je<br \/>\nsuis absolument scandalis\u00e9 de savoir qu\u2019on puisse vendre librement<br \/>\nsur des plateformes Internet, Chine et d\u2019autres d\u2019ailleurs.<br \/>\nAliExpress, Temu, etc. Ce genre de produit, \u00e7a me choque.<br \/>\n<strong>\u00c7a me choque et \u00e7a me scandalise\u00a0\u00bb<\/strong>, a-t-il<br \/>\nd\u00e9clar\u00e9 \u00e0 la <a href=\"https:\/\/www.closermag.fr\/politique\/vous-montrez-les-muscles-cinglante-et-moqueuse-apolline-de-malherbe-mouche-olivier-faure-tres-surpris-3590642\" target=\"_blank\" rel=\"noopener\"><br \/>\njournaliste.<\/a><\/p>\n<p data-start=\"1766\" data-end=\"2166\">\u00ab\u00a0Une grande partie de<br \/>\nl\u2019industrie du textile s\u2019est oppos\u00e9e \u00e0 ce partenariat. Et nous, ce<br \/>\nque nous avons d\u00e9cid\u00e9 de faire, c\u2019est de rester silencieux.<br \/>\nPourquoi ? Parce que quand certains commentent, nous, on travaille.<br \/>\nEt donc, depuis un mois, nous ne nous \u00e9tions pas exprim\u00e9s\u00a0\u00bb a<br \/>\nconclu le pr\u00e9sident de la SGM.<\/p>\n","protected":false},"excerpt":{"rendered":"L\u2019arriv\u00e9e du g\u00e9ant chinois Shein au BHV continue de susciter de vives r\u00e9actions. L\u2019annonce de ce partenariat avec&hellip;\n","protected":false},"author":2,"featured_media":513195,"comment_status":"","ping_status":"","sticky":false,"template":"","format":"standard","meta":{"footnotes":""},"categories":[1356],"tags":[10848,58,59,1011,27,252,1364],"class_list":{"0":"post-513194","1":"post","2":"type-post","3":"status-publish","4":"format-standard","5":"has-post-thumbnail","7":"category-television","8":"tag-apolline-de-malherbe","9":"tag-divertissement","10":"tag-entertainment","11":"tag-fr","12":"tag-france","13":"tag-television","14":"tag-tv"},"share_on_mastodon":{"url":"https:\/\/pubeurope.com\/@fr\/115496371089137529","error":""},"_links":{"self":[{"href":"https:\/\/www.europesays.com\/fr\/wp-json\/wp\/v2\/posts\/513194","targetHints":{"allow":["GET"]}}],"collection":[{"href":"https:\/\/www.europesays.com\/fr\/wp-json\/wp\/v2\/posts"}],"about":[{"href":"https:\/\/www.europesays.com\/fr\/wp-json\/wp\/v2\/types\/post"}],"author":[{"embeddable":true,"href":"https:\/\/www.europesays.com\/fr\/wp-json\/wp\/v2\/users\/2"}],"replies":[{"embeddable":true,"href":"https:\/\/www.europesays.com\/fr\/wp-json\/wp\/v2\/comments?post=513194"}],"version-history":[{"count":0,"href":"https:\/\/www.europesays.com\/fr\/wp-json\/wp\/v2\/posts\/513194\/revisions"}],"wp:featuredmedia":[{"embeddable":true,"href":"https:\/\/www.europesays.com\/fr\/wp-json\/wp\/v2\/media\/513195"}],"wp:attachment":[{"href":"https:\/\/www.europesays.com\/fr\/wp-json\/wp\/v2\/media?parent=513194"}],"wp:term":[{"taxonomy":"category","embeddable":true,"href":"https:\/\/www.europesays.com\/fr\/wp-json\/wp\/v2\/categories?post=513194"},{"taxonomy":"post_tag","embeddable":true,"href":"https:\/\/www.europesays.com\/fr\/wp-json\/wp\/v2\/tags?post=513194"}],"curies":[{"name":"wp","href":"https:\/\/api.w.org\/{rel}","templated":true}]}}