{"id":513198,"date":"2025-11-05T09:26:13","date_gmt":"2025-11-05T09:26:13","guid":{"rendered":"https:\/\/www.europesays.com\/fr\/513198\/"},"modified":"2025-11-05T09:26:13","modified_gmt":"2025-11-05T09:26:13","slug":"les-critiques-dhugues-dayez-la-femme-la-plus-riche-du-monde-laffaire-bettencourt-devient-une-comedie-satirique","status":"publish","type":"post","link":"https:\/\/www.europesays.com\/fr\/513198\/","title":{"rendered":"Les critiques d\u2019Hugues Dayez\u00a0: &lsquo;La femme la plus riche du monde&rsquo;, l\u2019affaire Bettencourt devient une com\u00e9die satirique"},"content":{"rendered":"<p>En\u00a02018, Karine et Jimmy forment un couple uni, depuis pr\u00e8s de vingt ans. Elle est ouvri\u00e8re dans une usine agroalimentaire\u00a0; lui est \u00e0 la t\u00eate d\u2019une petite entreprise de transports et est lui-m\u00eame chauffeur routier. Ils ont deux enfants adolescents. Lorsque na\u00eet le <strong>mouvement des Gilets Jaunes<\/strong>, Karine, insatisfaite de ses conditions de travail et solidaire de certains coll\u00e8gues, va se trouver de plus en plus <strong>investie dans le combat<\/strong>. Son mari, Jimmy, ne la suit pas et subit ses absences r\u00e9p\u00e9t\u00e9es. L\u2019investissement de Karine va-t-il avoir raison de l\u2019\u00e9quilibre du couple\u00a0?<\/p>\n<p><strong>Thomas Kruithof <\/strong>avait sign\u00e9 un film politique passionnant, \u00ab\u00a0Les promesses\u00a0\u00bb, sur la vie d\u2019une maire de banlieue incarn\u00e9e par Isabelle Huppert. Il poursuit dans la veine du cin\u00e9ma r\u00e9aliste et bien document\u00e9 avec \u00ab\u00a0Les Braises\u00a0\u00bb, h\u00e9las pas avec le m\u00eame bonheur. Son sc\u00e9nario, ax\u00e9 sur <strong>une escalade et ses cons\u00e9quences dans la vie priv\u00e9e de ses protagonistes<\/strong>, est trop lin\u00e9aire\u00a0: les enjeux une fois (bien) pos\u00e9s, le film rec\u00e8le peu de surprise.<\/p>\n<p><strong>L\u2019autre talon d\u2019Achille, c\u2019est le casting<\/strong>. Michael Haneke l\u2019a soulign\u00e9\u00a0: \u00ab\u00a0Un casting r\u00e9ussi, ce n\u2019est pas seulement r\u00e9unir des bons acteurs, c\u2019est choisir des acteurs qui conviennent pour les r\u00f4les.\u00a0\u00bb Pas s\u00fbr que Virginie Efira, qui a construit une image tr\u00e8s glamour et tr\u00e8s parisienne ces derni\u00e8res ann\u00e9es, \u00e9tait l\u2019actrice id\u00e9ale pour incarner une ouvri\u00e8re de province. Quant \u00e0 Arieh Worthalter (franco-belge comme Efira, et laur\u00e9at du C\u00e9sar pour \u00ab\u00a0Le proc\u00e8s Goldman\u00a0\u00bb), il s\u2019en sort mieux en conducteur de poids lourds, mais c\u2019est l\u2019alchimie m\u00eame du couple qui n\u2019est <strong>pas tr\u00e8s convaincante<\/strong>. Enfin, Kruithof c\u00e8de \u00e0 la mode \u2013 un peu facile \u2013 des fins \u00ab\u00a0ouvertes\u00a0\u00bb.<\/p>\n","protected":false},"excerpt":{"rendered":"En\u00a02018, Karine et Jimmy forment un couple uni, depuis pr\u00e8s de vingt ans. Elle est ouvri\u00e8re dans une&hellip;\n","protected":false},"author":2,"featured_media":513199,"comment_status":"","ping_status":"","sticky":false,"template":"","format":"standard","meta":{"footnotes":""},"categories":[1354],"tags":[58,59,1346,1011,27,1360],"class_list":{"0":"post-513198","1":"post","2":"type-post","3":"status-publish","4":"format-standard","5":"has-post-thumbnail","7":"category-films","8":"tag-divertissement","9":"tag-entertainment","10":"tag-films","11":"tag-fr","12":"tag-france","13":"tag-movies"},"share_on_mastodon":{"url":"https:\/\/pubeurope.com\/@fr\/115496378942741572","error":""},"_links":{"self":[{"href":"https:\/\/www.europesays.com\/fr\/wp-json\/wp\/v2\/posts\/513198","targetHints":{"allow":["GET"]}}],"collection":[{"href":"https:\/\/www.europesays.com\/fr\/wp-json\/wp\/v2\/posts"}],"about":[{"href":"https:\/\/www.europesays.com\/fr\/wp-json\/wp\/v2\/types\/post"}],"author":[{"embeddable":true,"href":"https:\/\/www.europesays.com\/fr\/wp-json\/wp\/v2\/users\/2"}],"replies":[{"embeddable":true,"href":"https:\/\/www.europesays.com\/fr\/wp-json\/wp\/v2\/comments?post=513198"}],"version-history":[{"count":0,"href":"https:\/\/www.europesays.com\/fr\/wp-json\/wp\/v2\/posts\/513198\/revisions"}],"wp:featuredmedia":[{"embeddable":true,"href":"https:\/\/www.europesays.com\/fr\/wp-json\/wp\/v2\/media\/513199"}],"wp:attachment":[{"href":"https:\/\/www.europesays.com\/fr\/wp-json\/wp\/v2\/media?parent=513198"}],"wp:term":[{"taxonomy":"category","embeddable":true,"href":"https:\/\/www.europesays.com\/fr\/wp-json\/wp\/v2\/categories?post=513198"},{"taxonomy":"post_tag","embeddable":true,"href":"https:\/\/www.europesays.com\/fr\/wp-json\/wp\/v2\/tags?post=513198"}],"curies":[{"name":"wp","href":"https:\/\/api.w.org\/{rel}","templated":true}]}}