{"id":513204,"date":"2025-11-05T09:29:11","date_gmt":"2025-11-05T09:29:11","guid":{"rendered":"https:\/\/www.europesays.com\/fr\/513204\/"},"modified":"2025-11-05T09:29:11","modified_gmt":"2025-11-05T09:29:11","slug":"la-grosse-bourde-danne-elisabeth-lemoine-face-a-vanessa-paradis","status":"publish","type":"post","link":"https:\/\/www.europesays.com\/fr\/513204\/","title":{"rendered":"la grosse bourde d\u2019Anne-\u00c9lisabeth Lemoine face \u00e0 Vanessa Paradis"},"content":{"rendered":"<p>    Anne-\u00c9lisabeth Lemoine dans \u00ab C \u00e0 vous\u00a0\u00bb le 4 novembre 2025<br \/>\n                Capture \u00e9cran France 5<\/p>\n<p>\n    <strong>VID\u00c9O &#8211; <\/strong>L\u2019animatrice de France 5, qui recevait la chanteuse aux c\u00f4t\u00e9s de J\u00e9r\u00f4me Commandeur et de Fran\u00e7ois Damiens mardi soir \u00e0 l\u2019occasion de la sortie du film Tu n\u2019as pas chang\u00e9, s\u2019est perdue dans ses fiches.<\/p>\n<p class=\"fig-paragraph\">Les bourdes d\u2019<strong>Anne-\u00c9lisabeth Lemoine<\/strong> font partie du charme de l\u2019animatrice et de\u00a0<a href=\"https:\/\/tvmag.lefigaro.fr\/programme-tv\/programme\/c-a-vous-d629397959\" target=\"_blank\" rel=\"noopener\" data-gtm-custom-categorie=\"navigation\" data-gtm-custom-action=\"crossclick\" data-gtm-custom-label=\"Contextuel\" data-gtm-event=\"customEventSPE\"><strong>\u00ab C \u00e0 vous\u00a0\u00bb<\/strong><\/a> . D\u2019abord chroniqueuse \u00e0 son arriv\u00e9e en 2014 puis animatrice \u00e0 partir de 2017, cette derni\u00e8re a habitu\u00e9 les t\u00e9l\u00e9spectateurs de France 5 \u00e0 ses savoureuses imperfections qui la rendent si attachante. Nouvelle \u00ab victime\u00a0\u00bb mardi soir, <strong>Vanessa Paradis<\/strong> a d\u2019ailleurs appr\u00e9ci\u00e9 la dimension \u00ab humaine\u00a0\u00bb de son interlocutrice.<\/p>\n<p class=\"fig-paragraph\">Alors qu\u2019elle terminait de promouvoir le film Tu n\u2019as pas chang\u00e9 aupr\u00e8s de J\u00e9r\u00f4me Commandeur,\u00a0<a href=\"http:\/\/tvmag.lefigaro.fr\/programme-tv\/actu-tele\/je-ne-dirais-pas-que-je-suis-depressif-mais-francois-damiens-se-confie-dans-sept-a-huit-20230402\" target=\"_blank\" data-fig-type=\"Article\" rel=\"noopener\" data-gtm-custom-categorie=\"navigation\" data-gtm-custom-action=\"crossclick\" data-gtm-custom-label=\"Contextuel\" data-gtm-event=\"customEventSPE\" data-fig-domain=\"TVMAG\">Fran\u00e7ois Damiens<\/a>\u00a0et Vanessa Paradis, Anne-\u00c9lisabeth Lemoine a voulu \u00e9voquer l\u2019actualit\u00e9 musicale de cette derni\u00e8re. \u00ab On sera heureux de vous recevoir dans quelques semaines, je crois, pour \u00e9voquer votre nouvel album, lui a-t-elle d\u00e9clar\u00e9 h\u00e9sitante. C\u2019est votre grand retour \u00e0 la chanson et en studio, cela faisait sept ans, je crois, que ce n\u2019\u00e9tait pas le cas. \u00c7a s\u2019appelle Les Sources&#8230;\u00a0\u00bb Imm\u00e9diatement, l\u2019int\u00e9ress\u00e9e l\u2019a corrig\u00e9e.<\/p>\n<p class=\"fig-body-link\">\n            \u00c0 lire aussi<br \/>\n        <a class=\"fig-body-link__link\" href=\"http:\/\/tvmag.lefigaro.fr\/programme-tv\/actu-tele\/vous-etes-en-train-de-spoiler-le-film-la-nouvelle-bourde-d-anne-elisabeth-lemoine-dans-c-a-vous-20231024\" target=\"_blank\" data-fig-type=\"Article\" rel=\"noopener\" data-gtm-custom-categorie=\"navigation\" data-gtm-custom-action=\"crossclick\" data-gtm-custom-label=\"Contextuel\" data-gtm-event=\"customEventSPE\" data-fig-domain=\"TVMAG\"><\/p>\n<p>        \u00abVous \u00eates en train de spoiler le film\u00bb\u00a0: la nouvelle bourde d\u2019Anne-Elisabeth Lemoine dans \u00abC \u00e0 vous\u00bb<br \/>\n    <\/a>\n<\/p>\n<blockquote class=\"fig-quote&#10;    \">\n<p class=\"fig-quote__text\">\u00ab Cela fait tellement plaisir, on a affaire \u00e0 un \u00eatre humain\u00a0\u00bb<\/p>\n<p>            Vanessa Paradis\n    <\/p><\/blockquote>\n<p>                                    <a class=\"fig-a11y-skip a11y-hidden\" href=\"#fig-a11y-skip-main-inarticle\"><br \/>\n        Passer la publicit\u00e9<br \/>\n    <\/a><\/p>\n<p class=\"fig-paragraph\">Car, en r\u00e9alit\u00e9, l\u2019album intitul\u00e9 Les Sources avait \u00e9t\u00e9 sorti par Vanessa Paradis le 16 novembre&#8230; 2018. Le prochain s\u2019intitulera <strong>Le retour des beaux jours<\/strong> . \u00ab Les Sources, c\u2019\u00e9tait celui d\u2019avant\u00a0\u00bb, lui a gentiment expliqu\u00e9 la chanteuse. \u00ab Mais ce n\u2019est pas possible\u00a0! Il n\u2019y avait pas eu une bourde depuis dix minutes\u00a0\u00bb, a ironis\u00e9\u00a0<a href=\"http:\/\/tvmag.lefigaro.fr\/programme-tv\/actu-tele\/on-s-en-fout-de-ca-jerome-commandeur-recadre-julien-bellver-dans-quotidien-20251103\" target=\"_blank\" data-fig-type=\"Article\" rel=\"noopener\" data-gtm-custom-categorie=\"navigation\" data-gtm-custom-action=\"crossclick\" data-gtm-custom-label=\"Contextuel\" data-gtm-event=\"customEventSPE\" data-fig-domain=\"TVMAG\">J\u00e9r\u00f4me Commandeur<\/a>\u00a0dans l\u2019hilarit\u00e9 g\u00e9n\u00e9rale.<\/p>\n<p class=\"fig-paragraph\">Totalement confuse, Anne-\u00c9lisabeth Lemoine a compris qu\u2019il y avait une diff\u00e9rence entre ce qui \u00e9tait \u00e9crit sur sa fiche et la longueur de l\u2019inscription du titre sur la pochette de l\u2019album de Vanessa Paradis apparu sur divers \u00e9crans du plateau. \u00ab Mais je suis myope\u00a0\u00bb, a d\u00e9clar\u00e9 l\u2019animatrice de France 5 sur son incapacit\u00e9 \u00e0 pouvoir se corriger rapidement. \u00ab Donc c\u2019est Le retour des jolies choses\u00a0\u00bb, a-t-elle tent\u00e9 de se rattraper&#8230; en se trompant de nouveau.<\/p>\n<p class=\"fig-paragraph\">\u00ab Non, c\u2019est Le retour des beaux jours\u00a0\u00bb, a-t-elle \u00e9t\u00e9 corrig\u00e9e par ses \u00e9quipes prises d\u2019un fou rire g\u00e9n\u00e9ral. \u00ab Cela fait tellement plaisir, on a affaire \u00e0 un \u00eatre humain\u00a0\u00bb, a tenu \u00e0 souligner\u00a0<a href=\"http:\/\/www.lefigaro.fr\/musique\/le-capitaine-de-mon-disque-c-est-moi-vanessa-paradis-une-survivante-de-la-chanson-20251008\" target=\"_blank\" data-fig-type=\"Article\" rel=\"noopener\" data-gtm-custom-categorie=\"navigation\" data-gtm-custom-action=\"crossclick\" data-gtm-custom-label=\"Contextuel\" data-gtm-event=\"customEventSPE\" data-fig-domain=\"LEFIGARO\">Vanessa Paradis<\/a>\u00a0pour d\u00e9culpabiliser une Anne-\u00c9lisabeth Lemoine d\u00e9pit\u00e9e par ses deux bourdes successives. \u00ab Mais quand m\u00eame Babeth, retenez les titres des albums\u00a0\u00bb, a plaisant\u00e9 J\u00e9r\u00f4me Commander dans la bonne humeur. L\u2019animatrice de \u00ab C \u00e0 vous\u00a0\u00bb a promis d\u2019\u00eatre \u00ab op\u00e9rationnelle\u00a0\u00bb le jour o\u00f9 la chanteuse viendra parler de son nouvel album dans son \u00e9mission.<\/p>\n","protected":false},"excerpt":{"rendered":"Anne-\u00c9lisabeth Lemoine dans \u00ab C \u00e0 vous\u00a0\u00bb le 4 novembre 2025 Capture \u00e9cran France 5 VID\u00c9O &#8211; L\u2019animatrice&hellip;\n","protected":false},"author":2,"featured_media":513205,"comment_status":"","ping_status":"","sticky":false,"template":"","format":"standard","meta":{"footnotes":""},"categories":[8],"tags":[5631,5632,58,59,1011,27,10245],"class_list":{"0":"post-513204","1":"post","2":"type-post","3":"status-publish","4":"format-standard","5":"has-post-thumbnail","7":"category-divertissement","8":"tag-anne-elisabeth-lemoine","9":"tag-c-a-vous","10":"tag-divertissement","11":"tag-entertainment","12":"tag-fr","13":"tag-france","14":"tag-vanessa-paradis"},"share_on_mastodon":{"url":"https:\/\/pubeurope.com\/@fr\/115496390749337671","error":""},"_links":{"self":[{"href":"https:\/\/www.europesays.com\/fr\/wp-json\/wp\/v2\/posts\/513204","targetHints":{"allow":["GET"]}}],"collection":[{"href":"https:\/\/www.europesays.com\/fr\/wp-json\/wp\/v2\/posts"}],"about":[{"href":"https:\/\/www.europesays.com\/fr\/wp-json\/wp\/v2\/types\/post"}],"author":[{"embeddable":true,"href":"https:\/\/www.europesays.com\/fr\/wp-json\/wp\/v2\/users\/2"}],"replies":[{"embeddable":true,"href":"https:\/\/www.europesays.com\/fr\/wp-json\/wp\/v2\/comments?post=513204"}],"version-history":[{"count":0,"href":"https:\/\/www.europesays.com\/fr\/wp-json\/wp\/v2\/posts\/513204\/revisions"}],"wp:featuredmedia":[{"embeddable":true,"href":"https:\/\/www.europesays.com\/fr\/wp-json\/wp\/v2\/media\/513205"}],"wp:attachment":[{"href":"https:\/\/www.europesays.com\/fr\/wp-json\/wp\/v2\/media?parent=513204"}],"wp:term":[{"taxonomy":"category","embeddable":true,"href":"https:\/\/www.europesays.com\/fr\/wp-json\/wp\/v2\/categories?post=513204"},{"taxonomy":"post_tag","embeddable":true,"href":"https:\/\/www.europesays.com\/fr\/wp-json\/wp\/v2\/tags?post=513204"}],"curies":[{"name":"wp","href":"https:\/\/api.w.org\/{rel}","templated":true}]}}