{"id":513211,"date":"2025-11-05T09:33:10","date_gmt":"2025-11-05T09:33:10","guid":{"rendered":"https:\/\/www.europesays.com\/fr\/513211\/"},"modified":"2025-11-05T09:33:10","modified_gmt":"2025-11-05T09:33:10","slug":"une-poupee-sexuelle-shein-interceptee-dans-les-bouches-du-rhone-le-destinataire-interpelle","status":"publish","type":"post","link":"https:\/\/www.europesays.com\/fr\/513211\/","title":{"rendered":"Une poup\u00e9e sexuelle Shein intercept\u00e9e dans les Bouches-du-Rh\u00f4ne, le destinataire interpell\u00e9"},"content":{"rendered":"<p class=\"paragraph text_align_left lp-f-body-02\">Une poup\u00e9e sexuelle, <a href=\"https:\/\/www.leparisien.fr\/economie\/poupees-sexuelles-enfantines-nous-collaborerons-a-100-avec-la-justice-assure-le-porte-parole-de-shein-en-france-04-11-2025-KJQUKM56CBAXFME7EKVO6VYHN4.php\" target=\"_blank\" rel=\"noreferrer nofollow noopener\">vendue par la plate-forme Shein<\/a>, a \u00e9t\u00e9 intercept\u00e9e dans un colis lundi dans les Bouches-du-Rh\u00f4ne, a appris Le Parisien.<\/p>\n<p class=\"paragraph text_align_left lp-f-body-02\">Dans un contexte de vigilance accrue depuis que le scandale de <a href=\"https:\/\/www.leparisien.fr\/economie\/shein-des-poupees-sexuelles-en-forme-de-fillette-vendues-sur-son-site-internet-01-11-2025-C3EC2OOGFJGB5DO2FOSO3IZE4U.php\" target=\"_blank\" rel=\"noreferrer nofollow noopener\">ces poup\u00e9es p\u00e9dopornographiques<\/a> a \u00e9clat\u00e9, la semaine derni\u00e8re, le personnel du d\u00e9p\u00f4t par lequel transitait ce paquet a rep\u00e9r\u00e9 un \u00ab colis assez lourd, volumineux et en partie ouvert \u00bb. \u00c0 l\u2019int\u00e9rieur, les employ\u00e9s ont d\u00e9couvert une poup\u00e9e en silicone, \u00e0 l\u2019image d\u2019une pr\u00e9adolescente mesurant 1m30.<\/p>\n<p>La poup\u00e9e saisie<\/p>\n<p class=\"paragraph text_align_left lp-f-body-02\">Cette d\u00e9couverte a aussit\u00f4t \u00e9t\u00e9 signal\u00e9e \u00e0 la Brigade territoriale de Gardanne, et le destinataire, demeurant \u00e0 Bouc-Bel-Air, a \u00e9t\u00e9 identifi\u00e9.<\/p>\n<p class=\"paragraph text_align_left lp-f-body-02\">Selon nos informations, la poup\u00e9e a \u00e9t\u00e9 saisie et le parquet d\u2019Aix-en-Provence a ouvert une enqu\u00eate en flagrance pour \u00ab importation, tentative acquisition et tentative de d\u00e9tention de l\u2019image d\u2019un mineur pr\u00e9sentant un caract\u00e8re pornographique \u00bb.<\/p>\n<p class=\"lp-card-podcast-highlighting__title  lp-f-subtitle-05\">[2\/4] L\u2019assassinat du PDG de Renault : la sanglante \u00e9pop\u00e9e du groupe Action directe<\/p>\n<p class=\"lp-card-podcast-highlighting__description lp-f-ui-05\">Crime story raconte chaque semaine les grandes affaires criminelles.<\/p>\n<p><a class=\"lp-card-podcast-highlighting__call-to-action\" data-page-type=\"HP\" data-block-name=\"podcast-highlight\">\u00c9couter<\/a><\/p>\n<p class=\"paragraph text_align_left lp-f-body-02\">Le destinataire, un homme de 56 ans, d\u00e9j\u00e0 condamn\u00e9 pour des affaires de m\u0153urs, a \u00e9t\u00e9 interpell\u00e9 et plac\u00e9 en garde \u00e0 vue. Une perquisition a \u00e9t\u00e9 r\u00e9alis\u00e9e \u00e0 son domicile, son mat\u00e9riel informatique a \u00e9t\u00e9 saisi et est en cours d\u2019analyse.<\/p>\n<p class=\"paragraph text_align_left lp-f-body-02\">L\u2019homme va \u00eatre d\u00e9f\u00e9r\u00e9.<\/p>\n<p class=\"paragraph text_align_left lp-f-body-02\">Le g\u00e9ant asiatique de la vente en ligne <a href=\"https:\/\/www.leparisien.fr\/economie\/shein\/\" rel=\"nofollow noopener\" target=\"_blank\">Shein<\/a>, qui <a href=\"https:\/\/www.leparisien.fr\/paris-75\/poupees-pedopornographiques-une-action-organisee-contre-shein-devant-le-bhv-a-paris-03-11-2025-ETCXUG5AXVA5XMFZRTD6QVIY2M.php\" rel=\"nofollow noopener\" target=\"_blank\">ouvre ce mercredi son magasin parisien au BHV<\/a>, sera auditionn\u00e9 sous quinze jours \u00e0 l\u2019Assembl\u00e9e par la mission d\u2019information sur les contr\u00f4les des produits import\u00e9s en France, apr\u00e8s la r\u00e9v\u00e9lation du scandale des poup\u00e9es sexuelles enfantines. Ces objets p\u00e9dopornographiques, vendus sur la plate-forme chinoise, font l\u2019objet d\u2019un signalement de la r\u00e9pression des fraudes.<\/p>\n<p class=\"paragraph text_align_left lp-f-body-02\">\u00ab Nous serons en totale transparence avec la justice \u00bb, a assur\u00e9 ce mardi, le porte-parole de <a href=\"https:\/\/www.leparisien.fr\/economie\/shein-des-poupees-sexuelles-en-forme-de-fillette-vendues-sur-son-site-internet-01-11-2025-C3EC2OOGFJGB5DO2FOSO3IZE4U.php\" rel=\"nofollow noopener\" target=\"_blank\">Shein<\/a> France, Quentin Ruffat. Interrog\u00e9 \u00e0 propos des clients qui ont achet\u00e9 ces poup\u00e9es, et sur la possibilit\u00e9 que Shein donne leur nom aux enqu\u00eateurs, il a assur\u00e9 : \u00ab Si on nous demande une telle chose, nous collaborerons \u00e0 100 %. Nous r\u00e9pondrons \u00e0 l\u2019ensemble des questions qu\u2019on nous posera \u00bb.<\/p>\n<p class=\"paragraph text_align_left lp-f-body-02\"><a href=\"https:\/\/www.leparisien.fr\/faits-divers\/poupees-sexuelles-la-haute-commissaire-a-lenfance-sarah-el-hairy-souhaite-des-controles-chez-les-acheteurs-potentiellement-des-pedocriminels-03-11-2025-4KXFAFF2GVBX3BF2M4MLN7ZYW4.php\" rel=\"nofollow noopener\" target=\"_blank\">Sarah El Ha\u00efry, Haute-commissaire \u00e0 l\u2019Enfance<\/a>, d\u00e9clarait, elle, qu\u2019\u00ab aller chercher ceux qui ont achet\u00e9 ces poup\u00e9es aujourd\u2019hui dans notre territoire est une obligation pour aller prot\u00e9ger et contr\u00f4ler l\u2019\u00e9tat des enfants qui sont dans leur entourage proche \u00bb.<\/p>\n","protected":false},"excerpt":{"rendered":"Une poup\u00e9e sexuelle, vendue par la plate-forme Shein, a \u00e9t\u00e9 intercept\u00e9e dans un colis lundi dans les Bouches-du-Rh\u00f4ne,&hellip;\n","protected":false},"author":2,"featured_media":505355,"comment_status":"","ping_status":"","sticky":false,"template":"","format":"standard","meta":{"footnotes":""},"categories":[4],"tags":[11,459,118,1011,27,12,25],"class_list":{"0":"post-513211","1":"post","2":"type-post","3":"status-publish","4":"format-standard","5":"has-post-thumbnail","7":"category-france","8":"tag-actualites","9":"tag-departements-horsidfo","10":"tag-faits-divers","11":"tag-fr","12":"tag-france","13":"tag-news","14":"tag-republique-francaise"},"share_on_mastodon":{"url":"https:\/\/pubeurope.com\/@fr\/115496406541338935","error":""},"_links":{"self":[{"href":"https:\/\/www.europesays.com\/fr\/wp-json\/wp\/v2\/posts\/513211","targetHints":{"allow":["GET"]}}],"collection":[{"href":"https:\/\/www.europesays.com\/fr\/wp-json\/wp\/v2\/posts"}],"about":[{"href":"https:\/\/www.europesays.com\/fr\/wp-json\/wp\/v2\/types\/post"}],"author":[{"embeddable":true,"href":"https:\/\/www.europesays.com\/fr\/wp-json\/wp\/v2\/users\/2"}],"replies":[{"embeddable":true,"href":"https:\/\/www.europesays.com\/fr\/wp-json\/wp\/v2\/comments?post=513211"}],"version-history":[{"count":0,"href":"https:\/\/www.europesays.com\/fr\/wp-json\/wp\/v2\/posts\/513211\/revisions"}],"wp:featuredmedia":[{"embeddable":true,"href":"https:\/\/www.europesays.com\/fr\/wp-json\/wp\/v2\/media\/505355"}],"wp:attachment":[{"href":"https:\/\/www.europesays.com\/fr\/wp-json\/wp\/v2\/media?parent=513211"}],"wp:term":[{"taxonomy":"category","embeddable":true,"href":"https:\/\/www.europesays.com\/fr\/wp-json\/wp\/v2\/categories?post=513211"},{"taxonomy":"post_tag","embeddable":true,"href":"https:\/\/www.europesays.com\/fr\/wp-json\/wp\/v2\/tags?post=513211"}],"curies":[{"name":"wp","href":"https:\/\/api.w.org\/{rel}","templated":true}]}}