{"id":513218,"date":"2025-11-05T09:37:15","date_gmt":"2025-11-05T09:37:15","guid":{"rendered":"https:\/\/www.europesays.com\/fr\/513218\/"},"modified":"2025-11-05T09:37:15","modified_gmt":"2025-11-05T09:37:15","slug":"retour-sur-invasion-nancy-france","status":"publish","type":"post","link":"https:\/\/www.europesays.com\/fr\/513218\/","title":{"rendered":"RETOUR SUR INVASION > NANCY > FRANCE"},"content":{"rendered":"<p class=\"has-medium-font-size\">Nancy, France, vendredi 31 octobre, tandis que la ville se pare de citrouilles et de masques sanguinolents, un autre genre de cr\u00e9atures envahit le quartier du boulevard d\u2019Austrasie, les fans de hardcore, de hardtechno et de basslines infernales : retour sur cette soir\u00e9e infernale !<\/p>\n<p class=\"has-medium-font-size\"><a href=\"https:\/\/lautrecanalnancy.fr\/\" rel=\"nofollow noopener\" target=\"_blank\">L\u2019Autre Canal<\/a>, salle embl\u00e9matique du Grand Est, accueillait Invasion Halloween Edition orchestr\u00e9 par <a href=\"https:\/\/hardcorefrancemag.fr\/\" rel=\"nofollow noopener\" target=\"_blank\">Hardcore France<\/a>. Une soir\u00e9e pens\u00e9e comme un exorcisme collectif : lumi\u00e8re stroboscopique, murs vibrants et d\u00e9guisements terrifiants \u00e0 souhait.<\/p>\n<p class=\"has-medium-font-size\">D\u00e8s l\u2019ouverture des portes, on sentait l\u2019impatience. Le public, jeune, d\u00e9guis\u00e9 et d\u00e9termin\u00e9 \u00e0 faire trembler le sol, remplissait la salle \u00e0 une vitesse d\u00e9moniaque. On croisait des zombies en baskets, des sorci\u00e8res fluos, et m\u00eame une citrouille au regard diabolique. Bref, une ambiance Halloween parfaitement dos\u00e9e : fun, trash et surtout, intens\u00e9ment rythm\u00e9e.<\/p>\n","protected":false},"excerpt":{"rendered":"Nancy, France, vendredi 31 octobre, tandis que la ville se pare de citrouilles et de masques sanguinolents, un&hellip;\n","protected":false},"author":2,"featured_media":513219,"comment_status":"","ping_status":"","sticky":false,"template":"","format":"standard","meta":{"footnotes":""},"categories":[9635],"tags":[1111,11,1777,674,849,1011,27,775,61807,3578,873,1702,12,25],"class_list":{"0":"post-513218","1":"post","2":"type-post","3":"status-publish","4":"format-standard","5":"has-post-thumbnail","7":"category-nancy","8":"tag-actu","9":"tag-actualites","10":"tag-eu","11":"tag-europe","12":"tag-festival","13":"tag-fr","14":"tag-france","15":"tag-grand-est","16":"tag-hardcore","17":"tag-invasion","18":"tag-musique","19":"tag-nancy","20":"tag-news","21":"tag-republique-francaise"},"share_on_mastodon":{"url":"https:\/\/pubeurope.com\/@fr\/115496422240287051","error":""},"_links":{"self":[{"href":"https:\/\/www.europesays.com\/fr\/wp-json\/wp\/v2\/posts\/513218","targetHints":{"allow":["GET"]}}],"collection":[{"href":"https:\/\/www.europesays.com\/fr\/wp-json\/wp\/v2\/posts"}],"about":[{"href":"https:\/\/www.europesays.com\/fr\/wp-json\/wp\/v2\/types\/post"}],"author":[{"embeddable":true,"href":"https:\/\/www.europesays.com\/fr\/wp-json\/wp\/v2\/users\/2"}],"replies":[{"embeddable":true,"href":"https:\/\/www.europesays.com\/fr\/wp-json\/wp\/v2\/comments?post=513218"}],"version-history":[{"count":0,"href":"https:\/\/www.europesays.com\/fr\/wp-json\/wp\/v2\/posts\/513218\/revisions"}],"wp:featuredmedia":[{"embeddable":true,"href":"https:\/\/www.europesays.com\/fr\/wp-json\/wp\/v2\/media\/513219"}],"wp:attachment":[{"href":"https:\/\/www.europesays.com\/fr\/wp-json\/wp\/v2\/media?parent=513218"}],"wp:term":[{"taxonomy":"category","embeddable":true,"href":"https:\/\/www.europesays.com\/fr\/wp-json\/wp\/v2\/categories?post=513218"},{"taxonomy":"post_tag","embeddable":true,"href":"https:\/\/www.europesays.com\/fr\/wp-json\/wp\/v2\/tags?post=513218"}],"curies":[{"name":"wp","href":"https:\/\/api.w.org\/{rel}","templated":true}]}}