{"id":513220,"date":"2025-11-05T09:38:22","date_gmt":"2025-11-05T09:38:22","guid":{"rendered":"https:\/\/www.europesays.com\/fr\/513220\/"},"modified":"2025-11-05T09:38:22","modified_gmt":"2025-11-05T09:38:22","slug":"la-maison-des-femmes-est-ouverte-a-nancy","status":"publish","type":"post","link":"https:\/\/www.europesays.com\/fr\/513220\/","title":{"rendered":"La Maison des Femmes est ouverte \u00e0 Nancy"},"content":{"rendered":"<p class=\"article-p mdl\">Les femmes victimes de violences ont d\u00e9sormais un refuge. Situ\u00e9 au 54 rue Charles III, la Maison des Femmes les accueille \u00e0 toute heure du jour et de la nuit. Elles peuvent b\u00e9n\u00e9ficier d\u2019une mise \u00e0 l\u2019abri d\u2019urgence pour 48 \u00e0 72 heures mais \u00e9galement d\u2019un accompagnement adapt\u00e9 et personnalis\u00e9 dans leurs d\u00e9marches.<\/p>\n<p class=\"article-p mdl\">La structure co-fond\u00e9e par trois associations (Ar\u00e9lia, CIDFF Meurthe-et-Moselle-Nancy et France Victimes 54) assure une pr\u00e9sence permanente. Les \u00e9quipes sur place sont form\u00e9es \u00e0 l\u2019\u00e9coute et \u00e0 l\u2019accompagnement des victimes, y compris la nuit dans des locaux discrets et s\u00e9curis\u00e9s.\n<\/p>\n<p class=\"article-p mdl\">Les enfants sont \u00e9galement les bienvenus. Des espaces d\u00e9di\u00e9s leur sont r\u00e9serv\u00e9s avec des espaces de repos et de jeux.\n<\/p>\n<p class=\"article-p mdl\">Des permanences de conseils juridiques personnalis\u00e9s seront gratuitement assur\u00e9es par des avocats une demi-journ\u00e9e tous les 15 jours.\n<\/p>\n<p>            Informer et sensibiliser le grand public<\/p>\n<p class=\"article-p mdl\">Parall\u00e8lement, un second espace est consacr\u00e9 \u00e0 l\u2019information et \u00e0 la sensibilisation. Il est pour le moment accessible au grand public les lundis de 14h \u00e0 17h et les mercredis de 10h \u00e0 12h.<br \/>\n<br \/>L\u2019objectif est de faire conna\u00eetre les violences pour mieux les pr\u00e9venir.\n<\/p>\n<p>                <img decoding=\"async\" alt=\"\" class=\"media-item lazy\" src=\"https:\/\/www.europesays.com\/fr\/wp-content\/uploads\/2025\/11\/1793540-le-grand-public-est-accueilli-dans-des-salles-dediees.jpg\"\/><\/p>\n<p class=\"article-media-figcaption-title\">\n            Le grand public est accueilli dans des salles d\u00e9di\u00e9es<\/p>\n<p class=\"article-media-figcaption-credits\">\n            Cr\u00e9dit : Sarah Cotton<\/p>\n<p class=\"article-p mdl\">Des actions et des \u00e9v\u00e8nements seront organis\u00e9s par les associations locales f\u00e9ministes et de lutte contre les discriminations.\n<\/p>\n<p>    La r\u00e9daction vous recommande<\/p>\n<p>\n                                    Lire la suite\n                                <\/p>\n","protected":false},"excerpt":{"rendered":"Les femmes victimes de violences ont d\u00e9sormais un refuge. Situ\u00e9 au 54 rue Charles III, la Maison des&hellip;\n","protected":false},"author":2,"featured_media":513221,"comment_status":"","ping_status":"","sticky":false,"template":"","format":"standard","meta":{"footnotes":""},"categories":[9635],"tags":[1111,11,1777,674,1011,27,775,776,1702,12,16,25],"class_list":{"0":"post-513220","1":"post","2":"type-post","3":"status-publish","4":"format-standard","5":"has-post-thumbnail","7":"category-nancy","8":"tag-actu","9":"tag-actualites","10":"tag-eu","11":"tag-europe","12":"tag-fr","13":"tag-france","14":"tag-grand-est","15":"tag-lorraine","16":"tag-nancy","17":"tag-news","18":"tag-region","19":"tag-republique-francaise"},"share_on_mastodon":{"url":"https:\/\/pubeurope.com\/@fr\/115496426799545158","error":""},"_links":{"self":[{"href":"https:\/\/www.europesays.com\/fr\/wp-json\/wp\/v2\/posts\/513220","targetHints":{"allow":["GET"]}}],"collection":[{"href":"https:\/\/www.europesays.com\/fr\/wp-json\/wp\/v2\/posts"}],"about":[{"href":"https:\/\/www.europesays.com\/fr\/wp-json\/wp\/v2\/types\/post"}],"author":[{"embeddable":true,"href":"https:\/\/www.europesays.com\/fr\/wp-json\/wp\/v2\/users\/2"}],"replies":[{"embeddable":true,"href":"https:\/\/www.europesays.com\/fr\/wp-json\/wp\/v2\/comments?post=513220"}],"version-history":[{"count":0,"href":"https:\/\/www.europesays.com\/fr\/wp-json\/wp\/v2\/posts\/513220\/revisions"}],"wp:featuredmedia":[{"embeddable":true,"href":"https:\/\/www.europesays.com\/fr\/wp-json\/wp\/v2\/media\/513221"}],"wp:attachment":[{"href":"https:\/\/www.europesays.com\/fr\/wp-json\/wp\/v2\/media?parent=513220"}],"wp:term":[{"taxonomy":"category","embeddable":true,"href":"https:\/\/www.europesays.com\/fr\/wp-json\/wp\/v2\/categories?post=513220"},{"taxonomy":"post_tag","embeddable":true,"href":"https:\/\/www.europesays.com\/fr\/wp-json\/wp\/v2\/tags?post=513220"}],"curies":[{"name":"wp","href":"https:\/\/api.w.org\/{rel}","templated":true}]}}