{"id":513226,"date":"2025-11-05T09:41:09","date_gmt":"2025-11-05T09:41:09","guid":{"rendered":"https:\/\/www.europesays.com\/fr\/513226\/"},"modified":"2025-11-05T09:41:09","modified_gmt":"2025-11-05T09:41:09","slug":"crane-et-machoire-defonces-qui-a-sauvagement-assassine-une-sdf","status":"publish","type":"post","link":"https:\/\/www.europesays.com\/fr\/513226\/","title":{"rendered":"cr\u00e2ne et m\u00e2choire d\u00e9fonc\u00e9s, qui a sauvagement assassin\u00e9 une SDF\u00a0?"},"content":{"rendered":"<p>            Par<br \/>\n        <strong><br \/>\n            <a href=\"https:\/\/actu.fr\/auteur\/jm-aubert\" title=\"Consulter tous les articles de Jean-Marc Aubert\" rel=\"nofollow noopener\" target=\"_blank\">Jean-Marc Aubert<\/a><br \/>\n        <\/strong><\/p>\n<p>        Publi\u00e9 le<\/p>\n<p>            5 nov. 2025 \u00e0 10h37        <\/p>\n<p>\/ EXCLUSIF M\u00c9TROPOLITAIN \/<\/p>\n<p class=\" wall-content\">La <strong>SDF<\/strong> de 60 ans retrouv\u00e9e morte, le 28 septembre dernier dans un foss\u00e9, avenue des Platanes \u00e0 <strong>Lattes<\/strong>, a \u00e9t\u00e9 sauvagement<strong> assassin\u00e9e<\/strong>. L\u2019enqu\u00eate se poursuit activement \u00e0 la <strong>DIPN 34<\/strong>.<\/p>\n<p class=\" wall-content\">Les conclusions de l\u2019autopsie r\u00e9alis\u00e9e par deux m\u00e9decins l\u00e9gistes au <strong>D\u00e9partement de m\u00e9decine l\u00e9gale<\/strong> \u00e0 l\u2019h\u00f4pital Lapeyronie, \u00e0 Montpellier sont sans appel : la SDF \u00e2g\u00e9e de 60 ans d\u00e9couverte gisant sous une couverture, dimanche 28 septembre 2025, vers 16h, dans le quartier de Boirargues, \u00e0 Lattes a \u00e9t\u00e9 tu\u00e9e avec une violence inou\u00efe.<\/p>\n<p class=\" wall-content\">Elle pr\u00e9sentait un important enfoncement de la bo\u00eete cr\u00e2nienne, dont l\u2019affaissement dans la t\u00eate a entra\u00een\u00e9 des blessures \u00e0 la m\u00e2choire, avec de nombreuses dents bris\u00e9es et d\u00e9chauss\u00e9es. Qui en voulait \u00e0 cette sans-abri au point de la tuer sauvagement avec un objet contondant lourd ? Il n\u2019a pas \u00e9t\u00e9 retrouv\u00e9 sur la sc\u00e8ne de crime.<\/p>\n<p>    <a href=\"https:\/\/www.google.com\/maps\/embed?pb=!1m18!1m12!1m3!1d9659.055794853428!2d3.916161203483309!3d43.58658611816755!2m3!1f0!2f0!3f0!3m2!1i1024!2i768!4f13.1!3m3!1m2!1s0x12b6a542dc6e5e4f%3A0xe76f571d4ad6449e!2sAv.%20des%20Platanes%2C%2034970%20Lattes!5e0!3m2!1sfr!2sfr!4v1762331217816!5m2!1sfr!2sfr\" title=\"Ouvrie le lien\" rel=\"nofollow noopener\" target=\"_blank\">Cliquez ici pour visualiser le contenu<\/a><\/p>\n<p class=\" wall-content\">Plus d\u2019un mois apr\u00e8s, les enqu\u00eateurs de la brigade criminelle du Service interd\u00e9partemental de la <strong>police judiciaire<\/strong> de la DIPN 34 poursuivant leurs investigations pour trouver la bonne piste qui les conduiront au ou aux assassins.\u00a0<\/p>\n<p class=\" wall-content\">Pour l\u2019heure, l\u2019enqu\u00eate est men\u00e9e dans le milieu des SDF qui sont nombreux \u00e0 squatter des b\u00e2timents d\u00e9saffect\u00e9s dans le quartier de Boirargues, ailleurs \u00e0 Lattes \u00e9galement, et que fr\u00e9quentait la sexag\u00e9naire, inscrite au CCAS de la commune. Ce sont d\u2019ailleurs les policiers municipaux de Lattes intervenus le soir de la d\u00e9couverte du corps qui ont pu l\u2019identifier rapidement.<\/p>\n<p>Vid\u00e9os : en ce moment sur Actu<\/p>\n<p class=\" wall-content\">C\u2019est le propri\u00e9taire d\u2019une villa voisine o\u00f9 la SDF avait eu l\u2019autorisation d\u2019installer son campement pr\u00e9caire dans un coin de son jardin, qui l\u2019a retrouv\u00e9e. \u00c9tonn\u00e9 de ne pas l\u2019avoir vu le samedi, ni le dimanche, il s\u2019en est inqui\u00e9t\u00e9 et en faisant des recherches pr\u00e8s de sa propri\u00e9t\u00e9, il a aper\u00e7u dans le foss\u00e9 une masse sous une couverture macul\u00e9e de sang avec les pieds qui d\u00e9passaient. Il a aussit\u00f4t donn\u00e9 l\u2019alerte.<\/p>\n<p>Votre r\u00e9gion, votre actu !<\/p>\n<p>Recevez chaque jour les infos qui comptent pour vous.<\/p>\n<p>\t<a href=\"https:\/\/actu.fr\/newsletter\" class=\"ac-btn ac-btn--corner ac-btn--medium ac-btn--blue800\" rel=\"nofollow noopener\" target=\"_blank\">S&rsquo;incrire<\/a><br \/>\nTraces suspectes \u00e0 la t\u00eate<\/p>\n<p class=\" wall-content\">Dans un premier temps, l\u2019hypoth\u00e8se d\u2019une chute ou d\u2019un accident de la route provoqu\u00e9e par un chauffard ayant pris la fuite \u00e9tait retenue, car les m\u00e9decins l\u00e9gistes intervenus sur la sc\u00e8ne de crime, apr\u00e8s plusieurs heures de travail de la <strong>police technique et scientifique<\/strong>\u00a0pour saisir tous les indices susceptibles d\u2019aider \u00e0 la progression de l\u2019enqu\u00eate, avaient relev\u00e9 des traces suspectes \u00e0 la t\u00eate pouvant avoir \u00e9t\u00e9 provoqu\u00e9es par une chute dans ce foss\u00e9 ou un choc avec un v\u00e9hicule.\u00a0<\/p>\n<p class=\" wall-content\">Toutefois, un meurtre n\u2019avait pas \u00e9t\u00e9 \u00e9cart\u00e9, policiers et l\u00e9gistes attendant les conclusions de l\u2019autopsie, dont les conclusions viennent de confirmer la th\u00e8se criminelle : les graves blessures port\u00e9es \u00e0 la t\u00eate proviennent d\u2019un objet contondant lourd, ayant d\u00e9fonc\u00e9 la bo\u00eete cr\u00e2nienne et enfonc\u00e9 le visage.\u00a0Des analyses compl\u00e9mentaires sont en cours pour d\u00e9terminer si la victime a subi des violences sexuelles.<\/p>\n<p>Corps transport\u00e9 ?<\/p>\n<p class=\" wall-content\">Le ou les assassins ont pris le soin de couvrir la SDF avec une couverture dans ce foss\u00e9 qui ne borde pas directement l\u2019avenue des Platanes, mais qui est l\u00e9g\u00e8rement en retrait et quasiment invisible. Le corps de la sexag\u00e9naire y a donc \u00e9t\u00e9 d\u00e9pos\u00e9 pour retarder le plus longtemps sa d\u00e9couverte. Elle aurait \u00e9t\u00e9 tu\u00e9e dans la nuit du samedi au dimanche et son cadavre aurait \u00e9t\u00e9 ensuite transport\u00e9 \u00e0 l\u2019endroit o\u00f9 le voisin l\u2019a d\u00e9couvert, sur cette longue avenue tr\u00e8s fr\u00e9quent\u00e9e qui relie le March\u00e9 du Lez et la route de Mauguio, au niveau de la station de tramway de la ligne 3 de Boirargues.\u00a0Qui a tu\u00e9 cette tranquille SDF ? Et pourquoi ? Le myst\u00e8re reste entier.<\/p>\n<p class=\" wall-content\">Personnalisez votre actualit\u00e9 en ajoutant vos villes et m\u00e9dias en favori avec <a href=\"https:\/\/moncompte.actu.fr\" title=\"D\u00e9couvez Mon Actu\" rel=\"nofollow noopener\" data-trk=\"{&quot;cta&quot;:{&quot;action&quot;:&quot;https:\\\/\\\/moncompte.actu.fr&quot;,&quot;category&quot;:&quot;mon compte&quot;,&quot;from&quot;:&quot;article footer&quot;,&quot;name&quot;:&quot;Mon actu&quot;,&quot;type&quot;:&quot;cta&quot;}}\" target=\"_blank\">Mon Actu<\/a>.<\/p>\n","protected":false},"excerpt":{"rendered":"Par Jean-Marc Aubert Publi\u00e9 le 5 nov. 2025 \u00e0 10h37 \/ EXCLUSIF M\u00c9TROPOLITAIN \/ La SDF de 60&hellip;\n","protected":false},"author":2,"featured_media":513227,"comment_status":"","ping_status":"","sticky":false,"template":"","format":"standard","meta":{"footnotes":""},"categories":[9599],"tags":[1111,11,1777,674,118,1011,27,303,777,2208,12,2680,1072,25],"class_list":{"0":"post-513226","1":"post","2":"type-post","3":"status-publish","4":"format-standard","5":"has-post-thumbnail","7":"category-montpellier","8":"tag-actu","9":"tag-actualites","10":"tag-eu","11":"tag-europe","12":"tag-faits-divers","13":"tag-fr","14":"tag-france","15":"tag-justice","16":"tag-meurtre","17":"tag-montpellier","18":"tag-news","19":"tag-occitanie","20":"tag-police","21":"tag-republique-francaise"},"share_on_mastodon":{"url":"https:\/\/pubeurope.com\/@fr\/115496437939886920","error":""},"_links":{"self":[{"href":"https:\/\/www.europesays.com\/fr\/wp-json\/wp\/v2\/posts\/513226","targetHints":{"allow":["GET"]}}],"collection":[{"href":"https:\/\/www.europesays.com\/fr\/wp-json\/wp\/v2\/posts"}],"about":[{"href":"https:\/\/www.europesays.com\/fr\/wp-json\/wp\/v2\/types\/post"}],"author":[{"embeddable":true,"href":"https:\/\/www.europesays.com\/fr\/wp-json\/wp\/v2\/users\/2"}],"replies":[{"embeddable":true,"href":"https:\/\/www.europesays.com\/fr\/wp-json\/wp\/v2\/comments?post=513226"}],"version-history":[{"count":0,"href":"https:\/\/www.europesays.com\/fr\/wp-json\/wp\/v2\/posts\/513226\/revisions"}],"wp:featuredmedia":[{"embeddable":true,"href":"https:\/\/www.europesays.com\/fr\/wp-json\/wp\/v2\/media\/513227"}],"wp:attachment":[{"href":"https:\/\/www.europesays.com\/fr\/wp-json\/wp\/v2\/media?parent=513226"}],"wp:term":[{"taxonomy":"category","embeddable":true,"href":"https:\/\/www.europesays.com\/fr\/wp-json\/wp\/v2\/categories?post=513226"},{"taxonomy":"post_tag","embeddable":true,"href":"https:\/\/www.europesays.com\/fr\/wp-json\/wp\/v2\/tags?post=513226"}],"curies":[{"name":"wp","href":"https:\/\/api.w.org\/{rel}","templated":true}]}}