{"id":513240,"date":"2025-11-05T09:49:21","date_gmt":"2025-11-05T09:49:21","guid":{"rendered":"https:\/\/www.europesays.com\/fr\/513240\/"},"modified":"2025-11-05T09:49:21","modified_gmt":"2025-11-05T09:49:21","slug":"justice-fumer-en-prison-est-un-droit-pour-les-detenus-juge-la-cour-europeenne-des-droits-de-lhomme","status":"publish","type":"post","link":"https:\/\/www.europesays.com\/fr\/513240\/","title":{"rendered":"Justice. Fumer en prison est un droit pour les d\u00e9tenus, juge la Cour europ\u00e9enne des droits de l&rsquo;homme"},"content":{"rendered":"<p>L&rsquo;Estonie a viol\u00e9 la convention europ\u00e9enne des droits de l&rsquo;homme en interdisant aux personnes d\u00e9tenues de fumer, a estim\u00e9 ce mardi la Cour europ\u00e9enne des droits de l&rsquo;homme (CEDH), soulignant que m\u00eame en prison, le droit \u00e0 la vie priv\u00e9e et la libert\u00e9 de faire des choix demeuraient. \u00ab Dans un contexte d&rsquo;autonomie personnelle d\u00e9j\u00e0 restreinte \u00bb, la libert\u00e9 pour les prisonniers de d\u00e9cider de certains sujets comme le fait de fumer est \u00ab d&rsquo;autant plus pr\u00e9cieuse \u00bb pour eux, souligne la cour dans un arr\u00eat.<\/p>\n<p>La cour reproche aux autorit\u00e9s estoniennes d&rsquo;avoir impos\u00e9 en 2017 une interdiction totale de fumer dans les prisons \u00ab sans \u00e9valuer son importance et son impact du point de vue de l&rsquo;autonomie personnelle des prisonniers fumeurs \u00bb, et sans fournir de justifications \u00ab pertinentes et suffisantes \u00bb, d\u00e9passant ainsi \u00ab la marge d&rsquo;appr\u00e9ciation \u00bb dont elles disposent.<\/p>\n<p>1 500 euros pour les d\u00e9tenus concern\u00e9s<\/p>\n<p>La cour a donc estim\u00e9, par 4 voix contre 3, qu&rsquo;il y avait eu violation de l&rsquo;article 8 de la convention, relatif au droit au respect de la vie priv\u00e9e et familiale. Elle a ainsi donn\u00e9 raison \u00e0 trois d\u00e9tenus qui l&rsquo;avaient saisie, se plaignant \u00e0 la fois de cette interdiction et de sympt\u00f4mes li\u00e9s au sevrage (prise de poids, troubles du sommeil, d\u00e9pression et anxi\u00e9t\u00e9).<\/p>\n<p>L&rsquo;Estonie devra verser \u00e0 ces trois requ\u00e9rants 1 500 euros chacun au titre des frais de justice. La CEDH a d\u00e9j\u00e0 statu\u00e9 sur des affaires touchant au tabagisme dans les prisons mais sous l&rsquo;angle du tabagisme passif. C&rsquo;est la premi\u00e8re fois qu&rsquo;elle \u00e9tait appel\u00e9e \u00e0 \u00e9valuer l&rsquo;impact d&rsquo;une interdiction totale de fumer dans les prisons du point de vue de fumeurs de longue date incarc\u00e9r\u00e9s.<\/p>\n","protected":false},"excerpt":{"rendered":"L&rsquo;Estonie a viol\u00e9 la convention europ\u00e9enne des droits de l&rsquo;homme en interdisant aux personnes d\u00e9tenues de fumer, a&hellip;\n","protected":false},"author":2,"featured_media":513241,"comment_status":"","ping_status":"","sticky":false,"template":"","format":"standard","meta":{"footnotes":""},"categories":[2820],"tags":[1111,11,1777,674,274,107,1011,27,329,775,12,25,640],"class_list":{"0":"post-513240","1":"post","2":"type-post","3":"status-publish","4":"format-standard","5":"has-post-thumbnail","7":"category-strasbourg","8":"tag-actu","9":"tag-actualites","10":"tag-eu","11":"tag-europe","12":"tag-faits-divers-justice","13":"tag-fil-info","14":"tag-fr","15":"tag-france","16":"tag-france-monde","17":"tag-grand-est","18":"tag-news","19":"tag-republique-francaise","20":"tag-strasbourg"},"share_on_mastodon":{"url":"https:\/\/pubeurope.com\/@fr\/115496469631091664","error":""},"_links":{"self":[{"href":"https:\/\/www.europesays.com\/fr\/wp-json\/wp\/v2\/posts\/513240","targetHints":{"allow":["GET"]}}],"collection":[{"href":"https:\/\/www.europesays.com\/fr\/wp-json\/wp\/v2\/posts"}],"about":[{"href":"https:\/\/www.europesays.com\/fr\/wp-json\/wp\/v2\/types\/post"}],"author":[{"embeddable":true,"href":"https:\/\/www.europesays.com\/fr\/wp-json\/wp\/v2\/users\/2"}],"replies":[{"embeddable":true,"href":"https:\/\/www.europesays.com\/fr\/wp-json\/wp\/v2\/comments?post=513240"}],"version-history":[{"count":0,"href":"https:\/\/www.europesays.com\/fr\/wp-json\/wp\/v2\/posts\/513240\/revisions"}],"wp:featuredmedia":[{"embeddable":true,"href":"https:\/\/www.europesays.com\/fr\/wp-json\/wp\/v2\/media\/513241"}],"wp:attachment":[{"href":"https:\/\/www.europesays.com\/fr\/wp-json\/wp\/v2\/media?parent=513240"}],"wp:term":[{"taxonomy":"category","embeddable":true,"href":"https:\/\/www.europesays.com\/fr\/wp-json\/wp\/v2\/categories?post=513240"},{"taxonomy":"post_tag","embeddable":true,"href":"https:\/\/www.europesays.com\/fr\/wp-json\/wp\/v2\/tags?post=513240"}],"curies":[{"name":"wp","href":"https:\/\/api.w.org\/{rel}","templated":true}]}}