{"id":513245,"date":"2025-11-05T09:52:13","date_gmt":"2025-11-05T09:52:13","guid":{"rendered":"https:\/\/www.europesays.com\/fr\/513245\/"},"modified":"2025-11-05T09:52:13","modified_gmt":"2025-11-05T09:52:13","slug":"nice-le-star-du-rap-damso-prevu-en-concert-voici-quand-et-comment-obtenir-ses-billets","status":"publish","type":"post","link":"https:\/\/www.europesays.com\/fr\/513245\/","title":{"rendered":"Nice. Le star du rap Damso pr\u00e9vu en concert, voici quand et comment obtenir ses billets"},"content":{"rendered":"<p>            Par<br \/>\n        <strong><br \/>\n            <a href=\"https:\/\/actu.fr\/auteur\/arthur-frand\" title=\"Consulter tous les articles de Arthur Frand\" rel=\"nofollow noopener\" target=\"_blank\">Arthur Frand<\/a><br \/>\n        <\/strong><\/p>\n<p>        Publi\u00e9 le<\/p>\n<p>            5 nov. 2025 \u00e0 10h20        <\/p>\n<p>Un nouveau gros nom du rap va <strong>se produire <a href=\"https:\/\/actu.fr\/nice\/\" rel=\"nofollow noopener\" target=\"_blank\">\u00e0 Nice<\/a><\/strong> en 2026. Apr\u00e8s la venue d\u2019<a href=\"https:\/\/actu.fr\/provence-alpes-cote-d-azur\/nice_06088\/nice-orelsan-bientot-en-concert-au-palais-nikaia-voici-quand-et-comment-obtenir-des-billets_63228294.html\" rel=\"nofollow noopener\" target=\"_blank\">Orelsan<\/a> en f\u00e9vrier, c\u2019est au tour de Damso de donner un concert dans la capitale des <a href=\"https:\/\/actu.fr\/provence-alpes-cote-d-azur\/alpes-maritimes_06\" rel=\"nofollow noopener\" target=\"_blank\">Alpes-Maritimes<\/a>, le 25 avril 2026 au Palais Nika\u00efa. C\u2019est ce qu\u2019il a r\u00e9v\u00e9l\u00e9 ce mardi 4 novembre 2025 par communiqu\u00e9.<\/p>\n<p>    <a href=\"https:\/\/www.google.com\/maps\/embed?pb=!1m18!1m12!1m3!1d5771.066666792617!2d7.196905877344086!3d43.67867447110094!2m3!1f0!2f0!3f0!3m2!1i1024!2i768!4f13.1!3m3!1m2!1s0x12cdd10ab4ef8591%3A0x9653bcb7f24af95e!2sPalais%20Nika%C3%AFa!5e0!3m2!1sfr!2sfr!4v1762331715985!5m2!1sfr!2sfr\" title=\"Ouvrie le lien\" rel=\"nofollow noopener\" target=\"_blank\">Cliquez ici pour visualiser le contenu<\/a><\/p>\n<p class=\" wall-content\">Le rappeur congolo-belge a d\u00e9voil\u00e9 une tourn\u00e9e en France et \u00e0 l\u2019international au printemps 2026, apr\u00e8s le grand succ\u00e8s de ses concerts \u00e0 Paris La D\u00e9fense Arena, tous d\u00e9j\u00e0 complets en mai\u00a02026. Pour obtenir <strong>ses billets \u00e0 Nice<\/strong>, il ne faudra pas tra\u00eener. Voici o\u00f9 et comment faire.<\/p>\n<p>Un incontournable du rap francophone\u00a0<\/p>\n<p class=\" wall-content\">Pr\u00e9sent depuis plus d\u2019une d\u00e9cennie en concert et sur les plateformes de streaming, Damso s\u2019est impos\u00e9 comme un <strong>incontournable du rap francophone<\/strong> avec sa voix tr\u00e8s singuli\u00e8re.<\/p>\n<p class=\" wall-content\">\n<p class=\" wall-content\">Apr\u00e8s le carton du QALF Tour, Damso reviendra dans le d\u00e9partement. Quatre ans apr\u00e8s une <strong>prestation remarqu\u00e9e<\/strong> aux Plages \u00e9lectroniques de Cannes, en 2022. \u00c0 Nice, le rappeur de 33 ans proposera un show d\u2019envergure pour c\u00e9l\u00e9brer son nouvel album B\u0112Y\u0100H. Son dernier projet, disque d\u2019or en une semaine, r\u00e9alise le meilleur d\u00e9marrage de l\u2019ann\u00e9e.<\/p>\n<p>Places en vente d\u00e8s ce jeudi 6\u00a0novembre<\/p>\n<p class=\" wall-content\">Damso se produira \u00e0 Nice <strong>le samedi 25\u00a0avril 2026<\/strong> au Palais Nika\u00efa, situ\u00e9 163 boulevard du Mercantour, \u00e0 Nice. La salle ni\u00e7oise peut accueillir 9 000 personnes en configuration indoor et jusqu\u2019\u00e0 56 000 spectateurs en configuration outdoor.<\/p>\n<p class=\" wall-content\">Pour obtenir ses places, il faudra \u00eatre \u00e0 l\u2019aff\u00fbt. Les pr\u00e9ventes ont lieu d\u00e8s ce jeudi 6 novembre \u00e0 12h sur les sites <a href=\"https:\/\/damso.com\/\" rel=\"nofollow noopener\" target=\"_blank\">damso.com<\/a> et de la salle de concert ni\u00e7oise <a href=\"https:\/\/www.nikaia.fr\/\" rel=\"nofollow noopener\" target=\"_blank\">nikaia.fr<\/a>.<\/p>\n<p>Votre r\u00e9gion, votre actu !<\/p>\n<p>Recevez chaque jour les infos qui comptent pour vous.<\/p>\n<p>\t<a href=\"https:\/\/actu.fr\/newsletter\" class=\"ac-btn ac-btn--corner ac-btn--medium ac-btn--blue800\" rel=\"nofollow noopener\" target=\"_blank\">S&rsquo;incrire<\/a><\/p>\n<p class=\" wall-content\">Si vous n\u2019avez pas pu obtenir le s\u00e9same, la mise en vente g\u00e9n\u00e9rale est programm\u00e9e ce vendredi 7\u00a0novembre \u00e0 12h sur tous les points de vente habituels.<\/p>\n<p class=\" wall-content\">Lors de cette grande tourn\u00e9e, Damso fera escale en Suisse, mais aussi en Belgique, \u00e0 Bruxelles et au Canada, \u00e0 Montr\u00e9al, le 5 juin, derni\u00e8re date de sa tourn\u00e9e.<\/p>\n<p class=\" wall-content\">Personnalisez votre actualit\u00e9 en ajoutant vos villes et m\u00e9dias en favori avec <a href=\"https:\/\/moncompte.actu.fr\" title=\"D\u00e9couvez Mon Actu\" rel=\"nofollow noopener\" data-trk=\"{&quot;cta&quot;:{&quot;action&quot;:&quot;https:\\\/\\\/moncompte.actu.fr&quot;,&quot;category&quot;:&quot;mon compte&quot;,&quot;from&quot;:&quot;article footer&quot;,&quot;name&quot;:&quot;Mon actu&quot;,&quot;type&quot;:&quot;cta&quot;}}\" target=\"_blank\">Mon Actu<\/a>.<\/p>\n","protected":false},"excerpt":{"rendered":"Par Arthur Frand Publi\u00e9 le 5 nov. 2025 \u00e0 10h20 Un nouveau gros nom du rap va se&hellip;\n","protected":false},"author":2,"featured_media":513246,"comment_status":"","ping_status":"","sticky":false,"template":"","format":"standard","meta":{"footnotes":""},"categories":[2819],"tags":[1111,11,1697,23412,1777,674,1011,27,12,2401,882,25,104],"class_list":{"0":"post-513245","1":"post","2":"type-post","3":"status-publish","4":"format-standard","5":"has-post-thumbnail","7":"category-nice","8":"tag-actu","9":"tag-actualites","10":"tag-concert","11":"tag-damso","12":"tag-eu","13":"tag-europe","14":"tag-fr","15":"tag-france","16":"tag-news","17":"tag-nice","18":"tag-provence-alpes-cote-dazur","19":"tag-republique-francaise","20":"tag-societe"},"share_on_mastodon":{"url":"https:\/\/pubeurope.com\/@fr\/115496481230476002","error":""},"_links":{"self":[{"href":"https:\/\/www.europesays.com\/fr\/wp-json\/wp\/v2\/posts\/513245","targetHints":{"allow":["GET"]}}],"collection":[{"href":"https:\/\/www.europesays.com\/fr\/wp-json\/wp\/v2\/posts"}],"about":[{"href":"https:\/\/www.europesays.com\/fr\/wp-json\/wp\/v2\/types\/post"}],"author":[{"embeddable":true,"href":"https:\/\/www.europesays.com\/fr\/wp-json\/wp\/v2\/users\/2"}],"replies":[{"embeddable":true,"href":"https:\/\/www.europesays.com\/fr\/wp-json\/wp\/v2\/comments?post=513245"}],"version-history":[{"count":0,"href":"https:\/\/www.europesays.com\/fr\/wp-json\/wp\/v2\/posts\/513245\/revisions"}],"wp:featuredmedia":[{"embeddable":true,"href":"https:\/\/www.europesays.com\/fr\/wp-json\/wp\/v2\/media\/513246"}],"wp:attachment":[{"href":"https:\/\/www.europesays.com\/fr\/wp-json\/wp\/v2\/media?parent=513245"}],"wp:term":[{"taxonomy":"category","embeddable":true,"href":"https:\/\/www.europesays.com\/fr\/wp-json\/wp\/v2\/categories?post=513245"},{"taxonomy":"post_tag","embeddable":true,"href":"https:\/\/www.europesays.com\/fr\/wp-json\/wp\/v2\/tags?post=513245"}],"curies":[{"name":"wp","href":"https:\/\/api.w.org\/{rel}","templated":true}]}}