{"id":513249,"date":"2025-11-05T09:54:14","date_gmt":"2025-11-05T09:54:14","guid":{"rendered":"https:\/\/www.europesays.com\/fr\/513249\/"},"modified":"2025-11-05T09:54:14","modified_gmt":"2025-11-05T09:54:14","slug":"un-homme-gravement-brule-et-intoxique-dans-lincendie-dun-immeuble-du-centre-ville","status":"publish","type":"post","link":"https:\/\/www.europesays.com\/fr\/513249\/","title":{"rendered":"Un homme gravement br\u00fbl\u00e9 et intoxiqu\u00e9 dans l\u2019incendie d\u2019un immeuble du centre-ville"},"content":{"rendered":"<p>Les pompiers ont \u00e9t\u00e9 d\u00e9clench\u00e9s un peu apr\u00e8s 1h30 du matin. Dans la nuit de mardi \u00e0 mercredi, un violent <a href=\"https:\/\/google.com\/search?q=incendie+20+minutes&amp;rlz=1C1GCEA_enFR1168FR1168&amp;oq=incendie+20+minutes&amp;gs_lcrp=EgZjaHJvbWUqCQgAEEUYOxiABDIJCAAQRRg7GIAEMgYIARBFGEAyCAgCEAAYFhgeMggIAxAAGBYYHjIICAQQABgWGB4yBggFEEUYPTIGCAYQRRg8MgYIBxBFGDzSAQgyNzgwajBqN6gCCLACAfEFWwq9dSeG1gA&amp;sourceid=chrome&amp;ie=UTF-8\" target=\"_blank\" class=\"c-link c-link--is-underlined\" rel=\"nofollow noopener\">incendie<\/a> s\u2019est d\u00e9clar\u00e9 dans un immeuble situ\u00e9 rue de Couedic dans le centre-ville de Nantes, a-t-on appris aupr\u00e8s du Centre op\u00e9rationnel d\u00e9partemental d\u2019incendie et de secours <a href=\"https:\/\/www.20minutes.fr\/societe\/loire-atlantique\/\" class=\"c-link c-link--is-underlined\" rel=\"nofollow noopener\" target=\"_blank\">de Loire-Atlantique<\/a>. Selon les premiers \u00e9l\u00e9ments, le feu s\u2019est d\u00e9clar\u00e9 au rez-de-chauss\u00e9e avant de se propager \u00e0 d\u2019autres appartements de l\u2019immeuble qui compte quatre \u00e9tages.<\/p>\n<\/p>\n<p>Douze occupants ont \u00e9t\u00e9 pris en charge par les secours. Parmi eux, un homme de 26 ans, br\u00fbl\u00e9 <a href=\"https:\/\/www.20minutes.fr\/dossier\/intoxication\" class=\"c-link c-link--is-underlined\" rel=\"nofollow noopener\" target=\"_blank\">et intoxiqu\u00e9<\/a>, qui a \u00e9t\u00e9 transport\u00e9 dans un \u00e9tat grave vers le CHU de Nantes. Les onze autres personnes ont \u00e9t\u00e9 examin\u00e9es sur place mais leur \u00e9tat n\u2019a pas n\u00e9cessit\u00e9 d\u2019hospitalisation. Au total, \u00ab\u00a0dix appartements ont \u00e9t\u00e9 impact\u00e9s avec un relogement \u00e0 pr\u00e9voir\u00a0\u00bb, pr\u00e9cisent les pompiers. Une enqu\u00eate a \u00e9t\u00e9 ouverte pour d\u00e9terminer l\u2019origine du sinistre.<\/p>\n","protected":false},"excerpt":{"rendered":"Les pompiers ont \u00e9t\u00e9 d\u00e9clench\u00e9s un peu apr\u00e8s 1h30 du matin. Dans la nuit de mardi \u00e0 mercredi,&hellip;\n","protected":false},"author":2,"featured_media":513250,"comment_status":"","ping_status":"","sticky":false,"template":"","format":"standard","meta":{"footnotes":""},"categories":[2818],"tags":[1111,47,11,1777,674,118,6944,1312,1011,27,1310,5447,3047,766,12,2636,1311,25],"class_list":{"0":"post-513249","1":"post","2":"type-post","3":"status-publish","4":"format-standard","5":"has-post-thumbnail","7":"category-nantes","8":"tag-actu","9":"tag-actualite","10":"tag-actualites","11":"tag-eu","12":"tag-europe","13":"tag-faits-divers","14":"tag-faits-divers-nantes","15":"tag-feu","16":"tag-fr","17":"tag-france","18":"tag-incendie","19":"tag-intoxication","20":"tag-loire-atlantique","21":"tag-nantes","22":"tag-news","23":"tag-pays-de-la-loire","24":"tag-pompiers","25":"tag-republique-francaise"},"share_on_mastodon":{"url":"https:\/\/pubeurope.com\/@fr\/115496489121092524","error":""},"_links":{"self":[{"href":"https:\/\/www.europesays.com\/fr\/wp-json\/wp\/v2\/posts\/513249","targetHints":{"allow":["GET"]}}],"collection":[{"href":"https:\/\/www.europesays.com\/fr\/wp-json\/wp\/v2\/posts"}],"about":[{"href":"https:\/\/www.europesays.com\/fr\/wp-json\/wp\/v2\/types\/post"}],"author":[{"embeddable":true,"href":"https:\/\/www.europesays.com\/fr\/wp-json\/wp\/v2\/users\/2"}],"replies":[{"embeddable":true,"href":"https:\/\/www.europesays.com\/fr\/wp-json\/wp\/v2\/comments?post=513249"}],"version-history":[{"count":0,"href":"https:\/\/www.europesays.com\/fr\/wp-json\/wp\/v2\/posts\/513249\/revisions"}],"wp:featuredmedia":[{"embeddable":true,"href":"https:\/\/www.europesays.com\/fr\/wp-json\/wp\/v2\/media\/513250"}],"wp:attachment":[{"href":"https:\/\/www.europesays.com\/fr\/wp-json\/wp\/v2\/media?parent=513249"}],"wp:term":[{"taxonomy":"category","embeddable":true,"href":"https:\/\/www.europesays.com\/fr\/wp-json\/wp\/v2\/categories?post=513249"},{"taxonomy":"post_tag","embeddable":true,"href":"https:\/\/www.europesays.com\/fr\/wp-json\/wp\/v2\/tags?post=513249"}],"curies":[{"name":"wp","href":"https:\/\/api.w.org\/{rel}","templated":true}]}}