{"id":513260,"date":"2025-11-05T09:59:10","date_gmt":"2025-11-05T09:59:10","guid":{"rendered":"https:\/\/www.europesays.com\/fr\/513260\/"},"modified":"2025-11-05T09:59:10","modified_gmt":"2025-11-05T09:59:10","slug":"lille-linfluenceur-masculiniste-paffman-vise-par-une-enquete-pour-apologie-de-viol","status":"publish","type":"post","link":"https:\/\/www.europesays.com\/fr\/513260\/","title":{"rendered":"Lille. L&rsquo;influenceur masculiniste \u00ab\u00a0Paffman\u00a0\u00bb vis\u00e9 par une enqu\u00eate pour apologie de viol"},"content":{"rendered":"<p>            Par<br \/>\n        <strong><br \/>\n            <a href=\"https:\/\/actu.fr\/auteur\/redaction-lille\" title=\"Consulter tous les articles de R\u00e9daction Lille\" target=\"_blank\" rel=\"noopener\">R\u00e9daction Lille<\/a><br \/>\n        <\/strong><\/p>\n<p>        Publi\u00e9 le<\/p>\n<p>            5 nov. 2025 \u00e0 10h44        <\/p>\n<p>Une enqu\u00eate pour apologie de viol a \u00e9t\u00e9 ouverte fin ao\u00fbt apr\u00e8s un signalement \u00e0 la <b>justice<\/b> de propos tenus par <b>l\u2019influenceur masculiniste \u00ab\u00a0Paffman\u00a0\u00bb<\/b> sur son compte <b>TikTok,<\/b> a appris l\u2019Agence France Presse (AFP mardi soir aupr\u00e8s du parquet de Lille. Dans une vid\u00e9o publi\u00e9e fin ao\u00fbt, l\u2019influenceur, qui \u00e9tait alors <b>suivi par 60 000 personnes<\/b> sur le r\u00e9seau social, avait indiqu\u00e9 avoir outrepass\u00e9 les <b>20 refus exprim\u00e9s par sa copine d\u2019avoir une relation sexuelle avec lui<\/b>.<\/p>\n<p>L\u2019influenceur masculiniste fait l\u2019objet d\u2019un reportage dans l\u2019\u00e9mission Sept \u00e0 Huit<\/p>\n<p class=\" wall-content\">\u00ab\u00a0Une enqu\u00eate pour apologie de crime ou de d\u00e9lit a \u00e9t\u00e9 ouverte d\u00e8s r\u00e9ception le 25 ao\u00fbt dernier d\u2019un article 40 transmis par le doyen de la <b>Facult\u00e9 des Sciences juridiques, politiques et sociales de Lille<\/b>\u00ab\u00a0, o\u00f9 le jeune homme \u00e9tudie, a indiqu\u00e9 le parquet sollicit\u00e9 par l\u2019AFP.<\/p>\n<p class=\" wall-content\">L\u2019article 40 du code de proc\u00e9dure p\u00e9nale oblige \u00ab\u00a0tout officier public qui, dans l\u2019exercice de ses fonctions, acquiert la connaissance d\u2019un crime ou d\u2019un d\u00e9lit\u00a0\u00bb \u00e0 saisir \u00ab\u00a0sans d\u00e9lai\u00a0\u00bb la justice.<\/p>\n<p class=\" wall-content\">Un peu plus t\u00f4t dans la journ\u00e9e mardi, la ministre d\u00e9l\u00e9gu\u00e9e charg\u00e9e de l\u2019Egalit\u00e9 entre les femmes et les hommes Aurore Berg\u00e9 avait annonc\u00e9 avoir proc\u00e9d\u00e9 \u00e0 un nouveau signalement \u00ab\u00a0suite aux propos r\u00e9p\u00e9t\u00e9s de \u2018Paffman&rsquo;\u00a0\u00bb.<\/p>\n<p class=\" wall-content\">\u00ab\u00a0Il faut mettre un terme \u00e0 la culture du viol. La loi a chang\u00e9, la culture doit changer\u00a0\u00bb, a-t-elle \u00e9crit sur X, r\u00e9agissant \u00e0<a href=\"https:\/\/www.tf1.fr\/tf1\/sept-a-huit\/videos\/linquietant-paffman-conseils-de-seduction-ou-apologie-du-viol-98055071.html\" target=\"_blank\" rel=\"noopener\"> l\u2019\u00e9mission Sept \u00e0 Huit diffus\u00e9 dimanche<\/a> et consacr\u00e9e \u00e0 l\u2019\u00e9tudiant de 22 ans.<\/p>\n<p class=\" wall-content\">\n<p class=\" wall-content\">Encore actif mardi, son compte apparaissait comme \u00ab\u00a0banni\u00a0\u00bb de TikTok mercredi matin.<\/p>\n<p class=\" wall-content\">L\u2019apologie de viol est passible de cinq ans de prison et de 45 000 euros d\u2019amende.<\/p>\n<p class=\" wall-content\"><b>Avec AFP<\/b><\/p>\n<p class=\" wall-content\">Personnalisez votre actualit\u00e9 en ajoutant vos villes et m\u00e9dias en favori avec <a href=\"https:\/\/moncompte.actu.fr\" title=\"D\u00e9couvez Mon Actu\" rel=\"nofollow noopener\" data-trk=\"{&quot;cta&quot;:{&quot;action&quot;:&quot;https:\\\/\\\/moncompte.actu.fr&quot;,&quot;category&quot;:&quot;mon compte&quot;,&quot;from&quot;:&quot;article footer&quot;,&quot;name&quot;:&quot;Mon actu&quot;,&quot;type&quot;:&quot;cta&quot;}}\" target=\"_blank\">Mon Actu<\/a>.<\/p>\n","protected":false},"excerpt":{"rendered":"Par R\u00e9daction Lille Publi\u00e9 le 5 nov. 2025 \u00e0 10h44 Une enqu\u00eate pour apologie de viol a \u00e9t\u00e9&hellip;\n","protected":false},"author":2,"featured_media":513261,"comment_status":"","ping_status":"","sticky":false,"template":"","format":"standard","meta":{"footnotes":""},"categories":[2815],"tags":[1111,11,1777,674,1011,27,811,303,1307,12,25,104,2439],"class_list":{"0":"post-513260","1":"post","2":"type-post","3":"status-publish","4":"format-standard","5":"has-post-thumbnail","7":"category-lille","8":"tag-actu","9":"tag-actualites","10":"tag-eu","11":"tag-europe","12":"tag-fr","13":"tag-france","14":"tag-hauts-de-france","15":"tag-justice","16":"tag-lille","17":"tag-news","18":"tag-republique-francaise","19":"tag-societe","20":"tag-tiktok"},"share_on_mastodon":{"url":"https:\/\/pubeurope.com\/@fr\/115496508753051240","error":""},"_links":{"self":[{"href":"https:\/\/www.europesays.com\/fr\/wp-json\/wp\/v2\/posts\/513260","targetHints":{"allow":["GET"]}}],"collection":[{"href":"https:\/\/www.europesays.com\/fr\/wp-json\/wp\/v2\/posts"}],"about":[{"href":"https:\/\/www.europesays.com\/fr\/wp-json\/wp\/v2\/types\/post"}],"author":[{"embeddable":true,"href":"https:\/\/www.europesays.com\/fr\/wp-json\/wp\/v2\/users\/2"}],"replies":[{"embeddable":true,"href":"https:\/\/www.europesays.com\/fr\/wp-json\/wp\/v2\/comments?post=513260"}],"version-history":[{"count":0,"href":"https:\/\/www.europesays.com\/fr\/wp-json\/wp\/v2\/posts\/513260\/revisions"}],"wp:featuredmedia":[{"embeddable":true,"href":"https:\/\/www.europesays.com\/fr\/wp-json\/wp\/v2\/media\/513261"}],"wp:attachment":[{"href":"https:\/\/www.europesays.com\/fr\/wp-json\/wp\/v2\/media?parent=513260"}],"wp:term":[{"taxonomy":"category","embeddable":true,"href":"https:\/\/www.europesays.com\/fr\/wp-json\/wp\/v2\/categories?post=513260"},{"taxonomy":"post_tag","embeddable":true,"href":"https:\/\/www.europesays.com\/fr\/wp-json\/wp\/v2\/tags?post=513260"}],"curies":[{"name":"wp","href":"https:\/\/api.w.org\/{rel}","templated":true}]}}