{"id":513268,"date":"2025-11-05T10:03:11","date_gmt":"2025-11-05T10:03:11","guid":{"rendered":"https:\/\/www.europesays.com\/fr\/513268\/"},"modified":"2025-11-05T10:03:11","modified_gmt":"2025-11-05T10:03:11","slug":"lyon-des-drones-la-grande-nouveaute-de-la-prochaine-fete-des-lumieres","status":"publish","type":"post","link":"https:\/\/www.europesays.com\/fr\/513268\/","title":{"rendered":"Lyon : des drones, la grande nouveaut\u00e9 de la prochaine F\u00eate des Lumi\u00e8res !"},"content":{"rendered":"<p>L&rsquo;\u00e9dition 2025 de la F\u00eate des Lumi\u00e8res de Lyon est pr\u00e9sent\u00e9e ce mercredi 5 novembre \u00e0 l&rsquo;Op\u00e9ra de Lyon. Parmi les animations de cette ann\u00e9e, une grande nouveaut\u00e9 : un spectacle de drones !<\/p>\n<p>C&rsquo;est l&rsquo;annonce in\u00e9dite de cette \u00e9dition 2025 : <b>un spectacle de drones \u00e0 Lyon pour la F\u00eate des Lumi\u00e8res (5-8 d\u00e9cembre)<\/b>. Une grande premi\u00e8re !<\/p>\n<p>Un spectacle, intitul\u00e9 \u00ab\u00a0L&rsquo;\u00e9veil des lumi\u00e8res\u00a0\u00bb, se d\u00e9roulera dans le ciel du <b>Parc de la T\u00eate d&rsquo;Or<\/b>, avec <b>500 drones<\/b>, le tout sur <b>une dur\u00e9e de neuf minutes<\/b>.<\/p>\n<p>Un d\u00e9lai de 30 minutes sera n\u00e9cessaire entre chaque spectacle, le temps de changer les batteries.<\/p>\n<p>Un spectacle de drones pour la F\u00eate des Lumi\u00e8res<\/p>\n<p>Le show sera r\u00e9alis\u00e9 par l&rsquo;entreprise <b>Allumee<\/b>, bas\u00e9e \u00e0 Saint-Priest. Une fiert\u00e9 pour \u00c9douard Ferrari, le fondateur :<\/p>\n<blockquote><p>\u00ab\u00a0C&rsquo;est quelque chose d&rsquo;incroyable. On va pr\u00e9senter notre travail de 5 ans pour nos amis, nos familles et tous les Lyonnais.\u00a0\u00bb<\/p><\/blockquote>\n<p>Mais \u00e0 quoi peuvent s&rsquo;attendre les spectateurs ? Ce dernier nous donne les premiers indices de ce spectacle unique :<\/p>\n<blockquote><p>\u00ab\u00a0La surprise des formes dans le ciel, c&rsquo;est \u00e7a qui ressort. Notre terrain de jeu est tr\u00e8s grand pour faire de belles animations et de belles transformations. On va pouvoir marquer les esprits et provoquer des \u00e9motions chez le public, avec des formes que les Lyonnais reconna\u00eetront forc\u00e9ment.\u00a0\u00bb<\/p><\/blockquote>\n<p>Le programme du spectacle de drones pourrait toutefois \u00eatre modifi\u00e9 en cas de mauvais temps.<\/p>\n<p>Des drones \u00e0 la F\u00eate des Lumi\u00e8res de Lyon : une premi\u00e8re<\/p>\n<p>C&rsquo;est <b>la premi\u00e8re fois<\/b> que la F\u00eate des Lumi\u00e8res, quatri\u00e8me plus gros rendez-vous culturel mondial, aura droit \u00e0 un spectacle de drones.<\/p>\n<p>Radio SCOOP est partenaire de la F\u00eate des Lumi\u00e8res et <a class=\"url\" href=\"https:\/\/www.radioscoop.com\/infos\/une-enorme-surprise-l-association-singa-lyon-choisie-pour-les-lumignons-du-coeur_339293\" target=\"_blank\" rel=\"nofollow noopener\">des Lumignons du C\u0153ur<\/a>.<\/p>\n<p>Plus d&rsquo;informations \u00e0 suivre\u2026<\/p>\n<p><img loading=\"lazy\" decoding=\"async\" src=\"https:\/\/www.europesays.com\/fr\/wp-content\/uploads\/2025\/11\/1762336991_964_img\" width=\"350\" height=\"200\" border=\"0\" title=\"La Fresque des Lyonnais\"\/><\/p>\n<p>\u25baSoci\u00e9t\u00e9<\/p>\n<p style=\"font-size: 22px;\"><b>On conna\u00eet les deux nouvelles personnalit\u00e9s de la Fresque des Lyonnais<\/b><\/p>\n<p>Les deux nouvelles personnalit\u00e9s de la Fresque&#8230;<\/p>\n<p><\/p>\n","protected":false},"excerpt":{"rendered":"L&rsquo;\u00e9dition 2025 de la F\u00eate des Lumi\u00e8res de Lyon est pr\u00e9sent\u00e9e ce mercredi 5 novembre \u00e0 l&rsquo;Op\u00e9ra de&hellip;\n","protected":false},"author":2,"featured_media":513269,"comment_status":"","ping_status":"","sticky":false,"template":"","format":"standard","meta":{"footnotes":""},"categories":[1889],"tags":[6818,1111,11,2430,2024,1777,674,63416,1011,27,2428,12,25,853],"class_list":{"0":"post-513268","1":"post","2":"type-post","3":"status-publish","4":"format-standard","5":"has-post-thumbnail","7":"category-lyon","8":"tag-dition","9":"tag-actu","10":"tag-actualites","11":"tag-auvergne-rhone-alpes","12":"tag-drones","13":"tag-eu","14":"tag-europe","15":"tag-ftes-des-lumires-2026","16":"tag-fr","17":"tag-france","18":"tag-lyon","19":"tag-news","20":"tag-republique-francaise","21":"tag-spectacles"},"share_on_mastodon":{"url":"https:\/\/pubeurope.com\/@fr\/115496525211727114","error":""},"_links":{"self":[{"href":"https:\/\/www.europesays.com\/fr\/wp-json\/wp\/v2\/posts\/513268","targetHints":{"allow":["GET"]}}],"collection":[{"href":"https:\/\/www.europesays.com\/fr\/wp-json\/wp\/v2\/posts"}],"about":[{"href":"https:\/\/www.europesays.com\/fr\/wp-json\/wp\/v2\/types\/post"}],"author":[{"embeddable":true,"href":"https:\/\/www.europesays.com\/fr\/wp-json\/wp\/v2\/users\/2"}],"replies":[{"embeddable":true,"href":"https:\/\/www.europesays.com\/fr\/wp-json\/wp\/v2\/comments?post=513268"}],"version-history":[{"count":0,"href":"https:\/\/www.europesays.com\/fr\/wp-json\/wp\/v2\/posts\/513268\/revisions"}],"wp:featuredmedia":[{"embeddable":true,"href":"https:\/\/www.europesays.com\/fr\/wp-json\/wp\/v2\/media\/513269"}],"wp:attachment":[{"href":"https:\/\/www.europesays.com\/fr\/wp-json\/wp\/v2\/media?parent=513268"}],"wp:term":[{"taxonomy":"category","embeddable":true,"href":"https:\/\/www.europesays.com\/fr\/wp-json\/wp\/v2\/categories?post=513268"},{"taxonomy":"post_tag","embeddable":true,"href":"https:\/\/www.europesays.com\/fr\/wp-json\/wp\/v2\/tags?post=513268"}],"curies":[{"name":"wp","href":"https:\/\/api.w.org\/{rel}","templated":true}]}}