{"id":513270,"date":"2025-11-05T10:04:10","date_gmt":"2025-11-05T10:04:10","guid":{"rendered":"https:\/\/www.europesays.com\/fr\/513270\/"},"modified":"2025-11-05T10:04:10","modified_gmt":"2025-11-05T10:04:10","slug":"lyon-ce-magasin-qui-fait-fureur-en-ville-va-ouvrir-au-centre-commercial-de-la-part-dieu","status":"publish","type":"post","link":"https:\/\/www.europesays.com\/fr\/513270\/","title":{"rendered":"Lyon. Ce magasin qui fait fureur en ville va ouvrir au centre commercial de la Part-Dieu"},"content":{"rendered":"<p>            Par<br \/>\n        <strong><br \/>\n            <a href=\"https:\/\/actu.fr\/auteur\/nicolas-zaugra\" title=\"Consulter tous les articles de Nicolas Zaugra\" target=\"_blank\" rel=\"noopener\">Nicolas Zaugra<\/a><br \/>\n        <\/strong><\/p>\n<p>        Publi\u00e9 le<\/p>\n<p>            5 nov. 2025 \u00e0 10h57        <\/p>\n<p>Une nouvelle enseigne particuli\u00e8rement populaire s\u2019appr\u00eate \u00e0 ouvrir au centre commercial <a href=\"https:\/\/actu.fr\/auvergne-rhone-alpes\/lyon_69123\/lyon-ce-restaurant-fantome-du-centre-commercial-part-dieu-n-ouvre-plus-voici-pourquoi_63349387.html\" target=\"_blank\" rel=\"noopener\">Westfield Part-Dieu<\/a> dans le 3e arrondissement de <a href=\"https:\/\/actu.fr\/auvergne-rhone-alpes\/lyon_69123\" target=\"_blank\" rel=\"noopener\">Lyon<\/a>.<\/p>\n<p class=\" wall-content\">D\u00e9j\u00e0 implant\u00e9e dans le centre-ville sur la Presqu\u2019\u00eele au Grand H\u00f4tel-Dieu, <strong>Aroma-Zone<\/strong> va se d\u00e9velopper en ouvrant un second point de vente dans la ville face au succ\u00e8s de son concept. L\u2019enseigne fran\u00e7aise n\u00e9e dans la r\u00e9gion est l\u2019une des marques pr\u00e9f\u00e9r\u00e9es des Fran\u00e7ais avec D\u00e9cathlon.<\/p>\n<p>Ouverture en d\u00e9cembre 2025<\/p>\n<p class=\" wall-content\">La boutique sp\u00e9cialis\u00e9e dans les huiles essentielles et les produits de beaut\u00e9 doit ouvrir le <strong>11 d\u00e9cembre 2025<\/strong> au centre Part-Dieu, au niveau z\u00e9ro \u00e0 la place de la boutique Lacoste qui va d\u00e9m\u00e9nager au premier \u00e9tage.<\/p>\n<p class=\" wall-content\">L\u2019ouverture arrive pile avant les f\u00eates de fin d\u2019ann\u00e9e et No\u00ebl, moment fort pour la marque.<\/p>\n<p>Deux boutiques \u00e0 Lyon<\/p>\n<p class=\" wall-content\">L\u2019enseigne a multipli\u00e9 les points de vente ces derni\u00e8res ann\u00e9es en surfant sur le succ\u00e8s du \u00ab\u00a0Do It Yourself\u00a0\u00bb, \u00ab\u00a0faites-le vous-m\u00eame\u00a0\u00bb. D\u00e9j\u00e0 implant\u00e9 \u00e0 Marseille, Nice, en r\u00e9gion parisienne, Lille, Bruxelles, Grenoble, Strasbourg, Toulouse, Nantes, Aroma-Zone ouvre pour la premi\u00e8re fois (hors Paris) une seconde boutique dans une grande ville fran\u00e7aise.<\/p>\n<p class=\" wall-content\">Les r\u00e9seaux sociaux ont largement renforc\u00e9 le ph\u00e9nom\u00e8ne et confirm\u00e9 le succ\u00e8s de la premi\u00e8re boutique de la rue Bellecordi\u00e8re. Des foules importantes de clients et surtout de clientes s\u2019y pressent depuis sept ans, surtout le samedi.<\/p>\n<p class=\" wall-content\">Personnalisez votre actualit\u00e9 en ajoutant vos villes et m\u00e9dias en favori avec <a href=\"https:\/\/moncompte.actu.fr\" title=\"D\u00e9couvez Mon Actu\" rel=\"nofollow noopener\" data-trk=\"{&quot;cta&quot;:{&quot;action&quot;:&quot;https:\\\/\\\/moncompte.actu.fr&quot;,&quot;category&quot;:&quot;mon compte&quot;,&quot;from&quot;:&quot;article footer&quot;,&quot;name&quot;:&quot;Mon actu&quot;,&quot;type&quot;:&quot;cta&quot;}}\" target=\"_blank\">Mon Actu<\/a>.<\/p>\n","protected":false},"excerpt":{"rendered":"Par Nicolas Zaugra Publi\u00e9 le 5 nov. 2025 \u00e0 10h57 Une nouvelle enseigne particuli\u00e8rement populaire s\u2019appr\u00eate \u00e0 ouvrir&hellip;\n","protected":false},"author":2,"featured_media":513271,"comment_status":"","ping_status":"","sticky":false,"template":"","format":"standard","meta":{"footnotes":""},"categories":[1889],"tags":[1111,11,2430,215,33,1777,674,1011,27,2428,6178,12,3147,25],"class_list":{"0":"post-513270","1":"post","2":"type-post","3":"status-publish","4":"format-standard","5":"has-post-thumbnail","7":"category-lyon","8":"tag-actu","9":"tag-actualites","10":"tag-auvergne-rhone-alpes","11":"tag-commerce","12":"tag-economie","13":"tag-eu","14":"tag-europe","15":"tag-fr","16":"tag-france","17":"tag-lyon","18":"tag-lyon-part-dieu","19":"tag-news","20":"tag-nouveaux-commerces","21":"tag-republique-francaise"},"share_on_mastodon":{"url":"https:\/\/pubeurope.com\/@fr\/115496528364361797","error":""},"_links":{"self":[{"href":"https:\/\/www.europesays.com\/fr\/wp-json\/wp\/v2\/posts\/513270","targetHints":{"allow":["GET"]}}],"collection":[{"href":"https:\/\/www.europesays.com\/fr\/wp-json\/wp\/v2\/posts"}],"about":[{"href":"https:\/\/www.europesays.com\/fr\/wp-json\/wp\/v2\/types\/post"}],"author":[{"embeddable":true,"href":"https:\/\/www.europesays.com\/fr\/wp-json\/wp\/v2\/users\/2"}],"replies":[{"embeddable":true,"href":"https:\/\/www.europesays.com\/fr\/wp-json\/wp\/v2\/comments?post=513270"}],"version-history":[{"count":0,"href":"https:\/\/www.europesays.com\/fr\/wp-json\/wp\/v2\/posts\/513270\/revisions"}],"wp:featuredmedia":[{"embeddable":true,"href":"https:\/\/www.europesays.com\/fr\/wp-json\/wp\/v2\/media\/513271"}],"wp:attachment":[{"href":"https:\/\/www.europesays.com\/fr\/wp-json\/wp\/v2\/media?parent=513270"}],"wp:term":[{"taxonomy":"category","embeddable":true,"href":"https:\/\/www.europesays.com\/fr\/wp-json\/wp\/v2\/categories?post=513270"},{"taxonomy":"post_tag","embeddable":true,"href":"https:\/\/www.europesays.com\/fr\/wp-json\/wp\/v2\/tags?post=513270"}],"curies":[{"name":"wp","href":"https:\/\/api.w.org\/{rel}","templated":true}]}}