{"id":513276,"date":"2025-11-05T10:08:11","date_gmt":"2025-11-05T10:08:11","guid":{"rendered":"https:\/\/www.europesays.com\/fr\/513276\/"},"modified":"2025-11-05T10:08:11","modified_gmt":"2025-11-05T10:08:11","slug":"les-mythiques-tickets-de-metro-en-carton-ne-sont-plus-en-vente-a-partir-daujourdhui","status":"publish","type":"post","link":"https:\/\/www.europesays.com\/fr\/513276\/","title":{"rendered":"Les mythiques tickets de m\u00e9tro en carton ne sont plus en vente \u00e0 partir d\u2019aujourd\u2019hui"},"content":{"rendered":"<p class=\"mb-4 text-lg md:leading-8 break-words\"><strong>nostalgie &#8211; Le ticket de m\u00e9tro parisien, n\u00e9 en\u00a01900, a rendu l\u2019\u00e2me ce mercredi. Ce petit bout d\u2019histoire n\u2019est d\u00e9sormais plus mis \u00e0 la vente des passagers<\/strong><\/p>\n<p class=\"mb-4 text-lg md:leading-8 break-words\">C\u2019est la fin d\u2019un petit bout de carton et une page qui se tourne dans l\u2019histoire de <a href=\"https:\/\/www.20minutes.fr\/paris\/?at_medium=RSS%20feed&amp;at_campaign=ynews&amp;utm_source=yahoo&amp;utm_medium=rss&amp;utm_campaign=news_feed&amp;utm_content=in_article_link\" rel=\"nofollow noopener\" target=\"_blank\" data-ylk=\"slk:Paris;elm:context_link;itc:0;sec:content-canvas\" class=\"link \">Paris<\/a>. Le ticket de <a href=\"https:\/\/www.20minutes.fr\/dossier\/metro?at_medium=RSS%20feed&amp;at_campaign=ynews&amp;utm_source=yahoo&amp;utm_medium=rss&amp;utm_campaign=news_feed&amp;utm_content=in_article_link\" rel=\"nofollow noopener\" target=\"_blank\" data-ylk=\"slk:m\u00e9tro;elm:context_link;itc:0;sec:content-canvas\" class=\"link \">m\u00e9tro <\/a>parisien a rendu l\u2019\u00e2me le 5\u00a0novembre 2025. A partir de ce mercredi, il n\u2019est plus mis \u00e0 la vente des passagers. \u00ab\u00a0Apr\u00e8s plusieurs ann\u00e9es de transition vers des solutions billettiques plus modernes, la vente du ticket en carton est termin\u00e9e sur l\u2019ensemble des stations de m\u00e9tros et gares de <a href=\"https:\/\/www.20minutes.fr\/societe\/rer\/?at_medium=RSS%20feed&amp;at_campaign=ynews&amp;utm_source=yahoo&amp;utm_medium=rss&amp;utm_campaign=news_feed&amp;utm_content=in_article_link\" rel=\"nofollow noopener\" target=\"_blank\" data-ylk=\"slk:RER;elm:context_link;itc:0;sec:content-canvas\" class=\"link \">RER<\/a>\u00a0\u00bb,<a href=\"https:\/\/www.ratp.fr\/tickets-carton-vente-terminee?at_medium=RSS%20feed&amp;at_campaign=ynews&amp;utm_source=yahoo&amp;utm_medium=rss&amp;utm_campaign=news_feed&amp;utm_content=in_article_link\" rel=\"nofollow noopener\" target=\"_blank\" data-ylk=\"slk:confesse ainsi la RATP sur son site;elm:context_link;itc:0;sec:content-canvas\" class=\"link \"> confesse ainsi la RATP sur son site<\/a>.<\/p>\n<p>Un ticket apparu en\u00a01900<\/p>\n<p class=\"mb-4 text-lg md:leading-8 break-words\">Ce moyen de transport rectangulaire \u00e9tait apparu en m\u00eame temps que la premi\u00e8re ligne de m\u00e9tro dans la capitale, en juillet\u00a01900, il y a 125 ans. Il \u00e9tait alors \u00ab\u00a0poin\u00e7onn\u00e9\u00a0\u00bb par des agents. Il a plusieurs fois chang\u00e9 de peau (et de prix), visuel et couleur, pour atteindre sa taille d\u00e9finitive, de 66 sur 30 mm. Remplac\u00e9 petit \u00e0 petit par les pass Navigo et les smartphones, le ticket de m\u00e9tro aura jou\u00e9 les prolongations, comme un objet d\u00e9suet qui ne veut pas mourir. \u00ab\u00a0C\u2019est la marche des choses. Et pourtant, la fin du ticket de m\u00e9tro parisien repr\u00e9sente bien plus que la disparition d\u2019un simple bout de carton. Il y a une \u00e9motion inconsciente \u00e0 l\u2019approche de cette \u00e9ch\u00e9ance\u00a0\u00bb, r\u00e9sume href=\u00a0\u00bbhttps:\/\/www.leparisien.fr\/info-paris-ile-de-france-oise\/transports\/fin-du-ticket-de-metro-comment-ce-bout-de-carton-aura-marque-lhistoire-de-paris-05-11-2025-FFBQXHEDYJH4HIUKY6EMLMABUQ.php?at_medium=RSS%20feed&amp;at_campaign=ynews&amp;utm_source=yahoo&amp;utm_medium=rss&amp;utm_campaign=news_feed&amp;utm_content=in_article_link\u00a0\u00bb&gt;au Parisien Gr\u00e9goire Thonnat, auteur de \u00ab\u00a0Petite histoire du ticket de m\u00e9tro parisien\u00a0\u00bb.<\/p>\n<p class=\"mb-4 text-lg md:leading-8 break-words\">S\u2019il vous en reste quelques-uns en poche, pas d\u2019inqui\u00e9tude. Les fameux tickets peuvent \u00eatre utilis\u00e9s \u00ab\u00a0jusque courant 2026\u00a0\u00bb, dit la RATP. Et si la nostalgie vous prend, vous pourrez en trouver sur des sites de revente en ligne. Ou tomber par hasard su(&#8230;)<\/p>\n<p class=\"mb-4 text-lg md:leading-8 break-words\"><a href=\"https:\/\/www.20minutes.fr\/societe\/4183680-20251105-paris-mythiques-tickets-metro-carton-plus-vente-partir-aujourd-hui?at_medium=RSS%20feed&amp;at_campaign=ynews&amp;utm_source=yahoo&amp;utm_medium=rss&amp;utm_campaign=news_feed&amp;utm_content=read_more_link&quot;\" rel=\"nofollow noopener\" target=\"_blank\" data-ylk=\"slk:Lire la suite sur 20minutes;elm:context_link;itc:0;sec:content-canvas\" class=\"link \">Lire la suite sur 20minutes<\/a><\/p>\n<p>\u00c0 lire aussi :<br \/><a href=\"https:\/\/www.20minutes.fr\/paris\/4183066-20251102-paris-ile-france-perturbations-prevoir-ratp-sncf-semaine?at_medium=RSS%20feed&amp;at_campaign=ynews&amp;utm_source=yahoo&amp;utm_medium=rss&amp;utm_campaign=news_feed&amp;utm_content=related_content_link\" rel=\"nofollow noopener\" target=\"_blank\" data-ylk=\"slk:Paris et \u00cele-de-France\u00a0: Quelles perturbations pr\u00e9voir pour la RATP et la SNCF cette semaine\u00a0?;elm:context_link;itc:0;sec:content-canvas\" class=\"link \">Paris et \u00cele-de-France\u00a0: Quelles perturbations pr\u00e9voir pour la RATP et la SNCF cette semaine\u00a0?<\/a><br \/><a href=\"https:\/\/www.20minutes.fr\/paris\/4181198-20251030-pass-navigo-annuel-bientot-1-000-euros-combien-ca-coute-ailleurs-monde?at_medium=RSS%20feed&amp;at_campaign=ynews&amp;utm_source=yahoo&amp;utm_medium=rss&amp;utm_campaign=news_feed&amp;utm_content=related_content_link\" rel=\"nofollow noopener\" target=\"_blank\" data-ylk=\"slk:Le pass Navigo annuel bient\u00f4t \u00e0 1.000 euros\u2026 Combien \u00e7a co\u00fbte ailleurs dans le monde\u00a0?;elm:context_link;itc:0;sec:content-canvas\" class=\"link \">Le pass Navigo annuel bient\u00f4t \u00e0 1.000 euros\u2026 Combien \u00e7a co\u00fbte ailleurs dans le monde\u00a0?<\/a><\/p>\n","protected":false},"excerpt":{"rendered":"nostalgie &#8211; Le ticket de m\u00e9tro parisien, n\u00e9 en\u00a01900, a rendu l\u2019\u00e2me ce mercredi. Ce petit bout d\u2019histoire&hellip;\n","protected":false},"author":2,"featured_media":513277,"comment_status":"","ping_status":"","sticky":false,"template":"","format":"standard","meta":{"footnotes":""},"categories":[1888],"tags":[1111,1928,11,1927,7288,1777,674,1011,27,12057,12,1926,626,1925,625,25,63417],"class_list":{"0":"post-513276","1":"post","2":"type-post","3":"status-publish","4":"format-standard","5":"has-post-thumbnail","7":"category-paris","8":"tag-actu","9":"tag-actu-paris","10":"tag-actualites","11":"tag-actualites-paris","12":"tag-carton","13":"tag-eu","14":"tag-europe","15":"tag-fr","16":"tag-france","17":"tag-metro-parisien","18":"tag-news","19":"tag-news-paris","20":"tag-paris","21":"tag-paris-news","22":"tag-ratp","23":"tag-republique-francaise","24":"tag-ticket-de-metro"},"share_on_mastodon":{"url":"https:\/\/pubeurope.com\/@fr\/115496544093051683","error":""},"_links":{"self":[{"href":"https:\/\/www.europesays.com\/fr\/wp-json\/wp\/v2\/posts\/513276","targetHints":{"allow":["GET"]}}],"collection":[{"href":"https:\/\/www.europesays.com\/fr\/wp-json\/wp\/v2\/posts"}],"about":[{"href":"https:\/\/www.europesays.com\/fr\/wp-json\/wp\/v2\/types\/post"}],"author":[{"embeddable":true,"href":"https:\/\/www.europesays.com\/fr\/wp-json\/wp\/v2\/users\/2"}],"replies":[{"embeddable":true,"href":"https:\/\/www.europesays.com\/fr\/wp-json\/wp\/v2\/comments?post=513276"}],"version-history":[{"count":0,"href":"https:\/\/www.europesays.com\/fr\/wp-json\/wp\/v2\/posts\/513276\/revisions"}],"wp:featuredmedia":[{"embeddable":true,"href":"https:\/\/www.europesays.com\/fr\/wp-json\/wp\/v2\/media\/513277"}],"wp:attachment":[{"href":"https:\/\/www.europesays.com\/fr\/wp-json\/wp\/v2\/media?parent=513276"}],"wp:term":[{"taxonomy":"category","embeddable":true,"href":"https:\/\/www.europesays.com\/fr\/wp-json\/wp\/v2\/categories?post=513276"},{"taxonomy":"post_tag","embeddable":true,"href":"https:\/\/www.europesays.com\/fr\/wp-json\/wp\/v2\/tags?post=513276"}],"curies":[{"name":"wp","href":"https:\/\/api.w.org\/{rel}","templated":true}]}}