{"id":513288,"date":"2025-11-05T10:14:11","date_gmt":"2025-11-05T10:14:11","guid":{"rendered":"https:\/\/www.europesays.com\/fr\/513288\/"},"modified":"2025-11-05T10:14:11","modified_gmt":"2025-11-05T10:14:11","slug":"comment-le-nucleaire-britannique-va-faire-exploser-les-carnets-de-commande-de-bouygues","status":"publish","type":"post","link":"https:\/\/www.europesays.com\/fr\/513288\/","title":{"rendered":"Comment le nucl\u00e9aire britannique va faire exploser les carnets de commande de Bouygues"},"content":{"rendered":"<p>Le gouvernement du Royaume-Uni a annonc\u00e9 avoir boucl\u00e9 le financement de deux EPR pour la centrale nucl\u00e9aire de Sizewell C. Membre du groupement attributaire du march\u00e9 de g\u00e9nie civil, Bouygues Construction profitera d\u2019une prise de commande totale de l\u2019ordre de 3,3 Mds\u20ac.<\/p>\n<p class=\"c-paragraph\">C\u2019est un beau cadeau de No\u00ebl en avance que Bouygues Construction s\u2019est vu offrir par le gouvernement britannique. En effet, ce dernier a <b>attribu\u00e9 \u00e0 l\u2019alliance CWA (Civil Works Alliance) dont fait partie Bouygues Travaux Publics avec Laing O\u2019Rourke et Balfour Beatty, le march\u00e9 de g\u00e9nie civil des futurs r\u00e9acteurs EPR de la centrale Sizewell C<\/b> dans le Suffolk. <\/p>\n<p class=\"c-paragraph\">Un projet, dont le gouvernement britannique a annonc\u00e9 avoir boucl\u00e9 le financement le 4 novembre, qui, \u00e0 terme, fournira \u00e0 l\u2019\u00eele <b>3,2 GW d\u2019\u00e9lectricit\u00e9 d\u00e9carbon\u00e9e, soit l\u2019\u00e9quivalent de la consommation de six millions de foyers et environ 7% des besoins <\/b>en \u00e9lectricit\u00e9 du Royaume-Uni pour une dur\u00e9e de plus de 60 ans.<\/p>\n<p>Gros lot<\/p>\n<p class=\"c-paragraph\"><b>40 lots<\/b>, allant des travaux pr\u00e9paratoires et terrassements, aux \u00eelots nucl\u00e9aire et conventionnel, en passant par les travaux maritimes et le creusement des diff\u00e9rents tunnels (dont 3 tubes sous-marins de 3 km), seront <b>attribu\u00e9s au fur et \u00e0 mesure de l\u2019avancement du projet \u00e0 compter du 4e trimestre 2025<\/b>. <\/p>\n<p class=\"c-paragraph\">Bouygues Construction prendra en carnet ces diff\u00e9rentes commandes au tythme de leur attribution <b>pour un montant cumul\u00e9 de l\u2019ordre de 3 Mds\u20ac de livres sterling (3,3 Mds\u20ac)<\/b>. <\/p>\n<p class=\"c-paragraph\">Un \u00e9norme coup de boost en perspective alors que <b>les prises de commandes sur les 9 premiers mois de l\u2019ann\u00e9e sont en recul de 33% \u00e0 6,77 Mds\u20ac<\/b> et que le <b>carnet de commandes s\u2019affiche en baisse de 700 M\u20ac environ (soit -4% par rapport aux 9 premiers mois de 2024) \u00e0 17,2 Mds\u20ac<\/b>. <\/p>\n<p class=\"c-paragraph\">Malgr\u00e9 cette tendance, le p\u00f4le construction de Bouygues (Bouygues Construction, Colas, Bouygues Immobilier) et Equans ont su <b>se montrer \u00ab solides dans un contexte mondial incertain \u00bb<\/b> a soulign\u00e9 Pascal Grang\u00e9, directeur g\u00e9n\u00e9ral d\u00e9l\u00e9gu\u00e9 de Bouygues lors de la pr\u00e9sentation de ces r\u00e9sultats le 5 novembre.<\/p>\n<p>Chiffre d\u2019affaires et marges en hausse<\/p>\n<p class=\"c-paragraph\">Les activit\u00e9s construction de Bouygues <b>et Equans ont r\u00e9alis\u00e9 un chiffre d\u2019affaires cumul\u00e9 de pr\u00e8s de 34,4 Mds\u20ac <\/b>(20,6 Mds\u20ac pour la construction &#8211; en hausse de 2% &#8211; dont 12 Mds\u20ac pour Colas, 13,8 Mds\u20ac pour Equans).<\/p>\n<p class=\"c-paragraph\">Le <b>R\u00e9sultat op\u00e9rationnel courant des activit\u00e9s (ROCA) de construction<\/b> <b>s\u2019\u00e9tablit \u00e0 591M\u20ac <\/b>sur les neuf premiers mois 2025, en am\u00e9lioration de 115 M\u20ac sur un an et la <b>marge progresse de 0,5 point sur la p\u00e9riode \u00e0 2,9%. <\/b><\/p>\n<p class=\"c-paragraph\">De son c\u00f4t\u00e9, Equans<b> <\/b> a enregistr\u00e9 une prise de commandes de 13,9 Mds\u20ac dont 2\/3 sur des contrats inf\u00e9rieurs \u00e0 5 millions d\u2019euros, qui refl\u00e8te l\u2019attentisme dans certains segments, notamment les datacenters les gigafactories de batteries. <\/p>\n<p class=\"c-paragraph\">Si son <b>chiffre d\u2019affaires est en baisse de 2% sur un an, son Roca atteint 565 M\u20ac en forte hausse de 91 M\u20ac sur un an et la marge des activit\u00e9s s\u2019\u00e9tablit \u00e0 4,1%<\/b> (+0,7 point sur un an). A noter qu\u2019au 3e trimestre, Equans a s\u00e9curis\u00e9 quatre acquisitions, en Allemagne, en Autriche, en Italie et en Am\u00e9rique du Nord, qui <b>repr\u00e9sentent, en ann\u00e9e pleine, un chiffre d\u2019affaires cumul\u00e9 d\u2019environ 180 M\u20ac.<\/b><\/p>\n","protected":false},"excerpt":{"rendered":"Le gouvernement du Royaume-Uni a annonc\u00e9 avoir boucl\u00e9 le financement de deux EPR pour la centrale nucl\u00e9aire de&hellip;\n","protected":false},"author":2,"featured_media":513289,"comment_status":"","ping_status":"","sticky":false,"template":"","format":"standard","meta":{"footnotes":""},"categories":[1588],"tags":[11,2597,579,313,40632,1777,674,5072,12,5654,473,1853,1851,1850,1852,7333],"class_list":{"0":"post-513288","1":"post","2":"type-post","3":"status-publish","4":"format-standard","5":"has-post-thumbnail","7":"category-royaume-uni","8":"tag-actualites","9":"tag-bouygues-construction","10":"tag-electricite","11":"tag-entreprises","12":"tag-epr","13":"tag-eu","14":"tag-europe","15":"tag-grande-bretagne","16":"tag-news","17":"tag-nucleaire","18":"tag-royaume-uni","19":"tag-royaume-uni-de-grande-bretagne-et-dirlande-du-nord","20":"tag-uk","21":"tag-united-kingdom","22":"tag-united-kingdom-of-great-britain-and-northern-ireland","23":"tag-vie-du-btp"},"share_on_mastodon":{"url":"https:\/\/pubeurope.com\/@fr\/115496567717796422","error":""},"_links":{"self":[{"href":"https:\/\/www.europesays.com\/fr\/wp-json\/wp\/v2\/posts\/513288","targetHints":{"allow":["GET"]}}],"collection":[{"href":"https:\/\/www.europesays.com\/fr\/wp-json\/wp\/v2\/posts"}],"about":[{"href":"https:\/\/www.europesays.com\/fr\/wp-json\/wp\/v2\/types\/post"}],"author":[{"embeddable":true,"href":"https:\/\/www.europesays.com\/fr\/wp-json\/wp\/v2\/users\/2"}],"replies":[{"embeddable":true,"href":"https:\/\/www.europesays.com\/fr\/wp-json\/wp\/v2\/comments?post=513288"}],"version-history":[{"count":0,"href":"https:\/\/www.europesays.com\/fr\/wp-json\/wp\/v2\/posts\/513288\/revisions"}],"wp:featuredmedia":[{"embeddable":true,"href":"https:\/\/www.europesays.com\/fr\/wp-json\/wp\/v2\/media\/513289"}],"wp:attachment":[{"href":"https:\/\/www.europesays.com\/fr\/wp-json\/wp\/v2\/media?parent=513288"}],"wp:term":[{"taxonomy":"category","embeddable":true,"href":"https:\/\/www.europesays.com\/fr\/wp-json\/wp\/v2\/categories?post=513288"},{"taxonomy":"post_tag","embeddable":true,"href":"https:\/\/www.europesays.com\/fr\/wp-json\/wp\/v2\/tags?post=513288"}],"curies":[{"name":"wp","href":"https:\/\/api.w.org\/{rel}","templated":true}]}}