{"id":513290,"date":"2025-11-05T10:15:23","date_gmt":"2025-11-05T10:15:23","guid":{"rendered":"https:\/\/www.europesays.com\/fr\/513290\/"},"modified":"2025-11-05T10:15:23","modified_gmt":"2025-11-05T10:15:23","slug":"allemagne-rebond-des-commandes-a-lindustrie-en-septembre","status":"publish","type":"post","link":"https:\/\/www.europesays.com\/fr\/513290\/","title":{"rendered":"Allemagne : rebond des commandes \u00e0 l&rsquo;industrie en septembre"},"content":{"rendered":"<p style=\"margin-top:5px\">Francfort (awp\/afp) &#8211; Les commandes \u00e0 l&rsquo;industrie allemande ont rebondi en septembre, mettant fin \u00e0 quatre mois cons\u00e9cutifs de recul, selon des donn\u00e9es publi\u00e9es mercredi par l&rsquo;Office f\u00e9d\u00e9ral de la statistique. Il est cependant trop t\u00f4t pour parler d&rsquo;une retournement de tendance pour la premi\u00e8re \u00e9conomie europ\u00e9enne, en panne, estiment les \u00e9conomistes.<\/p>\n<p>Corrig\u00e9 des variations saisonni\u00e8res et de calendrier, le volume des commandes a progress\u00e9 de 1,1 % sur un mois, apr\u00e8s une baisse r\u00e9vis\u00e9e de 0,4 % en ao\u00fbt, a indiqu\u00e9 Destatis. Ce redressement est port\u00e9 notamment par la forte demande dans l&rsquo;automobile et la fabrication d&rsquo;\u00e9quipements \u00e9lectriques. Sans les grandes commandes, souvent tr\u00e8s volatiles, la hausse atteint 1,9%.<\/p>\n<p>Le rebond de septembre, plus marqu\u00e9 qu&rsquo;attendu par les analystes sond\u00e9s par Factset, pourrait indiquer un l\u00e9ger retour de confiance dans le secteur manufacturier allemand, en proie depuis des trimestres \u00e0 la faiblesse de la demande mondiale et \u00e0 des co\u00fbts de production \u00e9lev\u00e9s \u00ab\u00a0Ce n&rsquo;est pas encore un retournement de tendance\u00a0\u00bb, d\u00e9clare \u00e0 l&rsquo;AFP Jens-Oliver Niklasch, \u00e9conomiste chez LBBW, car sur le trimestre, les commandes restent en repli de 3,0% par rapport au deuxi\u00e8me trimestre, signe d&rsquo;une activit\u00e9 industrielle encore fragile.<\/p>\n<p>\u00ab\u00a0L&rsquo;industrie allemande reste donc dans une situation difficile\u00a0\u00bb, car l&rsquo;environnement mondial \u00ab\u00a0est actuellement d\u00e9favorable pour les entreprises allemandes, et les r\u00e9formes favorables \u00e0 la croissance font toujours d\u00e9faut\u00a0\u00bb, selon M.Niklasch. Alors que le gouvernement allemand se r\u00e9unit mercredi pour adopter des mesures de soutien et de simplification administrative, la F\u00e9d\u00e9ration des industries allemandes (BDI) a appel\u00e9 Berlin \u00e0 enfin tenir ses promesses afin de soulager les entreprises.<\/p>\n<p>\u00ab\u00a0La situation de l&rsquo;industrie est grave\u00a0\u00bb, a averti sa directrice g\u00e9n\u00e9rale Tanja G\u00f6nner. \u00ab\u00a0Le d\u00e9luge de r\u00e9glementations venant de Berlin et de Bruxelles est ce qu&rsquo;il y a de pire pour notre secteur &#8211; encore avant les prix de l&rsquo;\u00e9nergie et les imp\u00f4ts\u00a0\u00bb, a abond\u00e9 Wolfgang Gro\u00dfe Entrup, directeur g\u00e9n\u00e9ral de la F\u00e9d\u00e9ration de l&rsquo;industrie chimique allemande (VCI).<\/p>\n<p>afp\/vj<\/p>\n","protected":false},"excerpt":{"rendered":"Francfort (awp\/afp) &#8211; Les commandes \u00e0 l&rsquo;industrie allemande ont rebondi en septembre, mettant fin \u00e0 quatre mois cons\u00e9cutifs&hellip;\n","protected":false},"author":2,"featured_media":2490,"comment_status":"","ping_status":"","sticky":false,"template":"","format":"standard","meta":{"footnotes":""},"categories":[1587],"tags":[11,672,340,1804,1805,1803,1777,674,1801,12,1802],"class_list":{"0":"post-513290","1":"post","2":"type-post","3":"status-publish","4":"format-standard","5":"has-post-thumbnail","7":"category-allemagne","8":"tag-actualites","9":"tag-allemagne","10":"tag-bourse","11":"tag-bundesrepublik-deutschland","12":"tag-de","13":"tag-deutschland","14":"tag-eu","15":"tag-europe","16":"tag-germany","17":"tag-news","18":"tag-republique-federale-dallemagne"},"share_on_mastodon":{"url":"https:\/\/pubeurope.com\/@fr\/115496571643456707","error":""},"_links":{"self":[{"href":"https:\/\/www.europesays.com\/fr\/wp-json\/wp\/v2\/posts\/513290","targetHints":{"allow":["GET"]}}],"collection":[{"href":"https:\/\/www.europesays.com\/fr\/wp-json\/wp\/v2\/posts"}],"about":[{"href":"https:\/\/www.europesays.com\/fr\/wp-json\/wp\/v2\/types\/post"}],"author":[{"embeddable":true,"href":"https:\/\/www.europesays.com\/fr\/wp-json\/wp\/v2\/users\/2"}],"replies":[{"embeddable":true,"href":"https:\/\/www.europesays.com\/fr\/wp-json\/wp\/v2\/comments?post=513290"}],"version-history":[{"count":0,"href":"https:\/\/www.europesays.com\/fr\/wp-json\/wp\/v2\/posts\/513290\/revisions"}],"wp:featuredmedia":[{"embeddable":true,"href":"https:\/\/www.europesays.com\/fr\/wp-json\/wp\/v2\/media\/2490"}],"wp:attachment":[{"href":"https:\/\/www.europesays.com\/fr\/wp-json\/wp\/v2\/media?parent=513290"}],"wp:term":[{"taxonomy":"category","embeddable":true,"href":"https:\/\/www.europesays.com\/fr\/wp-json\/wp\/v2\/categories?post=513290"},{"taxonomy":"post_tag","embeddable":true,"href":"https:\/\/www.europesays.com\/fr\/wp-json\/wp\/v2\/tags?post=513290"}],"curies":[{"name":"wp","href":"https:\/\/api.w.org\/{rel}","templated":true}]}}