{"id":513302,"date":"2025-11-05T10:24:15","date_gmt":"2025-11-05T10:24:15","guid":{"rendered":"https:\/\/www.europesays.com\/fr\/513302\/"},"modified":"2025-11-05T10:24:15","modified_gmt":"2025-11-05T10:24:15","slug":"le-tennis-club-renomme-sa-salle-couverte-en-memoire-dhenri-buge","status":"publish","type":"post","link":"https:\/\/www.europesays.com\/fr\/513302\/","title":{"rendered":"Le Tennis-club renomme sa salle couverte en m\u00e9moire d\u2019Henri Buge"},"content":{"rendered":"<p>Samedi 25 octobre, le Tennis-club a rendu un vibrant hommage \u00e0 Henri Buge, figure historique du club et passionn\u00e9 de tennis depuis toujours. En pr\u00e9sence de sa famille, de nombreux amis, d\u2019anciens \u00e9l\u00e8ves et membres du club, la salle couverte a officiellement \u00e9t\u00e9 renomm\u00e9e halle Henri-Buge.<\/p>\n<p>Un geste symbolique fort, \u00e0 la hauteur de l\u2019homme qu\u2019il \u00e9tait : g\u00e9n\u00e9reux, bienveillant et profond\u00e9ment attach\u00e9 \u00e0 la vie du club. De nombreuses personnalit\u00e9s ont pris part \u00e0 cette c\u00e9r\u00e9monie empreinte d\u2019\u00e9motion : Samuel Soulier, maire, les membres du bureau du Tennis-club, ainsi qu\u2019\u00c9ric Largeron, vice-pr\u00e9sident de la F\u00e9d\u00e9ration fran\u00e7aise de tennis, venu saluer la m\u00e9moire d\u2019un passionn\u00e9 qui a tant donn\u00e9 au tennis local.<\/p>\n<p>Autour de sa famille, notamment de ses enfants, se sont \u00e9galement r\u00e9unies plusieurs g\u00e9n\u00e9rations de joueurs et joueuses ayant d\u00e9couvert le tennis gr\u00e2ce \u00e0 lui. Tous ont tenu \u00e0 rappeler combien Henri Buge avait marqu\u00e9 leur parcours, non seulement comme enseignant et b\u00e9n\u00e9vole, mais aussi comme ami et mod\u00e8le de partage.<\/p>\n<p>\u00c0 l\u2019issue de la c\u00e9r\u00e9monie, Samuel Soulier a annonc\u00e9 la construction prochaine d\u2019un terrain de padel sur le site du club, t\u00e9moignant de la vitalit\u00e9 du sport \u00e0 Saint-Alban et de la volont\u00e9 de poursuivre l\u2019\u00e9lan insuffl\u00e9 par Henri Buge : faire du club un lieu de vie, d\u2019\u00e9change et de passion.<\/p>\n<p>Cette journ\u00e9e d\u2019hommage s\u2019est conclue par un moment convivial autour du verre de l\u2019amiti\u00e9.<\/p>\n<p>Correspondant Midi Libre : 04 66 31 52 13<\/p>\n","protected":false},"excerpt":{"rendered":"Samedi 25 octobre, le Tennis-club a rendu un vibrant hommage \u00e0 Henri Buge, figure historique du club et&hellip;\n","protected":false},"author":2,"featured_media":513303,"comment_status":"","ping_status":"","sticky":false,"template":"","format":"standard","meta":{"footnotes":""},"categories":[1415],"tags":[1011,27,60,1467],"class_list":{"0":"post-513302","1":"post","2":"type-post","3":"status-publish","4":"format-standard","5":"has-post-thumbnail","7":"category-tennis","8":"tag-fr","9":"tag-france","10":"tag-sports","11":"tag-tennis"},"share_on_mastodon":{"url":"https:\/\/pubeurope.com\/@fr\/115496606962810703","error":""},"_links":{"self":[{"href":"https:\/\/www.europesays.com\/fr\/wp-json\/wp\/v2\/posts\/513302","targetHints":{"allow":["GET"]}}],"collection":[{"href":"https:\/\/www.europesays.com\/fr\/wp-json\/wp\/v2\/posts"}],"about":[{"href":"https:\/\/www.europesays.com\/fr\/wp-json\/wp\/v2\/types\/post"}],"author":[{"embeddable":true,"href":"https:\/\/www.europesays.com\/fr\/wp-json\/wp\/v2\/users\/2"}],"replies":[{"embeddable":true,"href":"https:\/\/www.europesays.com\/fr\/wp-json\/wp\/v2\/comments?post=513302"}],"version-history":[{"count":0,"href":"https:\/\/www.europesays.com\/fr\/wp-json\/wp\/v2\/posts\/513302\/revisions"}],"wp:featuredmedia":[{"embeddable":true,"href":"https:\/\/www.europesays.com\/fr\/wp-json\/wp\/v2\/media\/513303"}],"wp:attachment":[{"href":"https:\/\/www.europesays.com\/fr\/wp-json\/wp\/v2\/media?parent=513302"}],"wp:term":[{"taxonomy":"category","embeddable":true,"href":"https:\/\/www.europesays.com\/fr\/wp-json\/wp\/v2\/categories?post=513302"},{"taxonomy":"post_tag","embeddable":true,"href":"https:\/\/www.europesays.com\/fr\/wp-json\/wp\/v2\/tags?post=513302"}],"curies":[{"name":"wp","href":"https:\/\/api.w.org\/{rel}","templated":true}]}}