{"id":513304,"date":"2025-11-05T10:28:10","date_gmt":"2025-11-05T10:28:10","guid":{"rendered":"https:\/\/www.europesays.com\/fr\/513304\/"},"modified":"2025-11-05T10:28:10","modified_gmt":"2025-11-05T10:28:10","slug":"benjamin-hivart-et-neriah-meunier-sow-filent-en-espagne-actualite","status":"publish","type":"post","link":"https:\/\/www.europesays.com\/fr\/513304\/","title":{"rendered":"Benjamin Hivart et Neriah Meunier Sow filent en Espagne &#8211; Actualit\u00e9"},"content":{"rendered":"<p style=\"text-align: justify;\">Surne Bilbao Cycling Team, nouvelle formation \u00c9lite espagnole, a recrut\u00e9 deux coureurs de la N3 de Martigues SC-Payden&amp;Rygel, \u00e0 savoir Benjamin Hivart et Neriah Meunier Sow.<\/p>\n<p>Benjamin Hivart, 20 ans, s\u2019est class\u00e9 cette ann\u00e9e 6e de la Ronde V\u00e9nitienne \u00e0 Martigues, 9e de deux \u00e9tapes du Tour de la Martinique, 15e de la Nocturne de S\u00e9nas ou encore 18e du Championnat R\u00e9gion Sud.<\/p>\n<p>Neriah Meunier Sow &#8211; notre photo -, 20 ans, a termin\u00e9 dans le Top 10 de quatre \u00e9tapes du Tour de la Martinique, avant de se classer 10e du g\u00e9n\u00e9ral. Il a aussi fini 12e du Tour d&rsquo;Estr\u00e9madure et d&rsquo;une manche des Boucles du Haut-Var, ou encore 14e de la Nocturne de S\u00e9nas. Depuis cette ann\u00e9e,<strong> <a href=\"https:\/\/www.directvelo.com\/actualite\/121911\/neriah-meunier-sow-choisit-le-senegal\" target=\"_blank\" rel=\"noopener\">il poss\u00e8de la nationalit\u00e9 sportive s\u00e9n\u00e9galaise<\/a><\/strong>.<\/p>\n<p>Retrouvez toutes les mutations du peloton amateur\u00a0<strong><a href=\"https:\/\/www.directvelo.com\/mutations\/2026\" target=\"_blank\" rel=\"noopener\">en cliquant ici<\/a><\/strong>.<\/p>\n","protected":false},"excerpt":{"rendered":"Surne Bilbao Cycling Team, nouvelle formation \u00c9lite espagnole, a recrut\u00e9 deux coureurs de la N3 de Martigues SC-Payden&amp;Rygel,&hellip;\n","protected":false},"author":2,"featured_media":513305,"comment_status":"","ping_status":"","sticky":false,"template":"","format":"standard","meta":{"footnotes":""},"categories":[1411],"tags":[834,828,836,829,837,827,83,826,824,823,1154,207,814,817,815,816,822,821,832,211,839,1011,27,820,818,819,835,831,830,833,838,60,212,208,825],"class_list":{"0":"post-513304","1":"post","2":"type-post","3":"status-publish","4":"format-standard","5":"has-post-thumbnail","7":"category-cyclisme","8":"tag-attaque","9":"tag-belgique","10":"tag-braquet","11":"tag-bretagne","12":"tag-chute","13":"tag-competition","14":"tag-coupe-de-france","15":"tag-coureur","16":"tag-course-cyclisme","17":"tag-course-cycliste","18":"tag-cycling","19":"tag-cyclisme","20":"tag-direct","21":"tag-direct-velo","22":"tag-directvelo","23":"tag-directvelo-com","24":"tag-epreuve","25":"tag-epreuve-cycliste","26":"tag-federation-francaise-de-cyclisme","27":"tag-ffc","28":"tag-flandres","29":"tag-fr","30":"tag-france","31":"tag-live","32":"tag-live-course","33":"tag-live-epreuve","34":"tag-peloton","35":"tag-radio-peloton","36":"tag-radio-tour","37":"tag-ravitaillement","38":"tag-relance","39":"tag-sports","40":"tag-uci","41":"tag-velo","42":"tag-velos"},"share_on_mastodon":{"url":"https:\/\/pubeurope.com\/@fr\/115496622835856946","error":""},"_links":{"self":[{"href":"https:\/\/www.europesays.com\/fr\/wp-json\/wp\/v2\/posts\/513304","targetHints":{"allow":["GET"]}}],"collection":[{"href":"https:\/\/www.europesays.com\/fr\/wp-json\/wp\/v2\/posts"}],"about":[{"href":"https:\/\/www.europesays.com\/fr\/wp-json\/wp\/v2\/types\/post"}],"author":[{"embeddable":true,"href":"https:\/\/www.europesays.com\/fr\/wp-json\/wp\/v2\/users\/2"}],"replies":[{"embeddable":true,"href":"https:\/\/www.europesays.com\/fr\/wp-json\/wp\/v2\/comments?post=513304"}],"version-history":[{"count":0,"href":"https:\/\/www.europesays.com\/fr\/wp-json\/wp\/v2\/posts\/513304\/revisions"}],"wp:featuredmedia":[{"embeddable":true,"href":"https:\/\/www.europesays.com\/fr\/wp-json\/wp\/v2\/media\/513305"}],"wp:attachment":[{"href":"https:\/\/www.europesays.com\/fr\/wp-json\/wp\/v2\/media?parent=513304"}],"wp:term":[{"taxonomy":"category","embeddable":true,"href":"https:\/\/www.europesays.com\/fr\/wp-json\/wp\/v2\/categories?post=513304"},{"taxonomy":"post_tag","embeddable":true,"href":"https:\/\/www.europesays.com\/fr\/wp-json\/wp\/v2\/tags?post=513304"}],"curies":[{"name":"wp","href":"https:\/\/api.w.org\/{rel}","templated":true}]}}