{"id":51331,"date":"2025-04-25T08:48:08","date_gmt":"2025-04-25T08:48:08","guid":{"rendered":"https:\/\/www.europesays.com\/fr\/51331\/"},"modified":"2025-04-25T08:48:08","modified_gmt":"2025-04-25T08:48:08","slug":"pierre-garnier-victime-dun-trou-de-memoire-en-plein-concert-il-appelle-son-public-a-laide","status":"publish","type":"post","link":"https:\/\/www.europesays.com\/fr\/51331\/","title":{"rendered":"Pierre Garnier : victime d&rsquo;un trou de m\u00e9moire en plein concert, il appelle son public \u00e0 l&rsquo;aide"},"content":{"rendered":"<p>Depuis sa victoire \u00e9clatante \u00e0 la Star Academy en janvier 2024, <strong><a href=\"https:\/\/www.public.fr\/tag\/pierre-garnier\" rel=\"nofollow noopener\" target=\"_blank\">Pierre Garnier<\/a> encha\u00eene les succ\u00e8s \u00e0 une vitesse folle. <\/strong><\/p>\n<p>Son premier single, Ceux qu&rsquo;on \u00e9tait, a fait un v\u00e9ritable carton en cumulant 7,6 millions d&rsquo;\u00e9coutes en une semaine, dont 4,7 millions sur Spotify.<\/p>\n<p>Pierre Garnier en pleine ascension<\/p>\n<p>Pas de surprise donc quand son premier album, Chaque Seconde, a encha\u00een\u00e9 les records de vente : 20 000 copies en trois jours, plus de 32 000 en une semaine, et une certification disque d&rsquo;or qui s&rsquo;est rapidement transform\u00e9e en platine, avant de franchir le cap du double platine en quelques mois \u00e0 peine. Une ascension fulgurante qui l&rsquo;a men\u00e9 tout droit aux <strong>Victoires de la Musique 2025<\/strong>, o\u00f9 il a rafl\u00e9 deux troph\u00e9es majeurs : R\u00e9v\u00e9lation masculine de l&rsquo;ann\u00e9e et Chanson originale pour Ceux qu&rsquo;on \u00e9tait.<\/p>\n<p>Mais la gloire n&rsquo;a pas endormi Pierre Garnier, bien au contraire. Il a lanc\u00e9 sa tourn\u00e9e, Chaque Seconde Tour, \u00e0 travers la France et la Belgique. <\/p>\n<p>Et mercredi 23 avril 2025, c&rsquo;est au <strong>Z\u00e9nith de Rouen<\/strong> que le jeune prodige a brill\u00e9&#8230; malheureusement, tout ne s&rsquo;est pas pass\u00e9 comme pr\u00e9vu. <\/p>\n<p>\u00c9norme trou de m\u00e9moire en plein concert<\/p>\n<p>Pour cause ! <strong>Celui qui serait en couple avec H\u00e9l\u00e9na Bailly a oubli\u00e9 les paroles de Laisse en plein concert. <\/strong>Un moment embarrassant qui a rapidement fait le tour des r\u00e9seaux sociaux. <\/p>\n<p>\u00ab\u00a0<strong>Attendez, attendez, attendez, attendez\u2026 \u00c7a arrive, \u00e7a arrive parfois\u2026 Souvent, j&rsquo;ai des trous de m\u00e9moire<\/strong>\u00ab\u00a0, a-t-il lanc\u00e9 avant de demander l&rsquo;aide de son public : \u00ab\u00a0Vous allez m&rsquo;aider ou pas ? Est-ce que vous \u00eates pr\u00eat \u00e0 m&rsquo;aider ?\u00a0\u00bb<\/p>\n<p>Ce n&rsquo;est malheureusement pas l&rsquo;unique coup dur auquel Pierre Garnier a d\u00fb faire face puisque <a href=\"https:\/\/www.instagram.com\/alexianebroque_off\/\" target=\"_blank\" rel=\"noreferrer noopener nofollow\">Alexiane Broque<\/a>, l&rsquo;une de ses choristes, a r\u00e9cemment <a href=\"https:\/\/www.public.fr\/pour-des-raisons-independantes-de-ma-volonte-ecarte-de-la-tournee-de-pierre-garnier-un-membre-de-lequipe-prend-la-parole\" rel=\"nofollow noopener\" target=\"_blank\">annonc\u00e9 qu&rsquo;elle quittait la tourn\u00e9e<\/a>.<\/p>\n<p>\u00ab\u00a0Pour des raisons ind\u00e9pendantes de ma volont\u00e9, je ne serai plus sur la tourn\u00e9e de Pierre Garnier. On se retrouve sur d&rsquo;autres routes\u00a0\u00bb, a-t-elle \u00e9crit sur Instagram sans entrer dans les d\u00e9tails.<\/p>\n<p>Esp\u00e9rons que la suite de l&rsquo;aventure se d\u00e9roule sans accroc&#8230;<\/p>\n<blockquote class=\"twitter-tweet\">\n<p>\u00ab\u00a0attendez attendez, des fois\u2026 souvent\u2026 j\u2019ai des trous de m\u00e9moire\u00a0\u00bb \ud83d\ude2d\ud83e\udd23<br \/>On a eu Pierre Garnier trou de m\u00e9moire \u00e0 Nantes hier 2 fois de suite, qui pour lui apprendre les paroles \ud83d\ude02<a href=\"https:\/\/twitter.com\/hashtag\/PierreGarnier?src=hash&amp;ref_src=twsrc%5Etfw\" rel=\"nofollow noopener\" target=\"_blank\">#PierreGarnier<\/a> <a href=\"https:\/\/t.co\/IRfOdwHvQa\" rel=\"nofollow\">pic.twitter.com\/IRfOdwHvQa<\/a><\/p>\n<p>\u2014 Coralie (@StarAc12298) <a href=\"https:\/\/twitter.com\/StarAc12298\/status\/1914955397724561513?ref_src=twsrc%5Etfw\" rel=\"nofollow noopener\" target=\"_blank\">April 23, 2025<\/a><\/p><\/blockquote>\n<p>      Mentionn\u00e9s dans cet article<\/p>\n<p>\u00c0 lire aussi<\/p>\n<p><script async src=\"https:\/\/platform.twitter.com\/widgets.js\" charset=\"utf-8\"><\/script><script async src=\"\/\/www.instagram.com\/embed.js\"><\/script><\/p>\n","protected":false},"excerpt":{"rendered":"Depuis sa victoire \u00e9clatante \u00e0 la Star Academy en janvier 2024, Pierre Garnier encha\u00eene les succ\u00e8s \u00e0 une&hellip;\n","protected":false},"author":2,"featured_media":51332,"comment_status":"","ping_status":"","sticky":false,"template":"","format":"standard","meta":{"footnotes":""},"categories":[1355],"tags":[1697,58,59,1011,27,1361,873,5096],"class_list":{"0":"post-51331","1":"post","2":"type-post","3":"status-publish","4":"format-standard","5":"has-post-thumbnail","7":"category-musique","8":"tag-concert","9":"tag-divertissement","10":"tag-entertainment","11":"tag-fr","12":"tag-france","13":"tag-music","14":"tag-musique","15":"tag-pierre-garnier"},"share_on_mastodon":{"url":"https:\/\/pubeurope.com\/@fr\/114397741437427733","error":""},"_links":{"self":[{"href":"https:\/\/www.europesays.com\/fr\/wp-json\/wp\/v2\/posts\/51331","targetHints":{"allow":["GET"]}}],"collection":[{"href":"https:\/\/www.europesays.com\/fr\/wp-json\/wp\/v2\/posts"}],"about":[{"href":"https:\/\/www.europesays.com\/fr\/wp-json\/wp\/v2\/types\/post"}],"author":[{"embeddable":true,"href":"https:\/\/www.europesays.com\/fr\/wp-json\/wp\/v2\/users\/2"}],"replies":[{"embeddable":true,"href":"https:\/\/www.europesays.com\/fr\/wp-json\/wp\/v2\/comments?post=51331"}],"version-history":[{"count":0,"href":"https:\/\/www.europesays.com\/fr\/wp-json\/wp\/v2\/posts\/51331\/revisions"}],"wp:featuredmedia":[{"embeddable":true,"href":"https:\/\/www.europesays.com\/fr\/wp-json\/wp\/v2\/media\/51332"}],"wp:attachment":[{"href":"https:\/\/www.europesays.com\/fr\/wp-json\/wp\/v2\/media?parent=51331"}],"wp:term":[{"taxonomy":"category","embeddable":true,"href":"https:\/\/www.europesays.com\/fr\/wp-json\/wp\/v2\/categories?post=51331"},{"taxonomy":"post_tag","embeddable":true,"href":"https:\/\/www.europesays.com\/fr\/wp-json\/wp\/v2\/tags?post=51331"}],"curies":[{"name":"wp","href":"https:\/\/api.w.org\/{rel}","templated":true}]}}