{"id":513318,"date":"2025-11-05T10:39:30","date_gmt":"2025-11-05T10:39:30","guid":{"rendered":"https:\/\/www.europesays.com\/fr\/513318\/"},"modified":"2025-11-05T10:39:30","modified_gmt":"2025-11-05T10:39:30","slug":"selon-une-nouvelle-etude-cet-aliment-incontournable-pour-les-francais-pourrait-limiter-les-risques-de-24","status":"publish","type":"post","link":"https:\/\/www.europesays.com\/fr\/513318\/","title":{"rendered":"selon une nouvelle \u00e9tude, cet aliment incontournable pour les Fran\u00e7ais pourrait limiter les risques de 24%"},"content":{"rendered":"<p> <img decoding=\"async\" fetchpriority=\"high\" src=\"https:\/\/www.europesays.com\/fr\/wp-content\/uploads\/2025\/11\/demence-selon-une-nouvelle-etude-cet-aliment-adore-des-francais-pourrait-limiter-les-risques-de-from.jpeg\"  width=\"768\" height=\"432\" alt=\"Le fromage, un nouvel alli\u00e9 potentiel contre la d\u00e9g\u00e9n\u00e9rescence cognitive.\" title=\"Le fromage, un nouvel alli\u00e9 potentiel contre la d\u00e9g\u00e9n\u00e9rescence cognitive.\" data-image=\"8u2xmks9dkcf\"\/>Le fromage, un nouvel alli\u00e9 potentiel contre la d\u00e9g\u00e9n\u00e9rescence cognitive.   <img decoding=\"async\" fetchpriority=\"high\" src=\"https:\/\/www.europesays.com\/fr\/wp-content\/uploads\/2025\/10\/caroline-le-nestour.jpg\" alt=\"Caroline Le Nestour\" width=\"40\" height=\"40\"\/>    <a class=\"nombre text-hv\" href=\"https:\/\/www.tameteo.com\/auteur\/caroline-le-nestour\/\" title=\"Caroline Le Nestour\" target=\"_blank\" rel=\"noopener\">Caroline Le Nestour<\/a>      04\/11\/2025 17:58   4 min   <\/p>\n<p>Comme s&rsquo;il fallait une raison suppl\u00e9mentaire pour que les Fran\u00e7ais consomme du fromage, qui en mangent pr\u00e8s de <strong>26kg par personne et par an<\/strong>, la nouvelle d\u00e9couverte, qui ferait un lien entre la consommation de cet aliment et la sant\u00e9 c\u00e9r\u00e9brale, est donc particuli\u00e8rement int\u00e9ressante pour les Fran\u00e7ais. <strong>Le fromage aurait un effet sur la sant\u00e9 du cerveau<\/strong> vieillissant et r\u00e9duirait les risques de d\u00e9mence. <\/p>\n<p>Un effet protecteur avec une consommation r\u00e9guli\u00e8re<\/p>\n<p>Alors qu&rsquo;au Japon les produits laitiers occupent une place moindre dans la culture culinaire traditionnelle, des chercheurs japonais du Japan Gerontological Evaluation Study se sont tout de m\u00eame pench\u00e9s sur les bienfaits du fromage lors d&rsquo;<strong>une \u00e9tude men\u00e9e sur 8000 personnes \u00e2g\u00e9es de 65 ans ou plus<\/strong>.<\/p>\n<p><a class=\"imagen \" href=\"https:\/\/www.tameteo.com\/actualites\/previsions\/meteo-l-anticyclone-des-acores-va-souffler-le-chaud-sur-la-france-avec-25-degres-vers-un-retour-du-printemps-chaleur.html\" title=\"M\u00e9t\u00e9o : l&#039;anticyclone des A\u00e7ores va souffler le chaud sur la France avec 25 degr\u00e9s ! Vers un retour du printemps ?\" target=\"_blank\" rel=\"noopener\"><img loading=\"lazy\" decoding=\"async\" fetchpriority=\"low\" class=\"lazy img-body non-editable\" src=\"https:\/\/www.europesays.com\/fr\/wp-content\/uploads\/2025\/11\/meteo-l-anticyclone-des-acores-va-souffler-le-chaud-sur-la-france-avec-25-degres-vers-un-retour-du-p.png\"  width=\"320\" height=\"225\" alt=\"M\u00e9t\u00e9o : l'anticyclone des A\u00e7ores va souffler le chaud sur la France avec 25 degr\u00e9s ! Vers un retour du printemps ?\"\/><\/a><\/p>\n<p>L\u2019\u00e9tude a compar\u00e9 deux groupes : l\u2019un consommant du fromage au moins une fois par semaine, l\u2019autre n\u2019en mangeant pas. <strong>Les chercheurs ont observ\u00e9 l\u2019\u00e9volution de ces participants sur une p\u00e9riode de trois ans<\/strong>, en surveillant l\u2019apparition de signes de d\u00e9mence, tout en tenant compte de leur <strong>mode de vie global<\/strong> et de leurs habitudes alimentaires.<\/p>\n<p>R\u00e9sultats ? Les chercheurs ont constat\u00e9 une incidence de la d\u00e9mence de 3,4% chez le premier groupe, contre 4,5% chez le second. L\u2019\u00e9cart, qui peut para\u00eetre minime, correspond \u00e0 <strong>10,6 cas en moins pour 1000 personnes sur trois ans<\/strong>. Le lien, bien que jug\u00e9 modeste, est consid\u00e9r\u00e9 comme robuste.<\/p>\n<blockquote class=\"twitter-tweet\">\n<p lang=\"fr\" dir=\"ltr\">Du fromage pour \u00e9viter Alzheimer : voici la quantit\u00e9 id\u00e9ale apr\u00e8s 65 ans<br \/>\ufe0f <a href=\"https:\/\/t.co\/RbI6fOnqEb\">https:\/\/t.co\/RbI6fOnqEb<\/a> <a href=\"https:\/\/t.co\/e9ZGUDCZUt\">pic.twitter.com\/e9ZGUDCZUt<\/a><\/p>\n<p>\u2014 Journal des Femmes (@journalDfemmes) <a href=\"https:\/\/twitter.com\/journalDfemmes\/status\/1985100362068447408?ref_src=twsrc%5Etfw\" target=\"_blank\" rel=\"noopener\">November 2, 2025<\/a><\/p><\/blockquote>\n<p>Les chercheurs appellent toutefois \u00e0 la prudence. \u00ab Bien que la <strong>r\u00e9duction du risque<\/strong> <strong>absolu soit faible<\/strong>, ces r\u00e9sultats sont coh\u00e9rents avec les donn\u00e9es observationnelles ant\u00e9rieures reliant la consommation de produits laitiers \u00e0 la sant\u00e9 cognitive. <strong>Des recherches suppl\u00e9mentaires sont n\u00e9cessaires pour clarifier les relations dose-r\u00e9ponse<\/strong>, les sous-types de fromage et les m\u00e9canismes sous-jacents. \u00bb<\/p>\n<p>Pourquoi un zoom sur le fromage ?<\/p>\n<p><strong>Le fromage r\u00e9uni plusieurs nutriments int\u00e9ressants pour le cerveau<\/strong>. On y trouve des prot\u00e9ines et des acides amin\u00e9s essentiels \u00e0 la pr\u00e9servation des cellules nerveuses, mais aussi des <strong>vitamines liposolubles comme la K2<\/strong>. Cette derni\u00e8re joue un r\u00f4le cl\u00e9 dans la r\u00e9gulation du calcium dans le sang, un \u00e9l\u00e9ment crucial pour la sant\u00e9 vasculaire. <\/p>\n<p><a class=\"imagen \" href=\"https:\/\/www.tameteo.com\/actualites\/actualite\/mois-sans-tabac-4-millions-de-fumeurs-quotidiens-en-moins-en-france-notamment-chez-les-jeunes-cigarette-sante.html\" title=\"Mois sans tabac : 4 millions de fumeurs quotidiens en moins en France, notamment chez les jeunes \" target=\"_blank\" rel=\"noopener\"><img loading=\"lazy\" decoding=\"async\" fetchpriority=\"low\" class=\"lazy img-body non-editable\" src=\"https:\/\/www.europesays.com\/fr\/wp-content\/uploads\/2025\/11\/mois-sans-tabac-4-millions-de-fumeurs-quotidiens-en-moins-en-france-notamment-chez-les-jeunes-cigare.jpeg\"  width=\"320\" height=\"225\" alt=\"Mois sans tabac : 4 millions de fumeurs quotidiens en moins en France, notamment chez les jeunes \"\/><\/a><\/p>\n<p><strong>Alors quels fromage consommer ?<\/strong> Selon l\u2019\u00e9tude, les <strong>vari\u00e9t\u00e9s les plus pr\u00e9sentes<\/strong> dans l\u2019alimentation des participants \u00e9taient le fromage fondu qui arrive en t\u00eate, suivi des fromages \u00e0 p\u00e2te blanche comme le camembert et le brie. Ces choix ne doivent rien au hasard : ils sont <strong>faciles \u00e0 consommer au quotidien<\/strong>, accessibles et familiers.<\/p>\n<p>R\u00e9f\u00e9rences de l&rsquo;article :<\/p>\n<p>Nutrients, <a href=\"https:\/\/www.mdpi.com\/2072-6643\/17\/21\/3363\" target=\"_blank\" rel=\"noopener\">Cheese Consumption and Incidence of Dementia in Community-Dwelling Older Japanese Adults: The JAGES 2019\u20132022 Cohort Study<\/a><\/p>\n<p>Science &amp; Vie, <a href=\"https:\/\/www.science-et-vie.com\/corps-et-sante\/alimentation\/le-fromage-cet-allie-surprenant-pour-freiner-la-demence-revele-une-etude-japonaise-216552.html\" target=\"_blank\" rel=\"noopener\">Le fromage, cet alli\u00e9 surprenant pour freiner la d\u00e9mence, r\u00e9v\u00e8le une \u00e9tude japonaise<\/a><\/p>\n<p>    <script async src=\"https:\/\/platform.twitter.com\/widgets.js\" charset=\"utf-8\"><\/script><\/p>\n","protected":false},"excerpt":{"rendered":"Le fromage, un nouvel alli\u00e9 potentiel contre la d\u00e9g\u00e9n\u00e9rescence cognitive. Caroline Le Nestour 04\/11\/2025 17:58 4 min Comme&hellip;\n","protected":false},"author":2,"featured_media":513319,"comment_status":"","ping_status":"","sticky":false,"template":"","format":"standard","meta":{"footnotes":""},"categories":[10],"tags":[286,281,1011,27,23319,72,2070,71],"class_list":{"0":"post-513318","1":"post","2":"type-post","3":"status-publish","4":"format-standard","5":"has-post-thumbnail","7":"category-sante","8":"tag-declin-cognitif","9":"tag-demence","10":"tag-fr","11":"tag-france","12":"tag-fromage","13":"tag-health","14":"tag-japon","15":"tag-sante"},"share_on_mastodon":{"url":"https:\/\/pubeurope.com\/@fr\/115496669674518231","error":""},"_links":{"self":[{"href":"https:\/\/www.europesays.com\/fr\/wp-json\/wp\/v2\/posts\/513318","targetHints":{"allow":["GET"]}}],"collection":[{"href":"https:\/\/www.europesays.com\/fr\/wp-json\/wp\/v2\/posts"}],"about":[{"href":"https:\/\/www.europesays.com\/fr\/wp-json\/wp\/v2\/types\/post"}],"author":[{"embeddable":true,"href":"https:\/\/www.europesays.com\/fr\/wp-json\/wp\/v2\/users\/2"}],"replies":[{"embeddable":true,"href":"https:\/\/www.europesays.com\/fr\/wp-json\/wp\/v2\/comments?post=513318"}],"version-history":[{"count":0,"href":"https:\/\/www.europesays.com\/fr\/wp-json\/wp\/v2\/posts\/513318\/revisions"}],"wp:featuredmedia":[{"embeddable":true,"href":"https:\/\/www.europesays.com\/fr\/wp-json\/wp\/v2\/media\/513319"}],"wp:attachment":[{"href":"https:\/\/www.europesays.com\/fr\/wp-json\/wp\/v2\/media?parent=513318"}],"wp:term":[{"taxonomy":"category","embeddable":true,"href":"https:\/\/www.europesays.com\/fr\/wp-json\/wp\/v2\/categories?post=513318"},{"taxonomy":"post_tag","embeddable":true,"href":"https:\/\/www.europesays.com\/fr\/wp-json\/wp\/v2\/tags?post=513318"}],"curies":[{"name":"wp","href":"https:\/\/api.w.org\/{rel}","templated":true}]}}