{"id":513320,"date":"2025-11-05T10:41:25","date_gmt":"2025-11-05T10:41:25","guid":{"rendered":"https:\/\/www.europesays.com\/fr\/513320\/"},"modified":"2025-11-05T10:41:25","modified_gmt":"2025-11-05T10:41:25","slug":"bayern-munich-on-en-parle-de-lattitude-detestable-des-bavarois-sur-le-carton-rouge-de-luis-diaz","status":"publish","type":"post","link":"https:\/\/www.europesays.com\/fr\/513320\/","title":{"rendered":"Bayern Munich\u00a0: On en parle de l\u2019attitude d\u00e9testable des Bavarois sur le carton rouge de Luis Diaz\u00a0?"},"content":{"rendered":"<p>Evidemment, apr\u00e8s coup, ils ont tous ouvert le parapluie. \u00ab\u00a0Je ne pensais pas que c\u2019\u00e9tait si grave\u00a0\u00bb, a expliqu\u00e9 l\u2019entra\u00eeneur Vincent Kompany, quand son capitaine <a href=\"https:\/\/www.20minutes.fr\/dossier\/manuel_neuer\" target=\"_blank\" class=\"c-link c-link--is-underlined\" rel=\"nofollow noopener\">Manuel Neuer<\/a> n\u2019y voyait \u00e0 chaud qu\u2019une \u00ab\u00a0faute particuli\u00e8rement dure, pas une faute passible d\u2019expulsion\u00a0\u00bb. Il n\u2019emp\u00eache. L\u2019attitude des joueurs et du staff du <a href=\"https:\/\/www.20minutes.fr\/sport\/bayern_munich\/\" target=\"_blank\" class=\"c-link c-link--is-underlined\" rel=\"nofollow noopener\">Bayern Munich<\/a> tout au long de l\u2019action menant au carton rouge de Luis Diaz, pour son tacle de boucher sur Achraf Hakimi, mardi soir lors du <a href=\"https:\/\/www.20minutes.fr\/sport\/football\/ligue_des_champions\/4183403-20251104-direct-psg-bayern-munich-enorme-affiche-parc-paris-peut-rester-invaincu-suivez-match\" target=\"_blank\" class=\"c-link c-link--is-underlined\" rel=\"nofollow noopener\">match face au PSG<\/a> en <a href=\"https:\/\/www.20minutes.fr\/sport\/ligue_des_champions\/\" target=\"_blank\" class=\"c-link c-link--is-underlined\" rel=\"nofollow noopener\">Ligue des champions<\/a>, a \u00e9t\u00e9 particuli\u00e8rement d\u00e9testable.<\/p>\n<\/p>\n<p>La pression mise sur Maurizio Mariani par une bonne moiti\u00e9 de l\u2019\u00e9quipe alors que l\u2019arbitre italien \u00e9tait appel\u00e9 par son assistant vid\u00e9o, puis lorsqu\u2019il \u00e9tait en train de revoir les images, et puis encore quand il est revenu sur le terrain avec l\u2019intention visible de changer la couleur du carton, \u00e9tait pour le moins insupportable.<\/p>\n<p>S\u2019ils ont pu ne pas voir la violence de la torsion de la cheville du lat\u00e9ral marocain, la souffrance et la sortie du terrain en larmes de ce dernier n\u2019ont pas pu leur \u00e9chapper. Pas vraiment l\u2019attitude de quelqu\u2019un qui simule une blessure. Le mieux, dans ces cas-l\u00e0, est de se taire et de laisser l\u2019arbitre faire son travail.<\/p>\n<p class=\"mb-xxl@xs color-ultramarine font-weight-semi-bold@xs font-source-serif-pro heading-s@xs\">L\u2019acc\u00e8s \u00e0 ce contenu a \u00e9t\u00e9 bloqu\u00e9 afin de respecter votre choix de consentement<\/p>\n<p class=\"mb-m@xs text-l@xs\">En cliquant sur\u00ab J\u2019accepte \u00bb, vous acceptez le d\u00e9p\u00f4t de cookies par des services externes et aurez ainsi acc\u00e8s aux contenus de nos partenaires.<\/p>\n<p class=\"mb-xl@xs text-s@xs\">Plus d\u2019informations sur la page<a href=\"https:\/\/www.20minutes.fr\/gestion-cookies\" class=\"mx-xxs@xs color-ultramarine\" rel=\"nofollow noopener\" target=\"_blank\">Politique de gestion des cookies<\/a><\/p>\n<p>J\u2019accepte<\/p>\n<p>\u00ab\u00a0Luis \u00e9tait un peu frustr\u00e9 dans cette situation, il \u00e9tait agac\u00e9 d\u2019avoir perdu le ballon, a racont\u00e9 Joshua Kimmich apr\u00e8s le match sur Prime Vid\u00e9o. J\u2019ai aper\u00e7u l\u2019action bri\u00e8vement \u00e0 l\u2019\u00e9cran. Il avait gliss\u00e9 \u00e0 c\u00f4t\u00e9 de lui, et Hakimi a voulu se placer devant lui \u00e0 ce moment-l\u00e0, c\u2019est pourquoi il l\u2019a touch\u00e9 bas.\u00a0\u00bb D\u2019accord, et c\u2019est normal dans un premier temps de vouloir d\u00e9fendre son co\u00e9quipier. Mais quand l\u2019\u00e9vidence appara\u00eet, il faut savoir s\u2019arr\u00eater. Ce que n\u2019ont pas su faire les Allemands.<\/p>\n<p>La bonne blague de Stanisic (non)<\/p>\n<p>\u00ab\u00a0Cela peut arriver. Je ne pense pas qu\u2019il l\u2019a bless\u00e9 intentionnellement\u00a0\u00bb, a observ\u00e9 Kompany. Encore heureux. Mais on peut faire remarquer \u00e0 l\u2019entra\u00eeneur belge que pas grand-chose ne justifie un tacle par-derri\u00e8re le long de la ligne de touche \u00e0 60 m\u00e8tres de son but \u00e0 quelques secondes de la mi-temps alors que l\u2019on m\u00e8ne tranquillement 2-0.<\/p>\n<p>Comme si \u00e7a ne suffisait pas, le d\u00e9fenseur croate Josip Stanisic n&rsquo;a rien trouv\u00e9 de mieux \u00e0 faire que plaisanter sur ce fait de jeu apr\u00e8s la rencontre. <a href=\"https:\/\/x.com\/kerry_hau\/status\/1985854015830143257\" rel=\"nofollow\" target=\"_blank\" class=\"c-link c-link--is-underlined\">Interrog\u00e9 par Sky Allemagne <\/a>pour savoir si Luis Diaz s&rsquo;\u00e9tait excus\u00e9 aupr\u00e8s de l&rsquo;\u00e9quipe, Stanisic a r\u00e9pondu \u00ab non \u00bb, avant d&rsquo;ajouter en rigolant :  \u00ab On l&rsquo;a remerci\u00e9 ! Je plaisante&#8230; Il \u00e9tait content (\u00e0 l\u2019issue du match), comme nous tous. \u00bb<\/p>\n<p><a href=\"https:\/\/www.20minutes.fr\/sport\/ligue_des_champions\/\" target=\"_blank\" class=\"c-link c-btn c-btn--primary\" rel=\"nofollow noopener\">Totue l&rsquo;actu de la Ligue des champions<\/a><\/p>\n<p>Apr\u00e8s le match, <a href=\"https:\/\/www.20minutes.fr\/sport\/achraf-hakimi\/\" target=\"_blank\" class=\"c-link c-link--is-underlined\" rel=\"nofollow noopener\">Hakimi <\/a>a \u00e9t\u00e9 vu quittant le Parc des Princes en b\u00e9quilles et avec une botte de marche. Il passera des examens ce mercredi pour d\u00e9terminer la nature exacte de sa blessure et avoir une premi\u00e8re id\u00e9e de sa p\u00e9riode d\u2019indisponibilit\u00e9. En priant certainement pour qu\u2019elle ne remette pas en cause sa participation \u00e0 la prochaine CAN (21\u00a0d\u00e9cembre &#8211; 18\u00a0janvier), \u00e0 domicile avec le Maroc. \u00ab\u00a0J\u2019esp\u00e8re que Hakimi va vite se remettre, que ce n\u2019est pas grave et qu\u2019il pourra utiliser tout son talent pour le PSG et le Maroc\u00a0\u00bb, a conclu Kompany. La moindre des choses.<\/p>\n","protected":false},"excerpt":{"rendered":"Evidemment, apr\u00e8s coup, ils ont tous ouvert le parapluie. \u00ab\u00a0Je ne pensais pas que c\u2019\u00e9tait si grave\u00a0\u00bb, a&hellip;\n","protected":false},"author":2,"featured_media":513321,"comment_status":"","ping_status":"","sticky":false,"template":"","format":"standard","meta":{"footnotes":""},"categories":[9],"tags":[14568,4782,63,1011,27,447,2334,2332,517,60],"class_list":{"0":"post-513320","1":"post","2":"type-post","3":"status-publish","4":"format-standard","5":"has-post-thumbnail","7":"category-sports","8":"tag-achraf-hakimi","9":"tag-bayern-munich","10":"tag-football","11":"tag-fr","12":"tag-france","13":"tag-ligue-des-champions","14":"tag-parc-des-princes","15":"tag-paris-saint-germain-psg","16":"tag-sport","17":"tag-sports"},"share_on_mastodon":{"url":"https:\/\/pubeurope.com\/@fr\/115496673795924945","error":""},"_links":{"self":[{"href":"https:\/\/www.europesays.com\/fr\/wp-json\/wp\/v2\/posts\/513320","targetHints":{"allow":["GET"]}}],"collection":[{"href":"https:\/\/www.europesays.com\/fr\/wp-json\/wp\/v2\/posts"}],"about":[{"href":"https:\/\/www.europesays.com\/fr\/wp-json\/wp\/v2\/types\/post"}],"author":[{"embeddable":true,"href":"https:\/\/www.europesays.com\/fr\/wp-json\/wp\/v2\/users\/2"}],"replies":[{"embeddable":true,"href":"https:\/\/www.europesays.com\/fr\/wp-json\/wp\/v2\/comments?post=513320"}],"version-history":[{"count":0,"href":"https:\/\/www.europesays.com\/fr\/wp-json\/wp\/v2\/posts\/513320\/revisions"}],"wp:featuredmedia":[{"embeddable":true,"href":"https:\/\/www.europesays.com\/fr\/wp-json\/wp\/v2\/media\/513321"}],"wp:attachment":[{"href":"https:\/\/www.europesays.com\/fr\/wp-json\/wp\/v2\/media?parent=513320"}],"wp:term":[{"taxonomy":"category","embeddable":true,"href":"https:\/\/www.europesays.com\/fr\/wp-json\/wp\/v2\/categories?post=513320"},{"taxonomy":"post_tag","embeddable":true,"href":"https:\/\/www.europesays.com\/fr\/wp-json\/wp\/v2\/tags?post=513320"}],"curies":[{"name":"wp","href":"https:\/\/api.w.org\/{rel}","templated":true}]}}