{"id":513333,"date":"2025-11-05T10:52:16","date_gmt":"2025-11-05T10:52:16","guid":{"rendered":"https:\/\/www.europesays.com\/fr\/513333\/"},"modified":"2025-11-05T10:52:16","modified_gmt":"2025-11-05T10:52:16","slug":"loire-une-fuite-de-gaz-provoquee-par-des-travaux-a-villars","status":"publish","type":"post","link":"https:\/\/www.europesays.com\/fr\/513333\/","title":{"rendered":"Loire. Une fuite de gaz provoqu\u00e9e par des travaux \u00e0 Villars"},"content":{"rendered":"<p>Ce mercredi 5\u00a0novembre, peu apr\u00e8s 9 heures, les sapeurs-pompiers de la Loire sont intervenus rue Mirabeau \u00e0 Villars, en raison d\u2019une proc\u00e9dure gaz renforc\u00e9e, \u00e0 la suite d&rsquo;une fuite de gaz provoqu\u00e9e par des travaux, au niveau d\u2019un compteur \u00e0 l\u2019ext\u00e9rieur d\u2019une habitation compos\u00e9e de deux logements.<\/p>\n<p>GRDF sur place, la situation rapidement r\u00e9tablie<\/p>\n<p>La pr\u00e9sence sur les lieux de GRDF a permis de rapidement r\u00e9tablir la situation.<\/p>\n<p>Cinq personnes ayant \u00e9vacu\u00e9 leurs logements avant l\u2019arriv\u00e9e des secours ont pu ensuite rentrer chez eux. Au total, une douzaine de soldats du feu a \u00e9t\u00e9 mobilis\u00e9e au cours de cette intervention.<\/p>\n","protected":false},"excerpt":{"rendered":"Ce mercredi 5\u00a0novembre, peu apr\u00e8s 9 heures, les sapeurs-pompiers de la Loire sont intervenus rue Mirabeau \u00e0 Villars,&hellip;\n","protected":false},"author":2,"featured_media":513334,"comment_status":"","ping_status":"","sticky":false,"template":"","format":"standard","meta":{"footnotes":""},"categories":[9653],"tags":[1111,11,2430,7539,1777,674,274,1011,27,3367,12,25,4001,9664,104,10246],"class_list":{"0":"post-513333","1":"post","2":"type-post","3":"status-publish","4":"format-standard","5":"has-post-thumbnail","7":"category-saint-etienne","8":"tag-actu","9":"tag-actualites","10":"tag-auvergne-rhone-alpes","11":"tag-edition-loire-sud","12":"tag-eu","13":"tag-europe","14":"tag-faits-divers-justice","15":"tag-fr","16":"tag-france","17":"tag-loire","18":"tag-news","19":"tag-republique-francaise","20":"tag-saint-etienne","21":"tag-saint-etienne-bassin","22":"tag-societe","23":"tag-villars"},"share_on_mastodon":{"url":"https:\/\/pubeurope.com\/@fr\/115496717164525140","error":""},"_links":{"self":[{"href":"https:\/\/www.europesays.com\/fr\/wp-json\/wp\/v2\/posts\/513333","targetHints":{"allow":["GET"]}}],"collection":[{"href":"https:\/\/www.europesays.com\/fr\/wp-json\/wp\/v2\/posts"}],"about":[{"href":"https:\/\/www.europesays.com\/fr\/wp-json\/wp\/v2\/types\/post"}],"author":[{"embeddable":true,"href":"https:\/\/www.europesays.com\/fr\/wp-json\/wp\/v2\/users\/2"}],"replies":[{"embeddable":true,"href":"https:\/\/www.europesays.com\/fr\/wp-json\/wp\/v2\/comments?post=513333"}],"version-history":[{"count":0,"href":"https:\/\/www.europesays.com\/fr\/wp-json\/wp\/v2\/posts\/513333\/revisions"}],"wp:featuredmedia":[{"embeddable":true,"href":"https:\/\/www.europesays.com\/fr\/wp-json\/wp\/v2\/media\/513334"}],"wp:attachment":[{"href":"https:\/\/www.europesays.com\/fr\/wp-json\/wp\/v2\/media?parent=513333"}],"wp:term":[{"taxonomy":"category","embeddable":true,"href":"https:\/\/www.europesays.com\/fr\/wp-json\/wp\/v2\/categories?post=513333"},{"taxonomy":"post_tag","embeddable":true,"href":"https:\/\/www.europesays.com\/fr\/wp-json\/wp\/v2\/tags?post=513333"}],"curies":[{"name":"wp","href":"https:\/\/api.w.org\/{rel}","templated":true}]}}