{"id":513336,"date":"2025-11-05T10:54:10","date_gmt":"2025-11-05T10:54:10","guid":{"rendered":"https:\/\/www.europesays.com\/fr\/513336\/"},"modified":"2025-11-05T10:54:10","modified_gmt":"2025-11-05T10:54:10","slug":"de-nouveaux-horaires-annonces-pour-2025","status":"publish","type":"post","link":"https:\/\/www.europesays.com\/fr\/513336\/","title":{"rendered":"de nouveaux horaires annonc\u00e9s pour 2025"},"content":{"rendered":"<p>            Par<br \/>\n        <strong><br \/>\n            <a href=\"https:\/\/actu.fr\/auteur\/amandine-mehl\" title=\"Consulter tous les articles de Amandine Mehl\" target=\"_blank\" rel=\"noopener\">Amandine Mehl<\/a><br \/>\n        <\/strong><\/p>\n<p>        Publi\u00e9 le<\/p>\n<p>            5 nov. 2025 \u00e0 11h38        <\/p>\n<p>Alors que le <a href=\"https:\/\/actu.fr\/grand-est\/nancy_54395\/jardin-ephemere-a-nancy-date-theme-forme-ce-qu-on-sait-deja-sur-l-edition-2025_62217544.html\" target=\"_blank\" rel=\"noopener\">jardin \u00e9ph\u00e9m\u00e8re<\/a> vient tout juste de fermer ses portes, <strong>Nancy<\/strong> se pr\u00e9pare \u00e0 se mettre dans l\u2019<strong>ambiance des f\u00eates de fin d\u2019ann\u00e9e <\/strong>avec la <a href=\"https:\/\/actu.fr\/tag\/saint-nicolas\" target=\"_blank\" rel=\"noopener\">Saint-Nicolas<\/a>.<\/p>\n<p class=\" wall-content\">Du <strong>21 novembre 2025 au 4 janvier 2026<\/strong>, les diff\u00e9rents villages feront leur retour et animeront plusieurs lieux de la cit\u00e9 ducale. Le <strong>Grand village<\/strong>, install\u00e9 place Charles III, en fait partie. Voici les <strong>horaires<\/strong> de l\u2019\u00e9dition 2025.<\/p>\n<p>De nouveaux horaires pour le Grand village de Saint-Nicolas<\/p>\n<p class=\" wall-content\">Comme annonc\u00e9 sur les r\u00e9seaux sociaux, le village sera ouvert <strong>de 10h \u00e0 20h le dimanche<\/strong>, <strong>de 12h \u00e0 20h le lundi<\/strong> et de <strong>11h \u00e0 20h du mardi au jeudi<\/strong>.<\/p>\n<p class=\" wall-content\">Petite <strong>nouveaut\u00e9<\/strong> cette ann\u00e9e : il sera possible d\u2019en profiter plus longtemps <strong>chaque vendredi et chaque samedi<\/strong> puisqu\u2019il sera ouvert <strong>de 10h \u00e0 21h<\/strong>.<\/p>\n<p class=\" wall-content\">Comme le rappelle \u00e9galement l\u2019association de commer\u00e7ants Les Vitrines de Nancy, les <strong>chalets gourmands<\/strong> resteront <strong>ouverts une heure de plus<\/strong> que les autres chaque jour.<\/p>\n<p class=\" wall-content\">Personnalisez votre actualit\u00e9 en ajoutant vos villes et m\u00e9dias en favori avec <a href=\"https:\/\/moncompte.actu.fr\" title=\"D\u00e9couvez Mon Actu\" rel=\"nofollow noopener\" data-trk=\"{&quot;cta&quot;:{&quot;action&quot;:&quot;https:\\\/\\\/moncompte.actu.fr&quot;,&quot;category&quot;:&quot;mon compte&quot;,&quot;from&quot;:&quot;article footer&quot;,&quot;name&quot;:&quot;Mon actu&quot;,&quot;type&quot;:&quot;cta&quot;}}\" target=\"_blank\">Mon Actu<\/a>.<\/p>\n","protected":false},"excerpt":{"rendered":"Par Amandine Mehl Publi\u00e9 le 5 nov. 2025 \u00e0 11h38 Alors que le jardin \u00e9ph\u00e9m\u00e8re vient tout juste&hellip;\n","protected":false},"author":2,"featured_media":513337,"comment_status":"","ping_status":"","sticky":false,"template":"","format":"standard","meta":{"footnotes":""},"categories":[9635],"tags":[1111,11,1777,674,1011,27,775,1702,12,25,14334,104],"class_list":{"0":"post-513336","1":"post","2":"type-post","3":"status-publish","4":"format-standard","5":"has-post-thumbnail","7":"category-nancy","8":"tag-actu","9":"tag-actualites","10":"tag-eu","11":"tag-europe","12":"tag-fr","13":"tag-france","14":"tag-grand-est","15":"tag-nancy","16":"tag-news","17":"tag-republique-francaise","18":"tag-saint-nicolas","19":"tag-societe"},"share_on_mastodon":{"url":"https:\/\/pubeurope.com\/@fr\/115496724945323202","error":""},"_links":{"self":[{"href":"https:\/\/www.europesays.com\/fr\/wp-json\/wp\/v2\/posts\/513336","targetHints":{"allow":["GET"]}}],"collection":[{"href":"https:\/\/www.europesays.com\/fr\/wp-json\/wp\/v2\/posts"}],"about":[{"href":"https:\/\/www.europesays.com\/fr\/wp-json\/wp\/v2\/types\/post"}],"author":[{"embeddable":true,"href":"https:\/\/www.europesays.com\/fr\/wp-json\/wp\/v2\/users\/2"}],"replies":[{"embeddable":true,"href":"https:\/\/www.europesays.com\/fr\/wp-json\/wp\/v2\/comments?post=513336"}],"version-history":[{"count":0,"href":"https:\/\/www.europesays.com\/fr\/wp-json\/wp\/v2\/posts\/513336\/revisions"}],"wp:featuredmedia":[{"embeddable":true,"href":"https:\/\/www.europesays.com\/fr\/wp-json\/wp\/v2\/media\/513337"}],"wp:attachment":[{"href":"https:\/\/www.europesays.com\/fr\/wp-json\/wp\/v2\/media?parent=513336"}],"wp:term":[{"taxonomy":"category","embeddable":true,"href":"https:\/\/www.europesays.com\/fr\/wp-json\/wp\/v2\/categories?post=513336"},{"taxonomy":"post_tag","embeddable":true,"href":"https:\/\/www.europesays.com\/fr\/wp-json\/wp\/v2\/tags?post=513336"}],"curies":[{"name":"wp","href":"https:\/\/api.w.org\/{rel}","templated":true}]}}