{"id":513354,"date":"2025-11-05T11:07:17","date_gmt":"2025-11-05T11:07:17","guid":{"rendered":"https:\/\/www.europesays.com\/fr\/513354\/"},"modified":"2025-11-05T11:07:17","modified_gmt":"2025-11-05T11:07:17","slug":"dans-ce-nouveau-commerce-de-rennes-les-fruits-et-legumes-sont-moins-chers-quen-grande-surface","status":"publish","type":"post","link":"https:\/\/www.europesays.com\/fr\/513354\/","title":{"rendered":"Dans ce nouveau commerce de Rennes, les fruits et l\u00e9gumes sont \u00ab\u00a0moins chers\u00a0\u00bb qu&rsquo;en grande surface"},"content":{"rendered":"<p>            Par<br \/>\n        <strong><br \/>\n            <a href=\"https:\/\/actu.fr\/auteur\/clemence-pays02-actu-fr\" title=\"Consulter tous les articles de Cl\u00e9mence Pays\" target=\"_blank\" rel=\"noopener\">Cl\u00e9mence Pays<\/a><br \/>\n        <\/strong><\/p>\n<p>        Publi\u00e9 le<\/p>\n<p>            5 nov. 2025 \u00e0 11h39        <\/p>\n<p>Un magasin antigaspi a fait son apparition rue de Saint-Malo \u00e0 <a href=\"https:\/\/actu.fr\/rennes\/\" target=\"_blank\" rel=\"noopener\">Rennes<\/a>. C\u2019est dans le nouveau b\u00e2timent du Campus Frassati, que la coop\u00e9rative <strong>Artichou<\/strong> (ex Finisterestes29) a d\u00e9cid\u00e9 de s\u2019implanter.<\/p>\n<p class=\" wall-content\">Dans ce commerce,<strong> fruits et l\u00e9gumes \u00ab\u2009moches\u2009\u00bb<\/strong> sont les stars. Melons, tomates, poireaux, artichauts et pommes prennent place sur des rang\u00e9es de cagettes. Ces produits \u00ab\u2009non calibr\u00e9s\u2009\u00bb pour les grandes surfaces sont tri\u00e9s \u00e0 <a href=\"https:\/\/actu.fr\/bretagne\/saint-pol-de-leon_29259\" target=\"_blank\" rel=\"noopener\">Saint-Pol-de-L\u00e9on<\/a> (Finist\u00e8re), ville o\u00f9 est n\u00e9e la soci\u00e9t\u00e9 <strong>Finisterestes29,<\/strong> d\u00e9taille Nathan Boileau, g\u00e9rant du magasin rennais.<\/p>\n<p>Des tarifs avantageux<\/p>\n<p class=\" wall-content\">\u00ab\u2009Il y a <strong>du bio et du conventionnel,<\/strong> explique Nathan Boileau. Quand ils ne sont pas bios, les fruits et l\u00e9gumes viennent de producteurs ayant adopt\u00e9 une agriculture raisonn\u00e9e.\u2009\u00bb<\/p>\n<p class=\" wall-content\">Dans les rayons, sauces tomate, pesto, p\u00e2tes et autres <strong>produits secs<\/strong> c\u00f4toient \u00e9galement fromages et poisson. Au total, \u00ab\u2009250 \u00e0 300 produits\u2009\u00bb sont vendus chez Artichou.<\/p>\n<blockquote class=\"ac-article-quote wall-content\">\n<p>Ce sont des invendus de certains magasins, ou parfois des changements de packaging. On vend 20 \u00e0 40% moins cher qu&rsquo;en grande surface.<\/p>\n<p>    <strong\/><br \/>\n        G\u00e9rant Artichou Rennes    <\/p><\/blockquote>\n<p class=\" wall-content\">Le butternut est par exemple vendu \u00e0 1,50 euro, un paquet de p\u00e2tes \u00e0 1,40 euro et le <strong>potimarron \u00e0 1 euro pi\u00e8ce.<\/strong> Une formule qui s\u00e9duit puisque depuis l\u2019ouverture, <strong>\u00ab\u2009les clients sont au rendez-vous,<\/strong> il manquait un mara\u00eecher dans le quartier\u2009\u00bb.<\/p>\n<p>    <img   decoding=\"async\" loading=\"lazy\" src=\"https:\/\/www.europesays.com\/fr\/wp-content\/uploads\/2025\/11\/rennes-artichou-campus-frassati-rue-saint-malo-960x640.jpeg\" alt=\"Le magasin antigaspi se situe dans le nouveau b\u00e2timent Campus Frassati, rue de Saint-Malo.\" width=\"960\" height=\"640\"\/><br \/>\n    Le magasin antigaspi se situe dans le nouveau b\u00e2timent Campus Frassati, rue Saint-Malo. (\u00a9Cl\u00e9mence Pays\/actu Rennes)<\/p>\n<p>Votre r\u00e9gion, votre actu !<\/p>\n<p>Recevez chaque jour les infos qui comptent pour vous.<\/p>\n<p>\t<a href=\"https:\/\/actu.fr\/newsletter\" class=\"ac-btn ac-btn--corner ac-btn--medium ac-btn--blue800\" target=\"_blank\" rel=\"noopener\">S&rsquo;incrire<\/a><\/p>\n<p><strong>Infos pratiques\u2009:<\/strong><br \/>Artichou, 60 quater rue de Saint-Malo \u00e0 Rennes. Ouvert du mardi au vendredi, de 9h30 \u00e0 12h30 et de 14h \u00e0 19h\u2009; lundi de 14h \u00e0 19h\u2009; samedi de 9h30 \u00e0 12h30.<\/p>\n<p class=\" wall-content\">Personnalisez votre actualit\u00e9 en ajoutant vos villes et m\u00e9dias en favori avec <a href=\"https:\/\/moncompte.actu.fr\" title=\"D\u00e9couvez Mon Actu\" rel=\"nofollow noopener\" data-trk=\"{&quot;cta&quot;:{&quot;action&quot;:&quot;https:\\\/\\\/moncompte.actu.fr&quot;,&quot;category&quot;:&quot;mon compte&quot;,&quot;from&quot;:&quot;article footer&quot;,&quot;name&quot;:&quot;Mon actu&quot;,&quot;type&quot;:&quot;cta&quot;}}\" target=\"_blank\">Mon Actu<\/a>.<\/p>\n","protected":false},"excerpt":{"rendered":"Par Cl\u00e9mence Pays Publi\u00e9 le 5 nov. 2025 \u00e0 11h39 Un magasin antigaspi a fait son apparition rue&hellip;\n","protected":false},"author":2,"featured_media":513355,"comment_status":"","ping_status":"","sticky":false,"template":"","format":"standard","meta":{"footnotes":""},"categories":[2821],"tags":[1111,11,258,829,215,130,33,1777,674,1011,27,12,584,25],"class_list":{"0":"post-513354","1":"post","2":"type-post","3":"status-publish","4":"format-standard","5":"has-post-thumbnail","7":"category-rennes","8":"tag-actu","9":"tag-actualites","10":"tag-alimentation","11":"tag-bretagne","12":"tag-commerce","13":"tag-consommation","14":"tag-economie","15":"tag-eu","16":"tag-europe","17":"tag-fr","18":"tag-france","19":"tag-news","20":"tag-rennes","21":"tag-republique-francaise"},"share_on_mastodon":{"url":"https:\/\/pubeurope.com\/@fr\/115496776809756206","error":""},"_links":{"self":[{"href":"https:\/\/www.europesays.com\/fr\/wp-json\/wp\/v2\/posts\/513354","targetHints":{"allow":["GET"]}}],"collection":[{"href":"https:\/\/www.europesays.com\/fr\/wp-json\/wp\/v2\/posts"}],"about":[{"href":"https:\/\/www.europesays.com\/fr\/wp-json\/wp\/v2\/types\/post"}],"author":[{"embeddable":true,"href":"https:\/\/www.europesays.com\/fr\/wp-json\/wp\/v2\/users\/2"}],"replies":[{"embeddable":true,"href":"https:\/\/www.europesays.com\/fr\/wp-json\/wp\/v2\/comments?post=513354"}],"version-history":[{"count":0,"href":"https:\/\/www.europesays.com\/fr\/wp-json\/wp\/v2\/posts\/513354\/revisions"}],"wp:featuredmedia":[{"embeddable":true,"href":"https:\/\/www.europesays.com\/fr\/wp-json\/wp\/v2\/media\/513355"}],"wp:attachment":[{"href":"https:\/\/www.europesays.com\/fr\/wp-json\/wp\/v2\/media?parent=513354"}],"wp:term":[{"taxonomy":"category","embeddable":true,"href":"https:\/\/www.europesays.com\/fr\/wp-json\/wp\/v2\/categories?post=513354"},{"taxonomy":"post_tag","embeddable":true,"href":"https:\/\/www.europesays.com\/fr\/wp-json\/wp\/v2\/tags?post=513354"}],"curies":[{"name":"wp","href":"https:\/\/api.w.org\/{rel}","templated":true}]}}