{"id":513364,"date":"2025-11-05T11:12:13","date_gmt":"2025-11-05T11:12:13","guid":{"rendered":"https:\/\/www.europesays.com\/fr\/513364\/"},"modified":"2025-11-05T11:12:13","modified_gmt":"2025-11-05T11:12:13","slug":"trois-rendez-vous-pour-en-finir-avec-la-toute-puissance-de-ladulte-sur-lenfant-a","status":"publish","type":"post","link":"https:\/\/www.europesays.com\/fr\/513364\/","title":{"rendered":"Trois rendez-vous pour \u00ab\u00a0en finir avec la toute-puissance de l\u2019adulte sur l\u2019enfant\u00a0\u00bb, \u00e0"},"content":{"rendered":"<p>Parmi le flot des violences intrafamiliales, celles qui touchent les enfants passent-elles trop souvent inaper\u00e7ues\u00a0? Sont-elles mal appr\u00e9ci\u00e9es dans les d\u00e9cisions de justice\u00a0? L\u2019\u00e9ducation associ\u00e9e \u00e0 des formes de violence perdure-t-elle malgr\u00e9 le bannissement du droit de correction\u00a0? Toutes ces questions, le collectif Enfantiste44\u00a0les pose en constatant que depuis <a href=\"https:\/\/rennes.maville.com\/actu\/actudet_-enfants-la-loi-anti-fessee-promulguee_54135-3771815_actu.Htm\" target=\"_blank\" rel=\"noopener\">la loi de 2019 interdisant toute forme de violence dans l\u2019\u00e9ducation<\/a>, <strong>\u00ab\u00a0les choses n\u2019ont pas boug\u00e9. Aucune campagne de sensibilisation<\/strong> <strong>,<\/strong> exposent Anna Gougeon et Claire Berthaut-Gerentes. <strong>Les responsables politiques n\u2019en parlent pas\u00a0\u00bb.<\/strong><\/p>\n<p><strong>Lire aussi\u00a0: <\/strong> <a href=\"https:\/\/nantes.maville.com\/actu\/actudet_-le-defenseur-des-enfants-a-nantes-on-aime-les-enfants-mais-pas-l-enfance-_8-7006405_actu.Htm\" target=\"_blank\" rel=\"noopener\">Le d\u00e9fenseur des enfants \u00e0 Nantes\u00a0: \u00ab\u00a0On aime les enfants, mais pas l\u2019enfance\u00a0\u00bb<\/a><\/p>\n<p>La th\u00e9rapeute, sp\u00e9cialis\u00e9e dans le psychotraumatisme, et l\u2019infirmi\u00e8re scolaire ont voulu aller au-del\u00e0 de leurs professions qui les confrontent aux maltraitances d\u2019enfants et d\u2019adolescents. Dans une <strong>\u00ab\u00a0d\u00e9marche citoyenne\u00a0\u00bb<\/strong>, elles ont rejoint le groupe compos\u00e9 d\u2019une cinquantaine de personnes dans le d\u00e9partement.<a href=\"https:\/\/nantes.maville.com\/actu\/actudet_--trois-enfants-par-classe-victimes-d-inceste-a-nantes-le-collectif-enfantiste-sonne-l-alarme-_8-6554969_actu.Htm?utm_source=troove&amp;utm_medium=site\" target=\"_blank\" rel=\"noopener\"> Objectifs\u00a0: alerter, sensibiliser<\/a> en faisant conna\u00eetre par exemple les travaux d\u2019Alice Miller, psychologue qui a fait \u00e9voluer la prise en compte des m\u00e9canismes de domination parentale violente, qui peuvent d\u00e9truire un enfant.<\/p>\n<p>Se mettre \u00e0 hauteur d\u2019enfant<\/p>\n<p>La notion d\u2019enfantisme, que l\u2019on peut mettre en parall\u00e8le avec le f\u00e9minisme, sans qu\u2019elle soit aussi connue, d\u00e9nonce ces violences physiques et morales.<strong> \u00ab\u00a0Froncer les sourcils, parler fort, est-ce que c\u2019est normal\u00a0? Est-ce qu\u2019un adulte ferait \u00e7a \u00e0 un autre adulte dans un cadre naturel\u00a0? Non\u00a0\u00bb, <\/strong>pose d\u2019embl\u00e9e Anna Gougeon.<\/p>\n<p><strong>\u00ab\u00a0Le probl\u00e8me vient de cette position de toute puissance de l\u2019adulte, au lieu de se mettre \u00e0 hauteur d\u2019enfant,<\/strong> insiste Claire Berthaut-Gerentes. <strong>\u00c9couter, d\u00e9cider avec les enfants n\u2019est pas en faire des rois. La d\u00e9mocratie familiale, c\u2019est aussi maintenir des cadres.\u00a0\u00bb<\/strong><\/p>\n<p>Le collectif voudrait que la France s\u2019inspire du mod\u00e8le d\u00e9velopp\u00e9 en Su\u00e8de depuis la fin des ann\u00e9es 1970. Avec des campagnes chocs sur l\u2019antiviolence. <strong>\u00ab\u00a0Le nombre d\u2019inceste est tr\u00e8s faible en Su\u00e8de,<\/strong> souligne Claire Berthaut-Gerentes. <strong>En France, on estime qu\u2019un enfant sur dix en est victime.\u00a0\u00bb<\/strong><\/p>\n<p>Syndrome d\u2019ali\u00e9nation parentale<\/p>\n<p>Parmi les combats de la structure, celui de la prise en compte trop syst\u00e9matique dans la justice du syndrome d\u2019ali\u00e9nation parentale. <strong>\u00ab\u00a0On consid\u00e8re qu\u2019un enfant qui d\u00e9nonce un acte de son p\u00e8re est manipul\u00e9 par sa m\u00e8re. Cette th\u00e8se est toujours appliqu\u00e9e majoritairement alors qu\u2019elle n\u2019est plus reconnue scientifiquement\u00a0\u00bb,<\/strong> expliquent-elles. Ce sera l\u2019un des th\u00e8mes d\u2019un des \u00e9v\u00e9nements organis\u00e9s par le collectif en ce d\u00e9but novembre.<\/p>\n<p><strong>Jeudi 6\u00a0novembre,<\/strong> \u00e0 19\u00a0h\u00a045, salle Bonnaire, \u00e0 Nantes, cin\u00e9-d\u00e9bat avec le film\u00a0R\u00e9-inventer l\u2019enfance, en partenariat avec l\u2019association Cin\u00e9tik, 2\u00a0\u20ac\u00a0; <strong>mercredi 12\u00a0novembre,<\/strong> \u00e0 20\u00a0h\u00a030, au cin\u00e9ma Concorde, discussion et projection du film On vous croit, avec le Planning familial et l\u2019association Solidarit\u00e9 Femmes\u00a0; <strong>samedi 15\u00a0novembre,<\/strong> \u00e0 14\u00a0h, place Bretagne, manifestation contre les violences faites aux enfants et aux adolescents.<\/p>\n<p>\u00a0<\/p>\n","protected":false},"excerpt":{"rendered":"Parmi le flot des violences intrafamiliales, celles qui touchent les enfants passent-elles trop souvent inaper\u00e7ues\u00a0? Sont-elles mal appr\u00e9ci\u00e9es&hellip;\n","protected":false},"author":2,"featured_media":513365,"comment_status":"","ping_status":"","sticky":false,"template":"","format":"standard","meta":{"footnotes":""},"categories":[2818],"tags":[1111,11,43102,847,1777,674,27064,1011,27,766,12,2636,12407,25,63420],"class_list":{"0":"post-513364","1":"post","2":"type-post","3":"status-publish","4":"format-standard","5":"has-post-thumbnail","7":"category-nantes","8":"tag-actu","9":"tag-actualites","10":"tag-adulte","11":"tag-enfant","12":"tag-eu","13":"tag-europe","14":"tag-finir","15":"tag-fr","16":"tag-france","17":"tag-nantes","18":"tag-news","19":"tag-pays-de-la-loire","20":"tag-rendez-vous","21":"tag-republique-francaise","22":"tag-toute-puissance"},"share_on_mastodon":{"url":"https:\/\/pubeurope.com\/@fr\/115496795859175827","error":""},"_links":{"self":[{"href":"https:\/\/www.europesays.com\/fr\/wp-json\/wp\/v2\/posts\/513364","targetHints":{"allow":["GET"]}}],"collection":[{"href":"https:\/\/www.europesays.com\/fr\/wp-json\/wp\/v2\/posts"}],"about":[{"href":"https:\/\/www.europesays.com\/fr\/wp-json\/wp\/v2\/types\/post"}],"author":[{"embeddable":true,"href":"https:\/\/www.europesays.com\/fr\/wp-json\/wp\/v2\/users\/2"}],"replies":[{"embeddable":true,"href":"https:\/\/www.europesays.com\/fr\/wp-json\/wp\/v2\/comments?post=513364"}],"version-history":[{"count":0,"href":"https:\/\/www.europesays.com\/fr\/wp-json\/wp\/v2\/posts\/513364\/revisions"}],"wp:featuredmedia":[{"embeddable":true,"href":"https:\/\/www.europesays.com\/fr\/wp-json\/wp\/v2\/media\/513365"}],"wp:attachment":[{"href":"https:\/\/www.europesays.com\/fr\/wp-json\/wp\/v2\/media?parent=513364"}],"wp:term":[{"taxonomy":"category","embeddable":true,"href":"https:\/\/www.europesays.com\/fr\/wp-json\/wp\/v2\/categories?post=513364"},{"taxonomy":"post_tag","embeddable":true,"href":"https:\/\/www.europesays.com\/fr\/wp-json\/wp\/v2\/tags?post=513364"}],"curies":[{"name":"wp","href":"https:\/\/api.w.org\/{rel}","templated":true}]}}