{"id":513378,"date":"2025-11-05T11:19:11","date_gmt":"2025-11-05T11:19:11","guid":{"rendered":"https:\/\/www.europesays.com\/fr\/513378\/"},"modified":"2025-11-05T11:19:11","modified_gmt":"2025-11-05T11:19:11","slug":"lille-defend-les-droits-de-lenfant-actualites","status":"publish","type":"post","link":"https:\/\/www.europesays.com\/fr\/513378\/","title":{"rendered":"Lille d\u00e9fend les droits de l&rsquo;enfant \/ Actualit\u00e9s"},"content":{"rendered":"<p>\u00c0 l&rsquo;occasion de la Journ\u00e9e internationale des droits de l&rsquo;enfant, le 19 novembre 2025, la Ville de Lille, partenaire d\u2019UNICEF France et Ville Amie des enfants depuis 2003, rappelle son engagement pour promouvoir les droits des enfants et les garantir au quotidien.<\/p>\n<p>[Pour rappeler l\u2019importance de s\u2019engager collectivement en faveur des droits de l\u2019enfant, la Ville illumine en bleu, le mercredi 19 novembre 2025, les b\u00e2timents du secteur de la Grand-Place, le Palais des Beaux-Arts, la Pr\u00e9fecture ainsi que les fa\u00e7ades de la rue Faidherbe.]<\/p>\n<p>Lille, une ville \u00e0 hauteur d&rsquo;enfants<\/p>\n<p>Devenir une \u00ab Ville \u00e0 hauteur d\u2019enfants \u00bb, c\u2019est donner la parole aux plus jeunes sur l\u2019ensemble des politiques municipales, et pas seulement sur celles qui les concernent. C\u2019est leur permettre d\u2019\u00eatre acteurs des r\u00e9alisations.<\/p>\n<p>La Ville de Lille, sur ses diff\u00e9rents temps d\u2019intervention (pause m\u00e9ridienne, accueils p\u00e9riscolaires, accueils de loisirs, \u00e9cole), d\u00e9veloppe plusieurs dispositifs pour promouvoir les droits des enfants et les garantir au quotidien.<\/p>\n<p>Ces actions s\u2019inscrivent dans le cadre du <a href=\"https:\/\/www.lille.fr\/Parent\/Les-ecoles\/Le-projet-educatif-global-lillois\" target=\"_self\" class=\"lien_interne\" rel=\"noopener\">Projet Educatif Global lillois<\/a>.<\/p>\n<p>Parmi les actions men\u00e9es :<\/p>\n<ul class=\"listPuce\">\n<li>Le budget participatif d\u00e8s 9 ans<\/li>\n<li>La mise en place de conseils d\u2019enfants et d\u2019\u00e9l\u00e8ves<\/li>\n<li>La formation des professionnels \u00e0 l\u2019organisation de d\u00e9marches participatives<\/li>\n<li>Un plan vivre ensemble &#8211; la\u00efcit\u00e9 et parcours citoyen<\/li>\n<li>La contribution des enfants et des ados aux projets d\u2019espaces publics et \u00e9quipements<\/li>\n<li>La participation des enfants \u00e0 la gestion des lieux qu\u2019ils fr\u00e9quentent<\/li>\n<li>Le soutien aux projets solidaires port\u00e9s par les enfants et interg\u00e9n\u00e9rationnels<\/li>\n<li>Des conseils d\u2019enfants, comme le Conseil Municipal des Enfants (cr\u00e9\u00e9 en 1999)<\/li>\n<li>Des ateliers philosophiques dans le cadre des clubs p\u00e9riscolaires.<\/li>\n<\/ul>\n<p><strong>&gt; <a href=\"https:\/\/www.lille.fr\/Parent\/Les-ecoles\/Le-projet-educatif-global-lillois\/Developper-le-pouvoir-d-agir-des-enfants-dans-une-Ville-a-hauteur-d-enfant\" target=\"_self\" class=\"lien_interne\" rel=\"noopener\">En savoir plus<\/a>\u00a0<\/strong><\/p>\n<p>La lutte contre le harc\u00e8lement scolaire<\/p>\n<p>Depuis 2006, la Ville de Lille a mis en place le groupe de r\u00e9flexion \u00ab Violence et enfants \u00bb, pilot\u00e9 par le Professeur Pierre Delion, p\u00e9dopsychiatre, qui travaille avec les acteurs du territoire contre la violence faite aux enfants et entre les enfants. Un travail qui a permis d\u2019impulser une r\u00e9elle dynamique de r\u00e9seau interprofessionnel, en lien avec les familles et les enfants au travers de groupes ressources \u00e0 l\u2019\u00e9chelle de plusieurs quartiers de la Ville.<\/p>\n<p><strong>&gt; <a href=\"https:\/\/www.lille.fr\/Actualites\/Le-bien-etre-des-enfants-une-priorite\" target=\"_self\" class=\"lien_interne\" rel=\"noopener\">En savoir plus<\/a><\/strong><\/p>\n<p>L&rsquo;art de donner vie aux droits de l&rsquo;enfant<\/p>\n<p>La maison Folie Moulins renouvelle son soutien et accueille la <strong>4\u00e8me \u00e9dition des \u00ab Enfants \u00e0 l\u2019\u0152uvre \u00bb<\/strong> !\u00a0Une exposition issue de rencontres entre artistes et groupes scolaires et p\u00e9riscolaires lillois, hellemmois et lommois.<\/p>\n<p><strong>&gt; <a href=\"https:\/\/www.lille.fr\/Evenements\/Les-enfants-a-l-oeuvre3\" target=\"_self\" class=\"lien_interne\" rel=\"noopener\">En savoir plus<\/a><\/strong><\/p>\n<p>En parall\u00e8le, des actions \u00e9ducatives, citoyennes et culturelles seront men\u00e9es. Au programme :\u00a0<\/p>\n<ul class=\"listPuce\">\n<li>Le matin et l&rsquo;apr\u00e8s-midi : ateliers ludiques, \u00e9ducatifs, cr\u00e9atifs et sportifs autour des droits de l\u2019enfant ; activit\u00e9s (gestes de secours, \u00e9cogestes, alimentation, coop\u00e9ration, fresque collaborative)<\/li>\n<li>L&rsquo;apr\u00e8s-midi (d\u00e8s 15h30), temps fort symbolique sur le parvis (flashmob \/ exposition de la fresque des droits de l\u2019enfant avec l&rsquo;\u00ab Arbre \u00e0 mots \u00bb (des messages \u00e9crits par les enfants y sont coll\u00e9s), go\u00fbter festif.<\/li>\n<\/ul>\n<p>L&rsquo;action du Conseil municipal d&rsquo;enfants\u00a0<\/p>\n<p>Le <a href=\"https:\/\/www.lille.fr\/Participer\/Participation-citoyenne\/Les-instances-citoyennes\/Conseil-municipal-d-enfants\" target=\"_self\" class=\"lien_interne\" rel=\"noopener\">Conseil municipal d&rsquo;enfants<\/a> (CME) a \u00e9t\u00e9 cr\u00e9\u00e9 en 1999 dans le but de donner la parole aux enfants. Il est compos\u00e9 de 164 enfants qui s\u2019engagent pour un mandat de 2 ans. Les membres du CME sont \u00e9lus par leurs camarades lors d\u2019\u00e9lections qui ont lieu dans les \u00e9coles publiques et priv\u00e9es de Lille, et dans les centres sociaux.<\/p>\n<p>Les actions pr\u00e9sent\u00e9es par les jeunes \u00e9lus du CME concernent des th\u00e9matiques aussi nombreuses que vari\u00e9es, notamment la solidarit\u00e9 envers les enfants malades, la transition \u00e9cologique ou encore la d\u00e9fense des droits de l&rsquo;enfant.<\/p>\n","protected":false},"excerpt":{"rendered":"\u00c0 l&rsquo;occasion de la Journ\u00e9e internationale des droits de l&rsquo;enfant, le 19 novembre 2025, la Ville de Lille,&hellip;\n","protected":false},"author":2,"featured_media":513379,"comment_status":"","ping_status":"","sticky":false,"template":"","format":"standard","meta":{"footnotes":""},"categories":[2815],"tags":[1111,11,4763,1777,674,1011,27,811,1307,5415,12,25],"class_list":{"0":"post-513378","1":"post","2":"type-post","3":"status-publish","4":"format-standard","5":"has-post-thumbnail","7":"category-lille","8":"tag-actu","9":"tag-actualites","10":"tag-agenda","11":"tag-eu","12":"tag-europe","13":"tag-fr","14":"tag-france","15":"tag-hauts-de-france","16":"tag-lille","17":"tag-mairie","18":"tag-news","19":"tag-republique-francaise"},"share_on_mastodon":{"url":"https:\/\/pubeurope.com\/@fr\/115496823340447871","error":""},"_links":{"self":[{"href":"https:\/\/www.europesays.com\/fr\/wp-json\/wp\/v2\/posts\/513378","targetHints":{"allow":["GET"]}}],"collection":[{"href":"https:\/\/www.europesays.com\/fr\/wp-json\/wp\/v2\/posts"}],"about":[{"href":"https:\/\/www.europesays.com\/fr\/wp-json\/wp\/v2\/types\/post"}],"author":[{"embeddable":true,"href":"https:\/\/www.europesays.com\/fr\/wp-json\/wp\/v2\/users\/2"}],"replies":[{"embeddable":true,"href":"https:\/\/www.europesays.com\/fr\/wp-json\/wp\/v2\/comments?post=513378"}],"version-history":[{"count":0,"href":"https:\/\/www.europesays.com\/fr\/wp-json\/wp\/v2\/posts\/513378\/revisions"}],"wp:featuredmedia":[{"embeddable":true,"href":"https:\/\/www.europesays.com\/fr\/wp-json\/wp\/v2\/media\/513379"}],"wp:attachment":[{"href":"https:\/\/www.europesays.com\/fr\/wp-json\/wp\/v2\/media?parent=513378"}],"wp:term":[{"taxonomy":"category","embeddable":true,"href":"https:\/\/www.europesays.com\/fr\/wp-json\/wp\/v2\/categories?post=513378"},{"taxonomy":"post_tag","embeddable":true,"href":"https:\/\/www.europesays.com\/fr\/wp-json\/wp\/v2\/tags?post=513378"}],"curies":[{"name":"wp","href":"https:\/\/api.w.org\/{rel}","templated":true}]}}