{"id":513382,"date":"2025-11-05T11:22:12","date_gmt":"2025-11-05T11:22:12","guid":{"rendered":"https:\/\/www.europesays.com\/fr\/513382\/"},"modified":"2025-11-05T11:22:12","modified_gmt":"2025-11-05T11:22:12","slug":"concerts-de-noel-candlelight-pour-la-fin-de-lannee","status":"publish","type":"post","link":"https:\/\/www.europesays.com\/fr\/513382\/","title":{"rendered":"Concerts de No\u00ebl Candlelight pour la fin de l&rsquo;ann\u00e9e"},"content":{"rendered":"<p>\t\t\t\t\t\t\t\t\t\t\t\t\t\t\t\t\t\t\t\t\t\t<img loading=\"lazy\" decoding=\"async\" src=\"data:image\/svg+xml,%3Csvg%20xmlns=\" http:=\"\" class=\"img-fluid\" alt=\"Photo d'un escalier avec une branche de houx et un ruban rouge entour\u00e9 de bougies pour un Candlelight de No\u00ebl\" width=\"1024\" height=\"683\" data-lazy-src=\"https:\/\/www.europesays.com\/fr\/wp-content\/uploads\/2025\/11\/1762341732_278_2022_12_03_Central-Hall-Westminster_LONDON_UK_02-1-1024x683.jpg\"\/><\/p>\n<p>    Save<\/p>\n<p>\u00c0 Lyon, quand les premiers flocons se m\u00ealent aux lumi\u00e8res dor\u00e9es de la ville, <strong>la magie de No\u00ebl s\u2019installe doucement<\/strong>. Les vitrines s\u2019illuminent, la place Bellecour s\u2019habille de guirlandes, et dans l\u2019air flotte un parfum de vin chaud et de joie partag\u00e9e. Pour prolonger cette f\u00e9erie, <a href=\"https:\/\/feverup.com\/fr\/lyon\/candlelight-christmas-concerts\" rel=\"follow noopener\" target=\"_blank\" class=\"shortcode-outbound-link\" data-has-ga=\"true\" data-ga-type=\"click\" data-label=\"https:\/\/feverup.com\/fr\/lyon\/candlelight-christmas-concerts\" data-action=\"text_cta_0\" data-tracked=\"1\" data-category=\"click_sales\" data-cp_smn_source=\"lyonsecret\" data-cp_smn_content=\"candlelight-noel-lyon-concerts-a-la-bougie-pour-les-fetes\" data-cp_smn_term=\"text_cta_0\">Candlelight<\/a> convie les Lyonnais \u00e0 <strong>une exp\u00e9rience musicale hors du temps<\/strong> : des concerts \u00e0 la lueur de milliers de bougies, o\u00f9 les m\u00e9lodies de No\u00ebl s\u2019enrobent de douceur et de lumi\u00e8re.<\/p>\n<p>Les concerts Candlelight de No\u00ebl \u00e0 Lyon<\/p>\n<p>Sous les arches d\u2019un lieu charg\u00e9 d\u2019histoire, Candlelight transforme les soir\u00e9es d\u2019hiver en moments d\u2019\u00e9motion pure. Entour\u00e9 d\u2019un oc\u00e9an de bougies scintillantes, laissez-vous porter par les notes d\u00e9licates de <strong>O Holy Night<\/strong>, la joie contagieuse de <strong>Deck the Halls<\/strong>, ou la tendresse de <strong>Greensleeves<\/strong>. Chaque morceau r\u00e9sonne comme un \u00e9cho \u00e0 nos souvenirs d\u2019enfance, quand la musique faisait battre le c\u0153ur un peu plus fort \u00e0 l\u2019approche du r\u00e9veillon.<\/p>\n<p>Et puis, impossible de r\u00e9sister \u00e0 l\u2019\u00e9nergie festive de <strong>Jingle Bells<\/strong> ou au charme \u00e9ternel du <strong>Waltz of the Flowers<\/strong>. Ces concerts sont bien plus qu\u2019un simple hommage \u00e0 la saison : une invitation \u00e0 s\u2019\u00e9merveiller, \u00e0 ressentir et \u00e0 partager l\u2019esprit de No\u00ebl dans la chaleur d\u2019une lumi\u00e8re infinie.<\/p>\n<p>Chapelle de la Trinit\u00e9<\/p>\n<p>\n\t\t<strong>\u00c0 partir de 25,50\u20ac<br \/>\n\t\t<\/strong>\n\t<\/p>\n<p>\t\t\t\tCandlelight : Coldplay vs. Imagine Dragons<\/p>\n<p>\t&#8211;<\/p>\n<p>\t4.68<br \/>\n\t\u00b7<\/p>\n<p>\t\t<a href=\"https:\/\/feverup.com\/m\/192721\/reviews\/\" rel=\"follow noopener\" target=\"_blank\" class=\"text-decoration-underline text-body position-relative z-1\" data-has-ga=\"true\" data-ga-type=\"click\" data-label=\"https:\/\/feverup.com\/m\/192721\/reviews\/\" data-action=\"profile_card_reviews\" data-tracked=\"1\" data-category=\"click_sales\" data-cp_smn_source=\"lyonsecret\" data-cp_smn_content=\"candlelight-noel-lyon-concerts-a-la-bougie-pour-les-fetes\" data-cp_smn_term=\"profile_card_reviews\">478 reviews<\/a><\/p>\n<p>Basilique Saint-Bonaventure<\/p>\n<p>\n\t\t<strong>\u00c0 partir de 20,00\u20ac<br \/>\n\t\t<\/strong>\n\t<\/p>\n<p>Chapelle de la Trinit\u00e9<\/p>\n<p>\n\t\t<strong>\u00c0 partir de 23,00\u20ac<br \/>\n\t\t<\/strong>\n\t<\/p>\n<p>\t\t\t\td\u00e9cembre 20, 2025 19:00<\/p>\n<p>Chapelle de la Trinit\u00e9<\/p>\n<p>\n\t\t<strong>\u00c0 partir de 22,50\u20ac<br \/>\n\t\t<\/strong>\n\t<\/p>\n<p>Les lieux des concerts Candlelight de No\u00ebl \u00e0 Lyon<\/p>\n<p>Dans des joyaux du patrimoine lyonnais tels que <strong>la Chapelle de la Trinit\u00e9<\/strong>, <strong>la Basilique Saint-Bonaventure<\/strong>, <strong>le Temple du Change<\/strong> et <strong>l\u2019\u00c9glise de Saint-Bruno des Chartreux<\/strong>, Candlelight offre un cadre enchanteur \u00e0 la musique de No\u00ebl. Ces monuments, empreints d\u2019histoire et de beaut\u00e9, se parent de la douce lumi\u00e8re des bougies pour sublimer des airs comme <strong>Joy to the World<\/strong>, <strong>Carol of the Bells<\/strong> ou <strong>Let It Snow!<\/strong>. Sous leurs vo\u00fbtes dor\u00e9es et leurs vitraux \u00e9clatants, l\u2019harmonie des instruments se m\u00eale au chuchotement des flammes. Une escapade lumineuse et musicale \u00e0 ne pas manquer, \u00e0 vivre seul, en couple ou en famille.<\/p>\n<p>Chapelle de la Trinit\u00e9<\/p>\n<p>\n\t\t<strong>\u00c0 partir de 25,50\u20ac<br \/>\n\t\t<\/strong>\n\t<\/p>\n<p>\t\t\t\tCandlelight : Coldplay vs. Imagine Dragons<\/p>\n<p>\t&#8211;<\/p>\n<p>\t4.68<br \/>\n\t\u00b7<\/p>\n<p>\t\t<a href=\"https:\/\/feverup.com\/m\/192721\/reviews\/\" rel=\"follow noopener\" target=\"_blank\" class=\"text-decoration-underline text-body position-relative z-1\" data-has-ga=\"true\" data-ga-type=\"click\" data-label=\"https:\/\/feverup.com\/m\/192721\/reviews\/\" data-action=\"profile_card_reviews\" data-tracked=\"1\" data-category=\"click_sales\" data-cp_smn_source=\"lyonsecret\" data-cp_smn_content=\"candlelight-noel-lyon-concerts-a-la-bougie-pour-les-fetes\" data-cp_smn_term=\"profile_card_reviews\">478 reviews<\/a><\/p>\n<p>Basilique Saint-Bonaventure<\/p>\n<p>\n\t\t<strong>\u00c0 partir de 20,00\u20ac<br \/>\n\t\t<\/strong>\n\t<\/p>\n<p>Chapelle de la Trinit\u00e9<\/p>\n<p>\n\t\t<strong>\u00c0 partir de 23,00\u20ac<br \/>\n\t\t<\/strong>\n\t<\/p>\n<p>\t\t\t\td\u00e9cembre 20, 2025 19:00<\/p>\n<p>Chapelle de la Trinit\u00e9<\/p>\n<p>\n\t\t<strong>\u00c0 partir de 22,50\u20ac<br \/>\n\t\t<\/strong>\n\t<\/p>\n<p>Quand la derni\u00e8re note s\u2019\u00e9teint et que les bougies vacillent encore, <strong>on emporte avec soi la chaleur d\u2019un No\u00ebl lyonnais tout en musique<\/strong>. Candlelight, c\u2019est une parenth\u00e8se d\u2019\u00e9motion et de beaut\u00e9 qui illumine l\u2019hiver, un instant suspendu o\u00f9 la ville s\u2019illumine et la musique retentit.<\/p>\n","protected":false},"excerpt":{"rendered":"Save \u00c0 Lyon, quand les premiers flocons se m\u00ealent aux lumi\u00e8res dor\u00e9es de la ville, la magie de&hellip;\n","protected":false},"author":2,"featured_media":513383,"comment_status":"","ping_status":"","sticky":false,"template":"","format":"standard","meta":{"footnotes":""},"categories":[1889],"tags":[1111,11,2430,54170,63060,1777,674,1011,27,2428,12,25],"class_list":{"0":"post-513382","1":"post","2":"type-post","3":"status-publish","4":"format-standard","5":"has-post-thumbnail","7":"category-lyon","8":"tag-actu","9":"tag-actualites","10":"tag-auvergne-rhone-alpes","11":"tag-bougies","12":"tag-concert-candlelight","13":"tag-eu","14":"tag-europe","15":"tag-fr","16":"tag-france","17":"tag-lyon","18":"tag-news","19":"tag-republique-francaise"},"share_on_mastodon":{"url":"https:\/\/pubeurope.com\/@fr\/115496835397099392","error":""},"_links":{"self":[{"href":"https:\/\/www.europesays.com\/fr\/wp-json\/wp\/v2\/posts\/513382","targetHints":{"allow":["GET"]}}],"collection":[{"href":"https:\/\/www.europesays.com\/fr\/wp-json\/wp\/v2\/posts"}],"about":[{"href":"https:\/\/www.europesays.com\/fr\/wp-json\/wp\/v2\/types\/post"}],"author":[{"embeddable":true,"href":"https:\/\/www.europesays.com\/fr\/wp-json\/wp\/v2\/users\/2"}],"replies":[{"embeddable":true,"href":"https:\/\/www.europesays.com\/fr\/wp-json\/wp\/v2\/comments?post=513382"}],"version-history":[{"count":0,"href":"https:\/\/www.europesays.com\/fr\/wp-json\/wp\/v2\/posts\/513382\/revisions"}],"wp:featuredmedia":[{"embeddable":true,"href":"https:\/\/www.europesays.com\/fr\/wp-json\/wp\/v2\/media\/513383"}],"wp:attachment":[{"href":"https:\/\/www.europesays.com\/fr\/wp-json\/wp\/v2\/media?parent=513382"}],"wp:term":[{"taxonomy":"category","embeddable":true,"href":"https:\/\/www.europesays.com\/fr\/wp-json\/wp\/v2\/categories?post=513382"},{"taxonomy":"post_tag","embeddable":true,"href":"https:\/\/www.europesays.com\/fr\/wp-json\/wp\/v2\/tags?post=513382"}],"curies":[{"name":"wp","href":"https:\/\/api.w.org\/{rel}","templated":true}]}}