{"id":513386,"date":"2025-11-05T11:25:10","date_gmt":"2025-11-05T11:25:10","guid":{"rendered":"https:\/\/www.europesays.com\/fr\/513386\/"},"modified":"2025-11-05T11:25:10","modified_gmt":"2025-11-05T11:25:10","slug":"hommage-de-banksy-cache-vol-dans-une-dechetterie-et-forcene-retranche-linfo-a-midi-en-ile-de-france","status":"publish","type":"post","link":"https:\/\/www.europesays.com\/fr\/513386\/","title":{"rendered":"Hommage de Banksy cach\u00e9, vol dans une d\u00e9chetterie et forcen\u00e9 retranch\u00e9\u2026 l\u2019info \u00e0 midi en \u00cele-de-France"},"content":{"rendered":"<p>            Par<br \/>\n        <strong><br \/>\n            <a href=\"https:\/\/actu.fr\/auteur\/redaction-essonne\" title=\"Consulter tous les articles de R\u00e9daction Essonne\" target=\"_blank\" rel=\"noopener\">R\u00e9daction Essonne<\/a><br \/>\n        <\/strong><\/p>\n<p>        Publi\u00e9 le<\/p>\n<p>            5 nov. 2025 \u00e0 12h15        <\/p>\n<p>Dans l\u2019actualit\u00e9 de ce mercredi 5\u00a0novembre 2025 en \u00cele-de-France, il y a la question de l\u2019\u0153uvre de Banksy r\u00e9alis\u00e9e en hommage aux victimes des<strong> attentats du 13-Novembre<\/strong>. Vol\u00e9e puis r\u00e9cup\u00e9r\u00e9e, la \u00ab\u2009jeune fille triste n\u2019est toujours pas expos\u00e9e au public \u00e0 quelques jours de la comm\u00e9moration de l\u2019un des jours les plus sombres de l\u2019histoire de Paris.<\/p>\n<p class=\" wall-content\">Dans les Yvelines, un homme de 41\u00a0ans a \u00e9t\u00e9 arr\u00eat\u00e9 en<strong> plein vol dans une d\u00e9chetterie<\/strong> \u00e0 Orgeval. Pris la main dans la benne avec ses deux fils et sa femme, il assure qu\u2019il ignorait que c\u2019\u00e9tait interdit.<\/p>\n<p class=\" wall-content\">En Seine-et-Marne, un<strong> homme retranch\u00e9<\/strong> dans un appartement \u00e0 Provins a \u00e9t\u00e9 interpell\u00e9 apr\u00e8s avoir menac\u00e9 sa m\u00e8re avec un couteau mardi. Il a \u00e9t\u00e9 plac\u00e9 en garde \u00e0 vue.<\/p>\n<p class=\" wall-content\">Dans le Val-de-Marne, plusieurs jeunes, dont des mineurs, ont \u00e9t\u00e9 interpell\u00e9s et plac\u00e9s en garde \u00e0 vue, apr\u00e8s une<strong> rixe devant un lyc\u00e9e<\/strong> de Choisy-le-Roi.<\/p>\n<p class=\" wall-content\">Enfin, \u00e0 Paris, les premiers clients pourront \u00e0 13\u00a0heures monter au 6\u1d49 \u00e9tage du BHV et d\u00e9couvrir pour la premi\u00e8re fois les collections de <strong>Shein<\/strong> dans un espace de 1\u2009200 m\u00b2. Une inauguration sous haute tension avec une pr\u00e9sence importante des forces de police apr\u00e8s des semaines de pol\u00e9miques.<\/p>\n<p>Les informations \u00e0 retenir ce mercredi 5\u00a0novembre 2025, \u00e0 midi, en \u00cele-de-France<\/p>\n<p class=\"expresso-item wall-content\"><strong>Paris \u2013 <\/strong><a title=\"Lire l&#039;article\" href=\"https:\/\/actu.fr\/ile-de-france\/paris_75056\/attentats-du-13-novembre-l-ex-proprietaire-du-bataclan-ne-veut-pas-rendre-la-petite-fille-triste-de-banksy_63391717.html\" target=\"_blank\" rel=\"noopener\"><strong>Attentats du 13-Novembre\u2009: l\u2019ex-propri\u00e9taire du Bataclan ne veut pas rendre \u00ab\u2009la petite fille triste\u2009\u00bb de Banksy<\/strong><\/a><br \/>Dix ans apr\u00e8s les attentats du 13-Novembre, l\u2019\u0153uvre de Banksy r\u00e9alis\u00e9e en hommage aux victimes, qui avait \u00e9t\u00e9 vol\u00e9e puis r\u00e9cup\u00e9r\u00e9e, n\u2019est toujours pas expos\u00e9e au public.<\/p>\n<p class=\"expresso-item wall-content\"><strong>Yvelines \u2013 <\/strong><a title=\"Lire l&#039;article\" href=\"https:\/\/actu.fr\/faits-divers\/yvelines-quand-le-pillage-de-dechetteries-devient-une-histoire-de-famille_63394000.html\" target=\"_blank\" rel=\"noopener\"><strong>Quand le pillage de d\u00e9chetteries devient une histoire de famille<\/strong><\/a><br \/>Un homme de 41\u00a0ans a \u00e9t\u00e9 arr\u00eat\u00e9 en plein vol dans une d\u00e9chetterie des Yvelines. Il assure qu\u2019il ignorait que c\u2019\u00e9tait interdit. Et il ne semble toujours pas l\u2019avoir compris.<\/p>\n<p class=\"expresso-item wall-content\"><strong>Seine-et-Marne \u2013 <\/strong><a title=\"Lire l&#039;article\" href=\"https:\/\/actu.fr\/ile-de-france\/provins_77379\/seine-et-marne-si-vous-rentrez-je-vous-bute-retranche-il-menace-la-police-et-sa-mere-avec-un-couteau_63396485.html\" target=\"_blank\" rel=\"noopener\"><strong>\u00ab\u2009Si vous rentrez, je vous bute\u2009\u00bb\u2026 retranch\u00e9, il menace la police et sa m\u00e8re avec un couteau<\/strong><\/a><br \/>Un homme retranch\u00e9 dans un appartement a \u00e9t\u00e9 interpell\u00e9 apr\u00e8s avoir menac\u00e9 sa m\u00e8re avec un couteau. Il a \u00e9t\u00e9 plac\u00e9 en garde \u00e0 vue.<\/p>\n<p class=\"expresso-item wall-content\"><strong>Val-de-Marne \u2013\u00a0<\/strong><a title=\"Lire l&#039;article\" href=\"https:\/\/actu.fr\/ile-de-france\/choisy-le-roi_94022\/val-de-marne-une-bagarre-entre-lyceens-se-termine-par-douze-interpellations-et-une-enquete-ouverte_63396349.html\" target=\"_blank\" rel=\"noopener\"><strong>Une bagarre entre lyc\u00e9ens se termine par douze interpellations et une enqu\u00eate ouverte<\/strong><\/a><br \/>Une bagarre a \u00e9clat\u00e9 devant un lyc\u00e9e de Choisy-le-Roi, lundi 3\u00a0novembre 2025. Onze jeunes ont \u00e9t\u00e9 interpell\u00e9s, mais aucun bless\u00e9 grave n\u2019a \u00e9t\u00e9 signal\u00e9.<\/p>\n<p class=\"expresso-item wall-content\"><strong>Paris \u2013<\/strong><a title=\"Lire l&#039;article\" href=\"https:\/\/actu.fr\/ile-de-france\/paris_75056\/shein-au-bhv-a-paris-une-ouverture-sous-tension-des-policiers-deja-en-place-devant-le-magasin_63395421.html\" target=\"_blank\" rel=\"noopener\"><strong> Shein au BHV\u2009: une ouverture sous tension, des policiers d\u00e9j\u00e0 en place devant le magasin<\/strong><\/a><br \/>\u00c0 13\u00a0heures, ce mercredi 5\u00a0novembre 2025, la premi\u00e8re boutique p\u00e9renne de Shein ouvrira au BHV \u00e0 Paris. Une inauguration pour laquelle les forces de l\u2019ordre sont mobilis\u00e9es.<\/p>\n<p>Suivez-nous pour en savoir plus\u2009!<\/p>\n<p class=\" wall-content wall-content\">Vous voulez plus d\u2019infos sur l\u2019\u00cele-de-France\u2009? Vous pouvez nous retrouver sur actu \u00cele-de-France. Pour nous suivre sur les r\u00e9seaux sociaux, dans vos d\u00e9partements\u2009:<\/p>\n<p class=\" wall-content wall-content\"><strong>Paris<\/strong>\u2009: retrouvez\u00a0actu\u00a0Paris\u00a0sur\u00a0<a href=\"https:\/\/www.facebook.com\/actufr.paris\/\" target=\"_blank\" rel=\"noopener\">Facebook<\/a>\u00a0et\u00a0<a href=\"https:\/\/twitter.com\/actufrparis\" target=\"_blank\" rel=\"noopener\">Twitter<\/a>\u2009;<br \/><strong>Seine-et-Marne<\/strong>\u2009: retrouvez\u00a0La R\u00e9publique de Seine-et-Marne (sud) sur\u00a0<a href=\"https:\/\/www.facebook.com\/RepubliqueSeineMarne\/\" target=\"_blank\" rel=\"noopener\">Facebook<\/a>\u00a0et\u00a0<a href=\"https:\/\/twitter.com\/LaRep77\" target=\"_blank\" rel=\"noopener\">Twitter<\/a>\u2009; La Marne (nord) sur\u00a0<a href=\"https:\/\/www.facebook.com\/journallarmarne\/?__tn__=%2Cd%2CP-R&amp;eid=ARDLZc91LaHbXzDwChLLLQJVMBLx_ABJremTC2-RG0CYvg0f4f8CLvbV5G1Lli4g_6QoXDcKkU1_LX1W\" target=\"_blank\" rel=\"noopener\">Facebook<\/a>\u00a0et\u00a0<a href=\"https:\/\/twitter.com\/JournalLaMarne\" target=\"_blank\" rel=\"noopener\">Twitter<\/a>\u2009; et\u00a0Le Pays Briard\u00a0sur\u00a0<a href=\"https:\/\/www.facebook.com\/LePaysBriard\/?ref=bookmarks\" target=\"_blank\" rel=\"noopener\">Facebook<\/a>\u00a0et\u00a0<a href=\"https:\/\/twitter.com\/LePaysBriard\" target=\"_blank\" rel=\"noopener\">Twitter<\/a>\u2009;<br \/><strong>Yvelines\u2009:<\/strong> retrouvez\u00a078actu\u00a0sur\u00a0<a href=\"https:\/\/www.facebook.com\/78actu\/\" target=\"_blank\" rel=\"noopener\">Facebook<\/a>\u00a0et\u00a0<a href=\"https:\/\/x.com\/78actu\">Twitter<\/a>\u2009;<br \/><strong>Essonne\u2009:<\/strong> retrouvez\u00a0actu Essonne\u00a0sur\u00a0<a href=\"https:\/\/www.facebook.com\/actuessonne\/?ref=br_rs\" target=\"_blank\" rel=\"noopener\">Facebook<\/a>\u00a0et\u00a0<a href=\"https:\/\/twitter.com\/ActuEssonne\" target=\"_blank\" rel=\"noopener\">Twitter<\/a>\u2009;<br \/><strong>Hauts-de-Seine\u2009:<\/strong> retrouvez\u00a0actu\u00a0Hauts-de-Seine\u00a0sur\u00a0<a href=\"https:\/\/www.facebook.com\/actufr.hautsdeseine\/\" target=\"_blank\" rel=\"noopener\">Facebook<\/a>\u00a0et\u00a0<a href=\"https:\/\/twitter.com\/actufr92\" target=\"_blank\" rel=\"noopener\">Twitter<\/a>\u2009;<br \/><strong>Seine-Saint-Denis\u2009:<\/strong> retrouvez actu Seine-Saint-Denis sur\u00a0<a href=\"https:\/\/www.facebook.com\/actufr.seinesaintdenis\/\" target=\"_blank\" rel=\"noopener\">Facebook<\/a>\u00a0et\u00a0<a href=\"https:\/\/x.com\/Actufr93\">Twitter<\/a>\u2009;<br \/><strong>Val-de-Marne\u2009: <\/strong>retrouvez actu Val-de-Marne sur\u00a0<a href=\"https:\/\/www.facebook.com\/actu94.valdemarne\/\" target=\"_blank\" rel=\"noopener\">Facebook<\/a>\u00a0et\u00a0<a href=\"https:\/\/x.com\/actufr94\">Twitter<\/a>\u2009;<br \/><strong>Val-d\u2019Oise\u2009: <\/strong>retrouvez La Gazette du Val-d\u2019Oise sur\u00a0<a href=\"https:\/\/x.com\/actufr94\">Twitter<\/a><\/p>\n<p class=\" wall-content\">Personnalisez votre actualit\u00e9 en ajoutant vos villes et m\u00e9dias en favori avec <a href=\"https:\/\/moncompte.actu.fr\" title=\"D\u00e9couvez Mon Actu\" rel=\"nofollow noopener\" data-trk=\"{&quot;cta&quot;:{&quot;action&quot;:&quot;https:\\\/\\\/moncompte.actu.fr&quot;,&quot;category&quot;:&quot;mon compte&quot;,&quot;from&quot;:&quot;article footer&quot;,&quot;name&quot;:&quot;Mon actu&quot;,&quot;type&quot;:&quot;cta&quot;}}\" target=\"_blank\">Mon Actu<\/a>.<\/p>\n<p>                    <script async src=\"https:\/\/platform.twitter.com\/widgets.js\" charset=\"utf-8\"><\/script><\/p>\n","protected":false},"excerpt":{"rendered":"Par R\u00e9daction Essonne Publi\u00e9 le 5 nov. 2025 \u00e0 12h15 Dans l\u2019actualit\u00e9 de ce mercredi 5\u00a0novembre 2025 en&hellip;\n","protected":false},"author":2,"featured_media":512914,"comment_status":"","ping_status":"","sticky":false,"template":"","format":"standard","meta":{"footnotes":""},"categories":[1592],"tags":[1111,11,61701,3008,1777,674,1011,27,662,12,626,25,104,7189],"class_list":{"0":"post-513386","1":"post","2":"type-post","3":"status-publish","4":"format-standard","5":"has-post-thumbnail","7":"category-ile-de-france","8":"tag-actu","9":"tag-actualites","10":"tag-attentats-du-13-novembre","11":"tag-dechets","12":"tag-eu","13":"tag-europe","14":"tag-fr","15":"tag-france","16":"tag-ile-de-france","17":"tag-news","18":"tag-paris","19":"tag-republique-francaise","20":"tag-societe","21":"tag-street-art"},"share_on_mastodon":{"url":"https:\/\/pubeurope.com\/@fr\/115496846858672164","error":""},"_links":{"self":[{"href":"https:\/\/www.europesays.com\/fr\/wp-json\/wp\/v2\/posts\/513386","targetHints":{"allow":["GET"]}}],"collection":[{"href":"https:\/\/www.europesays.com\/fr\/wp-json\/wp\/v2\/posts"}],"about":[{"href":"https:\/\/www.europesays.com\/fr\/wp-json\/wp\/v2\/types\/post"}],"author":[{"embeddable":true,"href":"https:\/\/www.europesays.com\/fr\/wp-json\/wp\/v2\/users\/2"}],"replies":[{"embeddable":true,"href":"https:\/\/www.europesays.com\/fr\/wp-json\/wp\/v2\/comments?post=513386"}],"version-history":[{"count":0,"href":"https:\/\/www.europesays.com\/fr\/wp-json\/wp\/v2\/posts\/513386\/revisions"}],"wp:featuredmedia":[{"embeddable":true,"href":"https:\/\/www.europesays.com\/fr\/wp-json\/wp\/v2\/media\/512914"}],"wp:attachment":[{"href":"https:\/\/www.europesays.com\/fr\/wp-json\/wp\/v2\/media?parent=513386"}],"wp:term":[{"taxonomy":"category","embeddable":true,"href":"https:\/\/www.europesays.com\/fr\/wp-json\/wp\/v2\/categories?post=513386"},{"taxonomy":"post_tag","embeddable":true,"href":"https:\/\/www.europesays.com\/fr\/wp-json\/wp\/v2\/tags?post=513386"}],"curies":[{"name":"wp","href":"https:\/\/api.w.org\/{rel}","templated":true}]}}