{"id":513401,"date":"2025-11-05T11:33:13","date_gmt":"2025-11-05T11:33:13","guid":{"rendered":"https:\/\/www.europesays.com\/fr\/513401\/"},"modified":"2025-11-05T11:33:13","modified_gmt":"2025-11-05T11:33:13","slug":"les-impots-vont-augmenter-au-royaume-uni","status":"publish","type":"post","link":"https:\/\/www.europesays.com\/fr\/513401\/","title":{"rendered":"les imp\u00f4ts vont augmenter au Royaume-Uni"},"content":{"rendered":"<p>      lire plus tard<\/p>\n<p id=\"dialog__title\" class=\"dialog__title\">Pour sauvegarder cet article, connectez-vous ou cr\u00e9ez un compte franceinfo<\/p>\n<p class=\"dialog__description\">Sans paiement. Sans abonnement.<\/p>\n<p>        Fermer la fen\u00eatre d\u2019activation des notifications France Info<\/p>\n<p>      cr\u00e9er votre compte<\/p>\n<p>      se connecter<\/p>\n<p>        Fermer la fen\u00eatre de pr\u00e9sentation<\/p>\n<p>    Publi\u00e9 le 05\/11\/2025 12:17<\/p>\n<p>        Temps de lecture : 1min &#8211; vid\u00e9o : 3min<\/p>\n<p>    <img decoding=\"async\" class=\"francetv-player-wrapper__image\" alt=\"Eurozapping : les imp\u00f4ts vont augmenter au Royaume-Uni\"  width=\"432\" height=\"243\" src=\"https:\/\/www.europesays.com\/fr\/wp-content\/uploads\/2025\/11\/eurozapping-impots-royaume-uni-690b2f551182c644908158.jpg\" fetchpriority=\"high\"\/><\/p>\n<p>              Eurozapping : les imp\u00f4ts vont augmenter au Royaume-Uni<br \/>\n                    (franceinfo)<\/p>\n<p>      3min<\/p>\n<p>\n  Comme chaque soir, le JT du 23h info fait un tour de l&rsquo;actualit\u00e9 diffus\u00e9e par les cha\u00eenes europ\u00e9ennes de t\u00e9l\u00e9vision. C&rsquo;est l&rsquo;Eurozapping du mardi 4 novembre.\n<\/p>\n<p><strong>Ce texte correspond \u00e0 une partie de la retranscription du reportage ci-dessus. Cliquez sur la vid\u00e9o pour la regarder en int\u00e9gralit\u00e9.<\/strong><\/p>\n<p>Au <a href=\"https:\/\/www.franceinfo.fr\/monde\/royaume-uni\/reportage-on-a-peur-pour-nos-familles-et-pour-nous-au-royaume-uni-les-ong-d-aide-aux-migrants-menacees-par-l-extreme-droite_7571230.html\" rel=\"nofollow noopener\" target=\"_blank\">Royaume-Uni<\/a> aussi, les imp\u00f4ts vont augmenter. L&rsquo;inflation n&rsquo;a pas assez baiss\u00e9. Le Brexit a \u00e9t\u00e9 mal con\u00e7u. Les conservateurs ont \u00e9puis\u00e9 le pays avec leur politique d&rsquo;aust\u00e9rit\u00e9. Mardi 4 novembre, dans un discours, la ministre britannique des Finances a annonc\u00e9 la mauvaise nouvelle. \u00ab\u00a0Nous devons tous contribuer \u00e0 cet effort. Chacun de nous doit faire sa part pour la s\u00e9curit\u00e9 et la prosp\u00e9rit\u00e9 futures de notre pays\u00a0\u00bb, a affirm\u00e9 Rachel Reeves. Pourtant, la ministre avait promis que les hausses d&rsquo;imp\u00f4ts de l&rsquo;ann\u00e9e derni\u00e8re suffiraient. L&rsquo;avenir du Premier ministre Keir Starmer s&rsquo;assombrit encore. Ce nouveau budget d&rsquo;aust\u00e9rit\u00e9 doit \u00eatre d\u00e9voil\u00e9 le 26 novembre.<\/p>\n<p>Le coup de pioche d&rsquo;une nouvelle usine d&rsquo;obus. Le groupe de d\u00e9fense allemand Rheinmetall investit 300 millions d&rsquo;euros sur le flanc est de l&rsquo;Otan. Une aubaine pour la Lituanie. \u00ab\u00a0Produire des munitions ind\u00e9pendamment des fournisseurs ext\u00e9rieurs est un cap pour l&rsquo;ind\u00e9pendance strat\u00e9gique de la Lituanie, et c&rsquo;est ce que nous cherchons\u00a0\u00bb, a d\u00e9clar\u00e9 Gitanas Nauseda, le pr\u00e9sident lituanien. Cette usine devra produire 35 000 obus par an.<\/p>\n<p>Un mini-sous-marin, charg\u00e9 de pr\u00e8s de 2 tonnes de coca\u00efne, a \u00e9t\u00e9 intercept\u00e9 au large des c\u00f4tes portugaises. Ce proc\u00e9d\u00e9 n&rsquo;est pas une premi\u00e8re pour les narcotrafiquants. Quatre Sud-Am\u00e9ricains ont \u00e9t\u00e9 arr\u00eat\u00e9s.<\/p>\n","protected":false},"excerpt":{"rendered":"lire plus tard Pour sauvegarder cet article, connectez-vous ou cr\u00e9ez un compte franceinfo Sans paiement. Sans abonnement. Fermer&hellip;\n","protected":false},"author":2,"featured_media":513402,"comment_status":"","ping_status":"","sticky":false,"template":"","format":"standard","meta":{"footnotes":""},"categories":[1588],"tags":[11,1777,674,12,473,1853,1851,1850,1852],"class_list":{"0":"post-513401","1":"post","2":"type-post","3":"status-publish","4":"format-standard","5":"has-post-thumbnail","7":"category-royaume-uni","8":"tag-actualites","9":"tag-eu","10":"tag-europe","11":"tag-news","12":"tag-royaume-uni","13":"tag-royaume-uni-de-grande-bretagne-et-dirlande-du-nord","14":"tag-uk","15":"tag-united-kingdom","16":"tag-united-kingdom-of-great-britain-and-northern-ireland"},"share_on_mastodon":{"url":"https:\/\/pubeurope.com\/@fr\/115496878974770273","error":""},"_links":{"self":[{"href":"https:\/\/www.europesays.com\/fr\/wp-json\/wp\/v2\/posts\/513401","targetHints":{"allow":["GET"]}}],"collection":[{"href":"https:\/\/www.europesays.com\/fr\/wp-json\/wp\/v2\/posts"}],"about":[{"href":"https:\/\/www.europesays.com\/fr\/wp-json\/wp\/v2\/types\/post"}],"author":[{"embeddable":true,"href":"https:\/\/www.europesays.com\/fr\/wp-json\/wp\/v2\/users\/2"}],"replies":[{"embeddable":true,"href":"https:\/\/www.europesays.com\/fr\/wp-json\/wp\/v2\/comments?post=513401"}],"version-history":[{"count":0,"href":"https:\/\/www.europesays.com\/fr\/wp-json\/wp\/v2\/posts\/513401\/revisions"}],"wp:featuredmedia":[{"embeddable":true,"href":"https:\/\/www.europesays.com\/fr\/wp-json\/wp\/v2\/media\/513402"}],"wp:attachment":[{"href":"https:\/\/www.europesays.com\/fr\/wp-json\/wp\/v2\/media?parent=513401"}],"wp:term":[{"taxonomy":"category","embeddable":true,"href":"https:\/\/www.europesays.com\/fr\/wp-json\/wp\/v2\/categories?post=513401"},{"taxonomy":"post_tag","embeddable":true,"href":"https:\/\/www.europesays.com\/fr\/wp-json\/wp\/v2\/tags?post=513401"}],"curies":[{"name":"wp","href":"https:\/\/api.w.org\/{rel}","templated":true}]}}