{"id":513412,"date":"2025-11-05T11:39:15","date_gmt":"2025-11-05T11:39:15","guid":{"rendered":"https:\/\/www.europesays.com\/fr\/513412\/"},"modified":"2025-11-05T11:39:15","modified_gmt":"2025-11-05T11:39:15","slug":"hommage-du-souvenir-francais-aux-morts-pour-la-france-au-poinconnet","status":"publish","type":"post","link":"https:\/\/www.europesays.com\/fr\/513412\/","title":{"rendered":"Hommage du Souvenir fran\u00e7ais aux morts pour la France au Poin\u00e7onnet"},"content":{"rendered":"<p>La c\u00e9r\u00e9monie du souvenir, en hommage aux soldats et civils morts pour la France, organis\u00e9e par le comit\u00e9 du Souvenir fran\u00e7ais, avait lieu le 1er\u00a0novembre dernier. Le cort\u00e8ge se r\u00e9unissait au lieu de rendez-vous, place du 1er-Mai, avant de rejoindre le monument aux morts, accompagn\u00e9 par la fanfare municipale. Une c\u00e9r\u00e9monie en l\u2019honneur des victimes de guerre, ponctu\u00e9e &#8230; <\/p>\n<p>    Cet article a \u00e9t\u00e9 tronqu\u00e9. Abonnez-vous pour lire l&rsquo;article complet sur notre site.<\/p>\n<p style=\"margin: 0 !important; padding: 0 !important; font-size: 12px !important;\">Cet article a \u00e9t\u00e9 tronqu\u00e9. Abonnez-vous pour lire l&rsquo;article complet.<\/p>\n<p>    <a href=\"https:\/\/www.lanouvellerepublique.fr\/abonnements\" style=\"display: inline-block; margin-top: 5px !important; padding: 6px 12px !important; background: #cb1c27; color: white; text-decoration: none; border-radius: 4px; font-size: 12px !important;\" target=\"_blank\" rel=\"noopener\"><br \/>\n      S&rsquo;abonner<br \/>\n    <\/a><\/p>\n","protected":false},"excerpt":{"rendered":"La c\u00e9r\u00e9monie du souvenir, en hommage aux soldats et civils morts pour la France, organis\u00e9e par le comit\u00e9&hellip;\n","protected":false},"author":2,"featured_media":513413,"comment_status":"","ping_status":"","sticky":false,"template":"","format":"standard","meta":{"footnotes":""},"categories":[4],"tags":[11,1674,1011,27,63423,12,25],"class_list":{"0":"post-513412","1":"post","2":"type-post","3":"status-publish","4":"format-standard","5":"has-post-thumbnail","7":"category-france","8":"tag-actualites","9":"tag-communes","10":"tag-fr","11":"tag-france","12":"tag-le-poinconnet","13":"tag-news","14":"tag-republique-francaise"},"share_on_mastodon":{"url":"https:\/\/pubeurope.com\/@fr\/115496901889462348","error":""},"_links":{"self":[{"href":"https:\/\/www.europesays.com\/fr\/wp-json\/wp\/v2\/posts\/513412","targetHints":{"allow":["GET"]}}],"collection":[{"href":"https:\/\/www.europesays.com\/fr\/wp-json\/wp\/v2\/posts"}],"about":[{"href":"https:\/\/www.europesays.com\/fr\/wp-json\/wp\/v2\/types\/post"}],"author":[{"embeddable":true,"href":"https:\/\/www.europesays.com\/fr\/wp-json\/wp\/v2\/users\/2"}],"replies":[{"embeddable":true,"href":"https:\/\/www.europesays.com\/fr\/wp-json\/wp\/v2\/comments?post=513412"}],"version-history":[{"count":0,"href":"https:\/\/www.europesays.com\/fr\/wp-json\/wp\/v2\/posts\/513412\/revisions"}],"wp:featuredmedia":[{"embeddable":true,"href":"https:\/\/www.europesays.com\/fr\/wp-json\/wp\/v2\/media\/513413"}],"wp:attachment":[{"href":"https:\/\/www.europesays.com\/fr\/wp-json\/wp\/v2\/media?parent=513412"}],"wp:term":[{"taxonomy":"category","embeddable":true,"href":"https:\/\/www.europesays.com\/fr\/wp-json\/wp\/v2\/categories?post=513412"},{"taxonomy":"post_tag","embeddable":true,"href":"https:\/\/www.europesays.com\/fr\/wp-json\/wp\/v2\/tags?post=513412"}],"curies":[{"name":"wp","href":"https:\/\/api.w.org\/{rel}","templated":true}]}}