{"id":513422,"date":"2025-11-05T11:49:12","date_gmt":"2025-11-05T11:49:12","guid":{"rendered":"https:\/\/www.europesays.com\/fr\/513422\/"},"modified":"2025-11-05T11:49:12","modified_gmt":"2025-11-05T11:49:12","slug":"laurent-ruquier-revele-setre-brouille-avec-mariah-carey-suite-a-une-plaisanterie","status":"publish","type":"post","link":"https:\/\/www.europesays.com\/fr\/513422\/","title":{"rendered":"Laurent Ruquier r\u00e9v\u00e8le s\u2019\u00eatre brouill\u00e9 avec Mariah Carey suite \u00e0 une plaisanterie"},"content":{"rendered":"<p>    Laurent Ruquier et Mariah Carey<br \/>\n                Niviere David\/Peterson Christopher\/Splash News\/ABACA<\/p>\n<p>\n    Le pr\u00e9sentateur des \u00abGrosses t\u00eates\u00bb sur RTL s\u2019est exprim\u00e9 sur le jour o\u00f9 il a rencontr\u00e9 la chanteuse am\u00e9ricaine, expliquant que le courant n\u2019\u00e9tait pas bien pass\u00e9 avec elle.<\/p>\n<p class=\"fig-paragraph\">\u00abIt\u2019s tiiiiiime\u00a0!\u00bb C\u2019est le message qu\u2019attendait le monde entier ce samedi 1er novembre de la part de\u00a0<a href=\"https:\/\/www.lefigaro.fr\/tag\/mariah-carey\" target=\"_blank\" rel=\"noopener nofollow\" data-gtm-custom-categorie=\"navigation\" data-gtm-custom-action=\"crossclick\" data-gtm-custom-label=\"Contextuel\" data-gtm-event=\"customEventSPE\"><strong>Mariah Carey<\/strong><\/a> . Comme le veut la tradition, l\u2019interpr\u00e8te du tube de No\u00ebl All I want for Christmas is you annonce le d\u00e9but de la p\u00e9riode de pr\u00e9-No\u00ebl au lendemain d\u2019Halloween, en postant le m\u00eame message sur ses r\u00e9seaux sociaux chaque ann\u00e9e\u00a0: \u00ab Il est temps\u00a0!\u00a0\u00bb<\/p>\n<p class=\"fig-paragraph\">C\u2019est pourquoi \u00e0 l\u2019occasion d\u2019une devinette dans les\u00a0<a href=\"https:\/\/tvmag.lefigaro.fr\/programme-tv\/programme\/les-grosses-tetes-d1182385105\" target=\"_blank\" rel=\"noopener nofollow\" data-gtm-custom-categorie=\"navigation\" data-gtm-custom-action=\"crossclick\" data-gtm-custom-label=\"Contextuel\" data-gtm-event=\"customEventSPE\">\u00ab Grosses t\u00eates\u00a0\u00bb<\/a>\u00a0ce mardi 4 novembre,\u00a0<a href=\"https:\/\/www.lefigaro.fr\/tag\/laurent-ruquier\" target=\"_blank\" rel=\"noopener nofollow\" data-gtm-custom-categorie=\"navigation\" data-gtm-custom-action=\"crossclick\" data-gtm-custom-label=\"Contextuel\" data-gtm-event=\"customEventSPE\"><strong>Laurent Ruquier<\/strong><\/a> \u00a0a pos\u00e9 la question suivante aux intervenants pr\u00e9sents dans le studio de <strong>RTL<\/strong>\u00a0: \u00ab Mariah Carey a lanc\u00e9 sur son Instagram \u201cIt\u2019s time\u00a0!\u201d, soit il est temps, mais de quoi\u00a0?\u00a0\u00bb \u00ab D\u2019\u00e9couter sa chanson All I want for Christmas is you\u00a0!\u00a0\u00bb, s\u2019est imm\u00e9diatement exclam\u00e9e\u00a0<a href=\"https:\/\/www.lefigaro.fr\/tag\/michele-bernier\" target=\"_blank\" rel=\"noopener nofollow\" data-gtm-custom-categorie=\"navigation\" data-gtm-custom-action=\"crossclick\" data-gtm-custom-label=\"Contextuel\" data-gtm-event=\"customEventSPE\">Mich\u00e8le Bernier<\/a>.<\/p>\n<p>                                    <a class=\"fig-a11y-skip a11y-hidden\" href=\"#fig-a11y-skip-main-inarticle\"><br \/>\n        Passer la publicit\u00e9<br \/>\n    <\/a><\/p>\n<p class=\"fig-paragraph\">\u00ab Effectivement, elle lance le d\u00e9but des festivit\u00e9s, il est temps d\u2019\u00e9couter sa chanson\u00a0\u00bb, a donc confirm\u00e9 le pr\u00e9sentateur avant de revenir sur une anecdote personnelle avec la chanteuse am\u00e9ricaine. \u00ab Vous savez que je l\u2019ai crois\u00e9e, Mariah Carey. Elle n\u2019\u00e9tait pas contente du tout parce que j\u2019ai fait une plaisanterie qu\u2019il ne fallait pas. C\u2019\u00e9tait sur le plateau de \u201cNulle part ailleurs\u201d ou je ne sais plus. Il se trouve que j\u2019\u00e9tais invit\u00e9 le m\u00eame soir qu\u2019elle. C\u2019\u00e9tait peut-\u00eatre\u00a0<a href=\"https:\/\/tvmag.lefigaro.fr\/programme-tv\/le-grand-journal-un-vivier-de-talents_8da914da-ffe2-11e6-baf1-85bd02acada9\" target=\"_blank\" data-fig-type=\"Article\" rel=\"noopener nofollow\" data-gtm-custom-categorie=\"navigation\" data-gtm-custom-action=\"crossclick\" data-gtm-custom-label=\"Contextuel\" data-gtm-event=\"customEventSPE\" data-fig-domain=\"TVMAG\">\u201cLe Grand journal\u201d<\/a> \u00a0avec\u00a0<a href=\"https:\/\/www.lefigaro.fr\/tag\/michel-denisot\" target=\"_blank\" rel=\"noopener nofollow\" data-gtm-custom-categorie=\"navigation\" data-gtm-custom-action=\"crossclick\" data-gtm-custom-label=\"Contextuel\" data-gtm-event=\"customEventSPE\">Michel Denisot<\/a> . C\u2019\u00e9tait le \u201cLe Grand journal\u201d\u00a0! Elle avait dix gardes du corps, moi \u00e9videmment aucun. Je ne me souviens m\u00eame pas ce que je lui ai dit, mais elle \u00e9tait choqu\u00e9e. \u00c7a a fait un scandale, les attach\u00e9s de presse derri\u00e8re&#8230;\u00bb, a-t-il t\u00e9moign\u00e9.<\/p>\n<p class=\"fig-body-link\">\n            \u00c0 lire aussi<br \/>\n        <a class=\"fig-body-link__link\" href=\"http:\/\/tvmag.lefigaro.fr\/programme-tv\/actu-tele\/je-lui-ai-tendu-la-main-laurent-ruquier-revient-sur-le-depart-de-jean-marie-bigard-des-grosses-tetes-20250922\" target=\"_blank\" data-fig-type=\"Article\" rel=\"noopener nofollow\" data-gtm-custom-categorie=\"navigation\" data-gtm-custom-action=\"crossclick\" data-gtm-custom-label=\"Contextuel\" data-gtm-event=\"customEventSPE\" data-fig-domain=\"TVMAG\"><\/p>\n<p>        \u00abJe lui ai tendu la main\u00a0!\u00bb\u00a0: Laurent Ruquier revient sur le d\u00e9part de Jean-Marie Bigard des \u00abGrosses t\u00eates\u00bb<br \/>\n    <\/a>\n<\/p>\n<p class=\"fig-paragraph\">Une brouille qui remonte donc \u00e0 plusieurs ann\u00e9es, et n\u2019est pas sans rappeler celle survenue entre un artiste fran\u00e7ais et une autre chanteuse am\u00e9ricaine. \u00ab Oui, mais les Am\u00e9ricains, c\u2019est comme \u00e7a. Il faut faire attention. Vous ne vous souvenez pas de Whitney Houston et Serge Gainsbourg\u00a0? C\u2019\u00e9tait de la folie\u00a0\u00bb, s\u2019est souvenu<a href=\"https:\/\/www.lefigaro.fr\/tag\/ary-abittan\" target=\"_blank\" rel=\"noopener nofollow\" data-gtm-custom-categorie=\"navigation\" data-gtm-custom-action=\"crossclick\" data-gtm-custom-label=\"Contextuel\" data-gtm-event=\"customEventSPE\">\u00a0Ary Abittan<\/a>, grosse t\u00eate du jour.<\/p>\n<p class=\"fig-paragraph\">Et Laurent Ruquier de se justifier\u00a0: \u00ab Ah, mais je ne lui ai pas dit \u201cfuck you\u201d \u00e0 Mariah Carey\u00a0! (&#8230;) Non, celle qui est sympa, c\u2019est la petite Kylie Minogue. On s\u2019est d\u00e9j\u00e0 vus et je l\u2019avais confondue avec Mariah Carey. Une autre fois aussi, chez Jordan de Luxe, j\u2019avais crois\u00e9 Charlotte Julian\u00a0\u00bb.<\/p>\n","protected":false},"excerpt":{"rendered":"Laurent Ruquier et Mariah Carey Niviere David\/Peterson Christopher\/Splash News\/ABACA Le pr\u00e9sentateur des \u00abGrosses t\u00eates\u00bb sur RTL s\u2019est exprim\u00e9&hellip;\n","protected":false},"author":2,"featured_media":513423,"comment_status":"","ping_status":"","sticky":false,"template":"","format":"standard","meta":{"footnotes":""},"categories":[1359],"tags":[58,59,1011,27,1759,34115,973,2700],"class_list":{"0":"post-513422","1":"post","2":"type-post","3":"status-publish","4":"format-standard","5":"has-post-thumbnail","7":"category-people","8":"tag-divertissement","9":"tag-entertainment","10":"tag-fr","11":"tag-france","12":"tag-laurent-ruquier","13":"tag-mariah-carey","14":"tag-people","15":"tag-rtl"},"share_on_mastodon":{"url":"https:\/\/pubeurope.com\/@fr\/115496941292735720","error":""},"_links":{"self":[{"href":"https:\/\/www.europesays.com\/fr\/wp-json\/wp\/v2\/posts\/513422","targetHints":{"allow":["GET"]}}],"collection":[{"href":"https:\/\/www.europesays.com\/fr\/wp-json\/wp\/v2\/posts"}],"about":[{"href":"https:\/\/www.europesays.com\/fr\/wp-json\/wp\/v2\/types\/post"}],"author":[{"embeddable":true,"href":"https:\/\/www.europesays.com\/fr\/wp-json\/wp\/v2\/users\/2"}],"replies":[{"embeddable":true,"href":"https:\/\/www.europesays.com\/fr\/wp-json\/wp\/v2\/comments?post=513422"}],"version-history":[{"count":0,"href":"https:\/\/www.europesays.com\/fr\/wp-json\/wp\/v2\/posts\/513422\/revisions"}],"wp:featuredmedia":[{"embeddable":true,"href":"https:\/\/www.europesays.com\/fr\/wp-json\/wp\/v2\/media\/513423"}],"wp:attachment":[{"href":"https:\/\/www.europesays.com\/fr\/wp-json\/wp\/v2\/media?parent=513422"}],"wp:term":[{"taxonomy":"category","embeddable":true,"href":"https:\/\/www.europesays.com\/fr\/wp-json\/wp\/v2\/categories?post=513422"},{"taxonomy":"post_tag","embeddable":true,"href":"https:\/\/www.europesays.com\/fr\/wp-json\/wp\/v2\/tags?post=513422"}],"curies":[{"name":"wp","href":"https:\/\/api.w.org\/{rel}","templated":true}]}}