{"id":513425,"date":"2025-11-05T11:52:13","date_gmt":"2025-11-05T11:52:13","guid":{"rendered":"https:\/\/www.europesays.com\/fr\/513425\/"},"modified":"2025-11-05T11:52:13","modified_gmt":"2025-11-05T11:52:13","slug":"qui-est-timeo-le-prodige-de-la-guitare-qui-a-remporte-le-platinium-buzzer","status":"publish","type":"post","link":"https:\/\/www.europesays.com\/fr\/513425\/","title":{"rendered":"qui est Tim\u00e9o, le prodige de la guitare qui a remport\u00e9 le platinium buzzer ?"},"content":{"rendered":"<p>\n    <strong>PORTRAIT &#8211; <\/strong>Le jeune gar\u00e7on de tout juste 10 ans a subjugu\u00e9 les quatre jur\u00e9s du divertissement de M6. \u00c9poustoufl\u00e9s par son talent, ceux-ci l\u2019ont envoy\u00e9 directement en finale.<\/p>\n<p class=\"fig-paragraph\">Quand <strong>Tim\u00e9o<\/strong> s\u2019est pr\u00e9sent\u00e9 devant le jury de\u00a0<a href=\"https:\/\/tvmag.lefigaro.fr\/programme-tv\/programme\/la-france-a-un-incroyable-talent-d399073891\" target=\"_blank\" rel=\"noopener\" data-gtm-custom-categorie=\"navigation\" data-gtm-custom-action=\"crossclick\" data-gtm-custom-label=\"Contextuel\" data-gtm-event=\"customEventSPE\"><strong>\u00abLa France a un incroyable talent\u00bb<\/strong><\/a>,\u00a0<a href=\"https:\/\/www.lefigaro.fr\/tag\/eric-antoine\" target=\"_blank\" rel=\"noopener\" data-gtm-custom-categorie=\"navigation\" data-gtm-custom-action=\"crossclick\" data-gtm-custom-label=\"Contextuel\" data-gtm-event=\"customEventSPE\">\u00c9ric Antoine<\/a>,\u00a0<a href=\"https:\/\/www.lefigaro.fr\/tag\/marianne-james\" target=\"_blank\" rel=\"noopener\" data-gtm-custom-categorie=\"navigation\" data-gtm-custom-action=\"crossclick\" data-gtm-custom-label=\"Contextuel\" data-gtm-event=\"customEventSPE\">Marianne James<\/a>,\u00a0<a href=\"https:\/\/www.lefigaro.fr\/tag\/helene-segara\" target=\"_blank\" rel=\"noopener\" data-gtm-custom-categorie=\"navigation\" data-gtm-custom-action=\"crossclick\" data-gtm-custom-label=\"Contextuel\" data-gtm-event=\"customEventSPE\">H\u00e9l\u00e8ne S\u00e9gara<\/a>\u00a0et Sugar Sammy se sont certainement crus \u00e0 \u00abL\u2019\u00c9cole des fans\u00bb. Pourtant le jeune gar\u00e7on est loin d\u2019\u00eatre un amateur. \u00c0 seulement 10 ans, il est un virtuose de la guitare.<\/p>\n<p class=\"fig-paragraph\">Pour son premier passage dans le divertissement de M6, il a mis le feu \u00e0 la sc\u00e8ne. D\u2019abord dubitatifs, les jur\u00e9s n\u2019en ont pas cru leurs yeux en le voyant jouer Johnny B. Goode de Chuck Berry, Bohemian Rhapsody de Queen et I Was Made for Lovin\u2019 You de Kiss. \u00abJe n\u2019arrive pas \u00e0 comprendre comment en un an et demi, il a un tel doigt\u00e9\u00bb, a demand\u00e9 Marianne James au p\u00e8re de Tim\u00e9o. En effet, comme il l\u2019a pr\u00e9cis\u00e9 dans sa pr\u00e9sentation, \u00e7a fait moins de deux ans que le jeune gar\u00e7on joue de la guitare.<\/p>\n<p class=\"fig-body-link\">\n            \u00c0 lire aussi<br \/>\n        <a class=\"fig-body-link__link\" href=\"http:\/\/tvmag.lefigaro.fr\/programme-tv\/ce-soir-tele\/helene-segara-avec-marianne-james-on-se-frite-et-apres-on-s-embrasse-20251104\" target=\"_blank\" data-fig-type=\"Article\" rel=\"noopener\" data-gtm-custom-categorie=\"navigation\" data-gtm-custom-action=\"crossclick\" data-gtm-custom-label=\"Contextuel\" data-gtm-event=\"customEventSPE\" data-fig-domain=\"TVMAG\"><\/p>\n<p>        H\u00e9l\u00e8ne S\u00e9gara\u00a0: \u00abAvec Marianne James, on se frite et apr\u00e8s on s\u2019embrasse\u00bb<br \/>\n    <\/a>\n<\/p>\n<p>                                    <a class=\"fig-a11y-skip a11y-hidden\" href=\"#fig-a11y-skip-main-inarticle\"><br \/>\n        Passer la publicit\u00e9<br \/>\n    <\/a><\/p>\n<p class=\"fig-paragraph\">Il faut dire que depuis tout petit, Tim\u00e9o baigne dans la musique. \u00abIl y a toujours eu de la musique \u00e0 la maison. Dans le ventre de sa maman, il entendait de la musique\u00bb, nous confie Antoine Buisson, son papa, ancien batteur et ancien propri\u00e9taire d\u2019un complexe de composition musicale. \u00c0 3 ans, le gar\u00e7onnet poss\u00e9dait sa propre batterie. \u00abMais comme \u00e7a faisait beaucoup de bruit, mon p\u00e8re a mis une guitare dans ma chambre. J\u2019ai commenc\u00e9 \u00e0 faire semblant de jouer des morceaux de Rammstein\u00bb, se souvient Tim\u00e9o. \u00abPetit \u00e0 petit, je me suis aper\u00e7u qu\u2019il avait le sens du rythme\u00bb, ajoute son p\u00e8re qui d\u00e9cide de l\u2019inscrire, \u00e0 7 ans, dans une \u00e9cole d\u2019initiation \u00e0 la musique. \u00abC\u2019est l\u00e0 qu\u2019on s\u2019est vraiment aper\u00e7u qu\u2019il avait quelque chose\u00bb, souligne-t-il.<\/p>\n<p class=\"fig-paragraph\">Malgr\u00e9 son jeune \u00e2ge, Tim\u00e9o s\u2019est d\u00e9j\u00e0 produit 28 fois sur sc\u00e8ne\u00a0! \u00abAvec son groupe, ils ont pris tout ce qu\u2019on a trouv\u00e9\u00a0: des f\u00eates de villages, la F\u00eate de la musique, des bars, des festivals&#8230; \u00c0 la fin de la premi\u00e8re ann\u00e9e, j\u2019ai dit que pour 2025, ils ne fassent que des grosses sc\u00e8nes\u00bb, poursuit Antoine Buisson. Fort de son talent, le jeune gar\u00e7on s\u2019est retrouv\u00e9 l\u2019\u00e9t\u00e9 dernier sur la sc\u00e8ne du Crescendo, festival consacr\u00e9 aux musiques progressives de tous genres organis\u00e9 \u00e0 Saint-Palais-sur-Mer (Charente-Maritime). C\u2019est Mathieu Spaeter, guitariste de The Hayley Griffiths Band, qui l\u2019a invit\u00e9 \u00e0 partager un morceau avec eux.<\/p>\n<blockquote class=\"fig-quote&#10;    \">\n<p class=\"fig-quote__text\">J\u2019aimerais \u00eatre le meilleur guitariste du monde<\/p>\n<p>            Tim\u00e9o\n    <\/p><\/blockquote>\n<p class=\"fig-paragraph\">Contrairement aux enfants de son \u00e2ge, Tim\u00e9o n\u2019\u00e9coute pas Jul ou Bigflo et Oli mais System of a Down, Rage Against the Machine, Muse, Mot\u00f6rhead, Nirvana ou encore Jimi Hendrix. Un temps, il a fait du hip-hop et du BMX. \u00abMais j\u2019ai d\u00fb arr\u00eater parce que c\u2019est un peu dangereux et pour la guitare, il faut que je fasse attention\u00bb, rappelle-t-il. Quand il ne fait pas de la guitare, de la batterie et de la basse, le jeune gar\u00e7on joue aux Lego ou va se baigner \u00e0 la plage.<\/p>\n<p class=\"fig-paragraph\">L\u2019\u00e9l\u00e8ve de CM2 a un grand r\u00eave. \u00abJ\u2019aimerais devenir un guitariste professionnel et si possible prendre la place de Tim Henson et \u00eatre le meilleur guitariste du monde\u00bb, nous confie-t-il. Pour ce faire, il s\u2019entra\u00eene quasi quotidiennement. D\u2019ailleurs, le salon familial est d\u00e9di\u00e9 aux r\u00e9p\u00e9titions du prodige. \u00abIl y a une batterie, sept guitares, une basse, une sono, quatre baffles d\u2019ampli basse et deux amplis guitare\u00bb, liste-t-il pr\u00e9cisant\u00a0: \u00ab\u00c7a m\u2019est arriv\u00e9 de m\u2019entra\u00eener trois heures\u00bb. \u00abJe suis parfois oblig\u00e9 de lui retirer la guitare des mains\u00bb, affirme son p\u00e8re.<\/p>\n<p class=\"fig-body-link\">\n            \u00c0 lire aussi<br \/>\n        <a class=\"fig-body-link__link\" href=\"http:\/\/tvmag.lefigaro.fr\/programme-tv\/actu-tele\/eric-antoine-je-suis-hyper-content-d-avoir-olivier-minne-comme-camarade-20251014\" target=\"_blank\" data-fig-type=\"Article\" rel=\"noopener\" data-gtm-custom-categorie=\"navigation\" data-gtm-custom-action=\"crossclick\" data-gtm-custom-label=\"Contextuel\" data-gtm-event=\"customEventSPE\" data-fig-domain=\"TVMAG\"><\/p>\n<p>        \u00c9ric Antoine\u00a0: \u00abJe suis hyper content d\u2019avoir Olivier Minne comme camarade\u00bb<br \/>\n    <\/a>\n<\/p>\n<p class=\"fig-paragraph\">En s\u2019inscrivant \u00e0 \u00abLa France a un incroyable talent\u00bb, incit\u00e9 par son batteur, Tim\u00e9o pensait d\u00e9crocher un golden buzzer de la part d\u2019\u00c9ric Antoine. \u00abTout le monde me disait que j\u2019avais un talent et que je devrais participer \u00e0 cette \u00e9mission.\u00bb Quelle ne fut pas sa surprise en voyant les quatre jur\u00e9s actionner appuyer ensemble sur le buzzer. \u00abC\u2019\u00e9tait incroyable, je ne m\u2019y attendais pas du tout. J\u2019ai \u00e9t\u00e9 hyper \u00e9mu, j\u2019ai failli pleurer\u00bb, avoue-t-il. Son p\u00e8re, pr\u00e9sent en coulisses, \u00e9tait tr\u00e8s stress\u00e9 de voir son fils sur la sc\u00e8ne du divertissement. \u00abJe n\u2019\u00e9tais pas l\u00e0 (rires). J\u2019\u00e9tais dans un \u00e9tat qui ne m\u2019a pas permis d\u2019appr\u00e9cier le moment\u00bb, reconna\u00eet-il.<\/p>\n<p>                                    <a class=\"fig-a11y-skip a11y-hidden\" href=\"#fig-a11y-skip-main-inarticle_mtf\"><br \/>\n        Passer la publicit\u00e9<br \/>\n    <\/a><\/p>\n<p class=\"fig-paragraph\">D\u00e9sormais, Tim\u00e9o a deux objectifs en vue\u00a0: la finale de \u00abLa France a un incroyable talent\u00bb et le Tour Music Fest. \u00abIl s\u2019est inscrit au concours musical et il a \u00e9t\u00e9 s\u00e9lectionn\u00e9 pour la finale. On part dans deux semaines en Italie\u00bb, annonce son p\u00e8re.<\/p>\n","protected":false},"excerpt":{"rendered":"PORTRAIT &#8211; Le jeune gar\u00e7on de tout juste 10 ans a subjugu\u00e9 les quatre jur\u00e9s du divertissement de&hellip;\n","protected":false},"author":2,"featured_media":513426,"comment_status":"","ping_status":"","sticky":false,"template":"","format":"standard","meta":{"footnotes":""},"categories":[1356],"tags":[58,59,1194,1011,27,38075,494,13172,252,1364],"class_list":{"0":"post-513425","1":"post","2":"type-post","3":"status-publish","4":"format-standard","5":"has-post-thumbnail","7":"category-television","8":"tag-divertissement","9":"tag-entertainment","10":"tag-eric-antoine","11":"tag-fr","12":"tag-france","13":"tag-helene-segara","14":"tag-m6","15":"tag-marianne-james","16":"tag-television","17":"tag-tv"},"share_on_mastodon":{"url":"https:\/\/pubeurope.com\/@fr\/115496953197477033","error":""},"_links":{"self":[{"href":"https:\/\/www.europesays.com\/fr\/wp-json\/wp\/v2\/posts\/513425","targetHints":{"allow":["GET"]}}],"collection":[{"href":"https:\/\/www.europesays.com\/fr\/wp-json\/wp\/v2\/posts"}],"about":[{"href":"https:\/\/www.europesays.com\/fr\/wp-json\/wp\/v2\/types\/post"}],"author":[{"embeddable":true,"href":"https:\/\/www.europesays.com\/fr\/wp-json\/wp\/v2\/users\/2"}],"replies":[{"embeddable":true,"href":"https:\/\/www.europesays.com\/fr\/wp-json\/wp\/v2\/comments?post=513425"}],"version-history":[{"count":0,"href":"https:\/\/www.europesays.com\/fr\/wp-json\/wp\/v2\/posts\/513425\/revisions"}],"wp:featuredmedia":[{"embeddable":true,"href":"https:\/\/www.europesays.com\/fr\/wp-json\/wp\/v2\/media\/513426"}],"wp:attachment":[{"href":"https:\/\/www.europesays.com\/fr\/wp-json\/wp\/v2\/media?parent=513425"}],"wp:term":[{"taxonomy":"category","embeddable":true,"href":"https:\/\/www.europesays.com\/fr\/wp-json\/wp\/v2\/categories?post=513425"},{"taxonomy":"post_tag","embeddable":true,"href":"https:\/\/www.europesays.com\/fr\/wp-json\/wp\/v2\/tags?post=513425"}],"curies":[{"name":"wp","href":"https:\/\/api.w.org\/{rel}","templated":true}]}}