{"id":513429,"date":"2025-11-05T11:54:20","date_gmt":"2025-11-05T11:54:20","guid":{"rendered":"https:\/\/www.europesays.com\/fr\/513429\/"},"modified":"2025-11-05T11:54:20","modified_gmt":"2025-11-05T11:54:20","slug":"incroyable-un-nouveau-film-se-prepare-avec-le-retour-de-la-meilleure-equipe","status":"publish","type":"post","link":"https:\/\/www.europesays.com\/fr\/513429\/","title":{"rendered":"incroyable, un nouveau film se pr\u00e9pare, avec le retour de la meilleure \u00e9quipe"},"content":{"rendered":"<p><strong>Apr\u00e8s la trilogie avec <a href=\"https:\/\/www.ecranlarge.com\/personnalite\/657989-brendan-fraser\" data-type=\"people\" data-id=\"309641\" rel=\"nofollow noopener\" target=\"_blank\">Brendan Fraser<\/a> et le bide m\u00e9morable avec <a href=\"https:\/\/www.ecranlarge.com\/personnalite\/654831-tom-cruise\" data-type=\"people\" data-id=\"5106\" rel=\"nofollow noopener\" target=\"_blank\">Tom Cruise<\/a>, <a href=\"https:\/\/www.ecranlarge.com\/films\/838620-momie-la\" data-type=\"films\" data-id=\"654049\" rel=\"nofollow noopener\" target=\"_blank\">La Momie<\/a> sera de retour au cin\u00e9ma. Et ne vous inqui\u00e9tez pas, on parle de la seule version moderne qui compte. <\/strong><\/p>\n<p>\u00c0 chacun sa momie. Il y a bien s\u00fbr <strong>l\u2019ind\u00e9tr\u00f4nable Boris Karloff<\/strong> dans <a href=\"https:\/\/www.ecranlarge.com\/films\/856867-momie-la\" data-type=\"films\" data-id=\"672162\" rel=\"nofollow noopener\" target=\"_blank\"><strong>La Momie<\/strong> de 1932<\/a>, mais il y a aussi toutes les suites un peu oubli\u00e9es o\u00f9 Tom Tyler et Lon Chaney Jr. ont repris les bandelettes pour assurer le service dans <strong>La Tombe de la Momie<\/strong>, <strong>Le Fant\u00f4me de la Momie<\/strong> et compagnie. Et apr\u00e8s une pause comique avec Eddie Parker dans <strong>Deux Nigauds et la momie<\/strong>, le Monstre Universal a eu <strong>sa phase Hammer<\/strong>, inaugur\u00e9e en 1959 avec Christopher Lee en momie, avant des suites aux titres merveilleusement farfelus \u2013 <strong>Dans les griffes de la Momie<\/strong>, <strong>La Momie sanglante<\/strong>\u2026<\/p>\n<p>                    <img decoding=\"async\" alt=\"\" class=\"wp-image-518375\" style=\"object-fit:cover;width:25px;height:25px\" src=\"https:\/\/www.ecranlarge.com\/content\/uploads\/2023\/09\/arrow-right-circle.svg\"\/><\/p>\n<p>Et bien s\u00fbr, il y a eu la <strong>r\u00e9surrection r\u00e9jouissante \u00e0 l\u2019aube de l\u2019an 2000<\/strong>. De tous les sous-Indiana Jones, les deux \u00e9pisodes o\u00f9 <a href=\"https:\/\/www.ecranlarge.com\/personnalite\/657989-brendan-fraser\" data-type=\"people\" data-id=\"309641\" rel=\"nofollow noopener\" target=\"_blank\">Brendan Fraser<\/a> et <a href=\"https:\/\/www.ecranlarge.com\/personnalite\/654260-rachel-weisz\" data-type=\"people\" data-id=\"306234\" rel=\"nofollow noopener\" target=\"_blank\">Rachel Weisz<\/a> affrontent Imhotep restent probablement les meilleurs. Et si <strong>La Momie 3<\/strong> a refroidi tout le monde \u00e0 l\u2019\u00e9poque, la <a href=\"https:\/\/www.ecranlarge.com\/films\/dossier\/993442-la-momie-est-il-vraiment-un-flop-pour-universal-et-tom-cruise\" data-type=\"link\" data-id=\"https:\/\/www.ecranlarge.com\/films\/dossier\/993442-la-momie-est-il-vraiment-un-flop-pour-universal-et-tom-cruise\" rel=\"nofollow noopener\" target=\"_blank\">catastrophe industrielle de <strong>La Momie <\/strong>version Tom Cruise<\/a> a permis de r\u00e9\u00e9valuer jusqu\u2019\u00e0 la grande baston contre les bonhommes de neige dans <strong>La Tombe de l\u2019empereur dragon<\/strong>.<\/p>\n<p>Mais il en faudra plus pour enterrer cet increvable cadavre. Le studio Blumhouse (<strong>Insidious<\/strong>, <strong>Invisible Man<\/strong>) va sortir en avril 2026 <strong><a href=\"https:\/\/www.ecranlarge.com\/films\/the-mummy\" data-type=\"films\" data-id=\"1260500\" rel=\"nofollow noopener\" target=\"_blank\">The Mummy<\/a><\/strong>, un film d\u2019horreur r\u00e9alis\u00e9 par Lee Cronin\u00a0(<strong>Evil Dead Rise<\/strong>). Et Universal ne compte pas en rester l\u00e0 puisqu\u2019ils pr\u00e9parent de leur c\u00f4t\u00e9 <strong><a href=\"https:\/\/www.ecranlarge.com\/films\/untitled-the-mummy-sequel\" data-type=\"films\" data-id=\"1350083\" rel=\"nofollow noopener\" target=\"_blank\">une suite de La Momie<\/a>, avec la meilleure \u00e9quipe possible \u00e0 l\u2019\u00e9cran.<\/strong><\/p>\n<p><a href=\"https:\/\/www.ecranlarge.com\/content\/uploads\/2019\/12\/la-momie-photo-1154948.jpg\" rel=\"nofollow noopener\" target=\"_blank\"><img loading=\"lazy\" decoding=\"async\" alt=\"La Momie : photo\" class=\"wp-image-133907\" src=\"https:\/\/www.europesays.com\/fr\/wp-content\/uploads\/2025\/11\/la-momie-photo-1154948-630x354.jpg\" width=\"630\" height=\"354\"  \/><\/a>Non, pas celle-l\u00e0LA MOMIE 4, LA VOIL\u00c0<\/p>\n<p>C\u2019est un r\u00eave qui s\u2019\u00e9tait envol\u00e9 depuis le d\u00e9but des ann\u00e9es 2000, mais c\u2019\u00e9tait sans compter sur le rouleau-compresseur nostalgique de Hollywood. Un <strong>nouveau film La Momie <\/strong>est officiellement dans les tuyaux chez Universal Pictures, <strong>avec Brendan Fraser et Rachel Weisz <\/strong>en n\u00e9gociations pour rempiler. Donc a priori ce sera <strong>le film La Momie 4 que tout le monde attendait \u00e0 l\u2019\u00e9poque.<\/strong><\/p>\n<p>L\u2019aventure avait commenc\u00e9 en 1999 avec le premier <strong>La Momie<\/strong>, r\u00e9alis\u00e9 par Stephen Sommers (<strong>Un cri dans l\u2019oc\u00e9an<\/strong>, <strong>Van Helsing<\/strong>). Cette tentative de ressusciter les Universal Monsters \u00e0 la sauce Indiana Jones avait \u00e9t\u00e9 un \u00e9norme succ\u00e8s, avec plus de 422 millions au box-office pour un budget de 80 millions. <strong><a href=\"https:\/\/www.ecranlarge.com\/films\/840977-retour-de-la-momie-le\" data-type=\"films\" data-id=\"656390\" rel=\"nofollow noopener\" target=\"_blank\">Le Retour de la Momie<\/a><\/strong> ne s\u2019est pas fait attendre, avec la m\u00eame \u00e9quipe et un carton similaire en 2001.<\/p>\n<p>Les choses se sont cors\u00e9es pour <strong>La Momie 3<\/strong>, n\u00e9 dans la douleur. Le r\u00e9alisateur Stephen Sommers a laiss\u00e9 sa place \u00e0 Rob Cohen (<strong>Daylight<\/strong>, le premier <strong>Fast &amp; Furious<\/strong>), et Rachel Weisz a \u00e9t\u00e9 remplac\u00e9e par Maria Bello. Sorti en 2008, <strong><a href=\"https:\/\/www.ecranlarge.com\/films\/845669-momie-3-la-tombe-de-l-empereur-dragon-la\" data-type=\"films\" data-id=\"661048\" rel=\"nofollow noopener\" target=\"_blank\">La Momie\u00a0: La Tombe de l\u2019empereur Dragon<\/a>\u00a0<\/strong>a rapport\u00e9 autant que les deux pr\u00e9c\u00e9dents, sauf que son budget avait sacr\u00e9ment grimp\u00e9, jusqu\u2019\u00e0 atteindre 145 millions.<\/p>\n<p>C\u2019est probablement pour \u00e7a que <strong>le studio a fini par<\/strong> <strong>enterrer <\/strong><strong>La Momie 4<\/strong>, qui aurait d\u00fb voir Rick et Evelyn O\u2019Connell affronter des momies azt\u00e8ques, avec Antonio Banderas en grand m\u00e9chant. Universal a choisi \u00e0 la place de tenter la grande aventure de l\u2019univers partag\u00e9 \u00e0 la Marvel avec <strong>La Momie<\/strong> <strong>version Tom Cruise, annonc\u00e9 en grande pompe avec le \u00ab\u00a0Dark Universe\u00a0\u00bb<\/strong> o\u00f9 L\u2019Homme invisible (Johnny Depp) et le monstre de Frankenstein (Javier Bardem) devaient le rejoindre. Rien de tout \u00e7a n\u2019a eu lieu, et tous ces projets ont \u00e9t\u00e9 discr\u00e8tement abandonn\u00e9s suite au succ\u00e8s plus que modeste du blockbuster en 2017.<\/p>\n<p>                    <img decoding=\"async\" alt=\"\" class=\"wp-image-518375\" style=\"object-fit:cover;width:25px;height:25px\" src=\"https:\/\/www.ecranlarge.com\/content\/uploads\/2023\/09\/arrow-right-circle.svg\"\/><\/p>\n<p><a href=\"https:\/\/www.ecranlarge.com\/content\/uploads\/2025\/11\/capture-decran-2025-11-05-a-09.10.52.png\" rel=\"nofollow noopener\" target=\"_blank\"><\/p>\n<p><img loading=\"lazy\" decoding=\"async\" alt=\"La Momie : La Tombe de l'empereur Dragon\" src=\"https:\/\/www.europesays.com\/fr\/wp-content\/uploads\/2025\/11\/capture-decran-2025-11-05-a-09.10.52-1260x809.png\" width=\"1260\" height=\"809\"  \/><\/p>\n<p><\/a>Abominable homme de neige, en effetMOMIE DEAREST<\/p>\n<p>Ce grand retour de <strong>La Momie<\/strong> avec Brendan Fraser et Rachel Weisz sera r\u00e9alis\u00e9 par les petits malins <a href=\"https:\/\/www.ecranlarge.com\/personnalite\/790674-tyler-gillett\" data-type=\"people\" data-id=\"427458\" rel=\"nofollow noopener\" target=\"_blank\">Tyler Gillett<\/a> et <a href=\"https:\/\/www.ecranlarge.com\/personnalite\/790673-matt-bettinelli-olpin\" data-type=\"people\" data-id=\"427457\" rel=\"nofollow noopener\" target=\"_blank\">Matt Bettinelli-Olpin<\/a>, de chez Radio Silence. Le duo avait \u00e9t\u00e9 rep\u00e9r\u00e9 en 2012 avec le film \u00e0 sketches horrifiques <strong>V\/H\/S<\/strong>, avant d\u2019encha\u00eener avec <strong>The Baby<\/strong> en 2014. Mais c\u2019est avec <strong>le tr\u00e8s amusant<\/strong> <strong>Wedding Nightmare<\/strong> en 2019 qu\u2019ils ont d\u00e9coll\u00e9 pour de bon.<\/p>\n<p>Le succ\u00e8s du film d\u2019horreur leur a ouvert les portes de Hollywood, leur permettant de se retrouver <strong>\u00e0 la barre de<\/strong> <strong>Scream 5<\/strong> en 2022, avec la lourde t\u00e2che de reprendre la saga Ghostface apr\u00e8s Wes Craven. Le carton du film a \u00e9t\u00e9 si \u00e9norme qu\u2019ils ont r\u00e9alis\u00e9 <strong>Scream 6<\/strong> dans la foul\u00e9e, en 2023. Depuis, ils se sont plant\u00e9s avec <strong>Abigail<\/strong>, un film de vampire qui s\u2019est ramass\u00e9 au box-office en 2024.<\/p>\n<p><a href=\"https:\/\/www.ecranlarge.com\/content\/uploads\/2025\/11\/hsjt8chdmfbk0oq8zeg34tqohrh.webp\" rel=\"nofollow noopener\" target=\"_blank\"><img loading=\"lazy\" decoding=\"async\" alt=\"Dans les griffes de la Momie\" class=\"wp-image-1349943\" src=\"https:\/\/www.europesays.com\/fr\/wp-content\/uploads\/2025\/11\/hsjt8chdmfbk0oq8zeg34tqohrh-1260x709.webp.webp\" width=\"1260\" height=\"709\"  \/><\/a>Dans les griffes de la Momie<\/p>\n<p>Le sc\u00e9nario de ce nouveau film <strong>La Momie<\/strong> sera \u00e9crit par David Coggeshall, ce qui n\u2019est pas forc\u00e9ment rassurant puisqu\u2019il a \u0153uvr\u00e9 sur la s\u00e9rie <strong>Scream<\/strong>, <strong>Esther 2 : Les origines<\/strong>, et <strong>La D\u00e9livrance<\/strong> sorti sur Netflix.<\/p>\n<p>Depuis la trilogie <strong>La Momie<\/strong>, Brendan Fraser et Rachel Weisz ont parcouru un sacr\u00e9 chemin. Apr\u00e8s une grosse travers\u00e9e du d\u00e9sert, l\u2019acteur a gagn\u00e9 un Oscar en 2023 pour <strong>The Whale<\/strong>, r\u00e9alis\u00e9 par Darren Aronofsky. L\u2019actrice avait empoch\u00e9 la statuette en 2006 pour <strong>The Constant Gardener<\/strong>, en meilleur second r\u00f4le f\u00e9minin, et n\u2019a pas arr\u00eat\u00e9 de tourner depuis. <\/p>\n<p>Il y a aussi un monde o\u00f9 <strong>Dwayne Johnson reprend son r\u00f4le du Roi Scorpion<\/strong> dans ce nouveau <strong>La Momie<\/strong>, mais on pr\u00e9f\u00e8re ne pas y penser.<\/p>\n","protected":false},"excerpt":{"rendered":"Apr\u00e8s la trilogie avec Brendan Fraser et le bide m\u00e9morable avec Tom Cruise, La Momie sera de retour&hellip;\n","protected":false},"author":2,"featured_media":513430,"comment_status":"","ping_status":"","sticky":false,"template":"","format":"standard","meta":{"footnotes":""},"categories":[1354],"tags":[58,59,1346,1011,27,1360],"class_list":{"0":"post-513429","1":"post","2":"type-post","3":"status-publish","4":"format-standard","5":"has-post-thumbnail","7":"category-films","8":"tag-divertissement","9":"tag-entertainment","10":"tag-films","11":"tag-fr","12":"tag-france","13":"tag-movies"},"share_on_mastodon":{"url":"https:\/\/pubeurope.com\/@fr\/115496961143659019","error":""},"_links":{"self":[{"href":"https:\/\/www.europesays.com\/fr\/wp-json\/wp\/v2\/posts\/513429","targetHints":{"allow":["GET"]}}],"collection":[{"href":"https:\/\/www.europesays.com\/fr\/wp-json\/wp\/v2\/posts"}],"about":[{"href":"https:\/\/www.europesays.com\/fr\/wp-json\/wp\/v2\/types\/post"}],"author":[{"embeddable":true,"href":"https:\/\/www.europesays.com\/fr\/wp-json\/wp\/v2\/users\/2"}],"replies":[{"embeddable":true,"href":"https:\/\/www.europesays.com\/fr\/wp-json\/wp\/v2\/comments?post=513429"}],"version-history":[{"count":0,"href":"https:\/\/www.europesays.com\/fr\/wp-json\/wp\/v2\/posts\/513429\/revisions"}],"wp:featuredmedia":[{"embeddable":true,"href":"https:\/\/www.europesays.com\/fr\/wp-json\/wp\/v2\/media\/513430"}],"wp:attachment":[{"href":"https:\/\/www.europesays.com\/fr\/wp-json\/wp\/v2\/media?parent=513429"}],"wp:term":[{"taxonomy":"category","embeddable":true,"href":"https:\/\/www.europesays.com\/fr\/wp-json\/wp\/v2\/categories?post=513429"},{"taxonomy":"post_tag","embeddable":true,"href":"https:\/\/www.europesays.com\/fr\/wp-json\/wp\/v2\/tags?post=513429"}],"curies":[{"name":"wp","href":"https:\/\/api.w.org\/{rel}","templated":true}]}}