{"id":513443,"date":"2025-11-05T12:01:13","date_gmt":"2025-11-05T12:01:13","guid":{"rendered":"https:\/\/www.europesays.com\/fr\/513443\/"},"modified":"2025-11-05T12:01:13","modified_gmt":"2025-11-05T12:01:13","slug":"revelations-en-images-sur-les-tirs-illegaux-de-grenades-par-les-gendarmes-liberation","status":"publish","type":"post","link":"https:\/\/www.europesays.com\/fr\/513443\/","title":{"rendered":"r\u00e9v\u00e9lations en images sur les tirs ill\u00e9gaux de grenades par les gendarmes \u2013 Lib\u00e9ration"},"content":{"rendered":"<p class=\"sc-cPiKLX AiZTS text-element\">Ils qualifient les manifestants de \u00abpue-la-pisse\u00bb, \u00abd\u2019encul\u00e9s\u00bb, de \u00abchiens\u00bb, parlent d\u2019un \u00abvrai kif\u00bb \u00e0 propos des personnes qu\u2019ils ont gravement bless\u00e9es, disant avoir \u00absign\u00e9 pour \u00e7a\u00bb. Ou encore \u00e9voquent, hilares, de nombreuses victimes : \u00abJe compte plus les mecs qu\u2019on a \u00e9borgn\u00e9s.\u00bb Ces propos sont issus des dizaines d\u2019heures de vid\u00e9os brutes film\u00e9es par les cam\u00e9ras des gendarmes mobiles lors de l\u2019op\u00e9ration de maintien de l\u2019ordre \u00e0 Sainte-Soline (Deux-S\u00e8vres). <a href=\"https:\/\/www.liberation.fr\/societe\/bassines-de-sainte-soline-un-long-samedi-sur-un-champ-de-bataille-20230325_QFFHTPQSHJDBFCEP4MLFS7V4UM\/\" target=\"_blank\" rel=\"noopener\" title=\"https:\/\/www.liberation.fr\/societe\/bassines-de-sainte-soline-un-long-samedi-sur-un-champ-de-bataille-20230325_QFFHTPQSHJDBFCEP4MLFS7V4UM\/\">Ce samedi 25 mars 2023<\/a>, des militants \u00e9cologistes d\u00e9cident de braver l\u2019interdiction de manifester de la pr\u00e9fecture pour s\u2019approcher du <a href=\"https:\/\/www.liberation.fr\/environnement\/agriculture\/megabassines-privatisation-de-leau-financement-demesure-ce-que-leurs-opposants-leur-reprochent-20230325_TNLBX5IEPNDH3MDEQYEIO62PZA\/\" target=\"_blank\" rel=\"noopener\" title=\"https:\/\/www.liberation.fr\/environnement\/agriculture\/megabassines-privatisation-de-leau-financement-demesure-ce-que-leurs-opposants-leur-reprochent-20230325_TNLBX5IEPNDH3MDEQYEIO62PZA\/\">chantier contest\u00e9<\/a> d\u2019une m\u00e9gabassine. Les images capt\u00e9es par les cam\u00e9ras des forces de l\u2019ordre, que r\u00e9v\u00e8lent Lib\u00e9ration <\/p>\n","protected":false},"excerpt":{"rendered":"Ils qualifient les manifestants de \u00abpue-la-pisse\u00bb, \u00abd\u2019encul\u00e9s\u00bb, de \u00abchiens\u00bb, parlent d\u2019un \u00abvrai kif\u00bb \u00e0 propos des personnes qu\u2019ils&hellip;\n","protected":false},"author":2,"featured_media":513444,"comment_status":"","ping_status":"","sticky":false,"template":"","format":"standard","meta":{"footnotes":""},"categories":[4],"tags":[11,1011,27,63428,12,25,63429,7374],"class_list":{"0":"post-513443","1":"post","2":"type-post","3":"status-publish","4":"format-standard","5":"has-post-thumbnail","7":"category-france","8":"tag-actualites","9":"tag-fr","10":"tag-france","11":"tag-megabassines","12":"tag-news","13":"tag-republique-francaise","14":"tag-sainte-soline","15":"tag-violences-policieres"},"share_on_mastodon":{"url":"https:\/\/pubeurope.com\/@fr\/115496988690310674","error":""},"_links":{"self":[{"href":"https:\/\/www.europesays.com\/fr\/wp-json\/wp\/v2\/posts\/513443","targetHints":{"allow":["GET"]}}],"collection":[{"href":"https:\/\/www.europesays.com\/fr\/wp-json\/wp\/v2\/posts"}],"about":[{"href":"https:\/\/www.europesays.com\/fr\/wp-json\/wp\/v2\/types\/post"}],"author":[{"embeddable":true,"href":"https:\/\/www.europesays.com\/fr\/wp-json\/wp\/v2\/users\/2"}],"replies":[{"embeddable":true,"href":"https:\/\/www.europesays.com\/fr\/wp-json\/wp\/v2\/comments?post=513443"}],"version-history":[{"count":0,"href":"https:\/\/www.europesays.com\/fr\/wp-json\/wp\/v2\/posts\/513443\/revisions"}],"wp:featuredmedia":[{"embeddable":true,"href":"https:\/\/www.europesays.com\/fr\/wp-json\/wp\/v2\/media\/513444"}],"wp:attachment":[{"href":"https:\/\/www.europesays.com\/fr\/wp-json\/wp\/v2\/media?parent=513443"}],"wp:term":[{"taxonomy":"category","embeddable":true,"href":"https:\/\/www.europesays.com\/fr\/wp-json\/wp\/v2\/categories?post=513443"},{"taxonomy":"post_tag","embeddable":true,"href":"https:\/\/www.europesays.com\/fr\/wp-json\/wp\/v2\/tags?post=513443"}],"curies":[{"name":"wp","href":"https:\/\/api.w.org\/{rel}","templated":true}]}}