{"id":513447,"date":"2025-11-05T12:03:13","date_gmt":"2025-11-05T12:03:13","guid":{"rendered":"https:\/\/www.europesays.com\/fr\/513447\/"},"modified":"2025-11-05T12:03:13","modified_gmt":"2025-11-05T12:03:13","slug":"loire-des-habitants-de-la-varenne-prives-deau-a-roche-la-moliere","status":"publish","type":"post","link":"https:\/\/www.europesays.com\/fr\/513447\/","title":{"rendered":"Loire. Des habitants de la Varenne priv\u00e9s d&rsquo;eau \u00e0 Roche-la-Moli\u00e8re"},"content":{"rendered":"<p>Une nouvelle fuite d&rsquo;eau est en cours ce mercredi midi dans le quartier de la Varenne \u00e0 Roche-la-Moli\u00e8re.<\/p>\n<p>A minima, ce sont plus de quatre-vingts logements, situ\u00e9s dans plusieurs immeubles, qui sont priv\u00e9s d&rsquo;eau apr\u00e8s une nouvelle casse sur le r\u00e9seau. Une entreprise sp\u00e9cialis\u00e9e est sur place. Elle venait juste de terminer de remettre du remblai quand l&rsquo;incident s&rsquo;est produit.<\/p>\n<p>L&rsquo;alimentation avait \u00e9t\u00e9 r\u00e9tablie en pleine nuit<\/p>\n<p>La veille dans l&rsquo;apr\u00e8s-midi, une premi\u00e8re casse avait eu lieu. L&rsquo;alimentation avait \u00e9t\u00e9 coup\u00e9e et r\u00e9tablie apr\u00e8s minuit. Les ouvriers \u00e9taient rest\u00e9s jusqu&rsquo;\u00e0 une heure du matin.\u00a0<\/p>\n","protected":false},"excerpt":{"rendered":"Une nouvelle fuite d&rsquo;eau est en cours ce mercredi midi dans le quartier de la Varenne \u00e0 Roche-la-Moli\u00e8re.&hellip;\n","protected":false},"author":2,"featured_media":513448,"comment_status":"","ping_status":"","sticky":false,"template":"","format":"standard","meta":{"footnotes":""},"categories":[9653],"tags":[1111,11,2430,7539,436,1777,674,274,1011,27,12,25,12490,4001],"class_list":{"0":"post-513447","1":"post","2":"type-post","3":"status-publish","4":"format-standard","5":"has-post-thumbnail","7":"category-saint-etienne","8":"tag-actu","9":"tag-actualites","10":"tag-auvergne-rhone-alpes","11":"tag-edition-loire-sud","12":"tag-environnement","13":"tag-eu","14":"tag-europe","15":"tag-faits-divers-justice","16":"tag-fr","17":"tag-france","18":"tag-news","19":"tag-republique-francaise","20":"tag-roche-la-moliere","21":"tag-saint-etienne"},"share_on_mastodon":{"url":"https:\/\/pubeurope.com\/@fr\/115496996418632930","error":""},"_links":{"self":[{"href":"https:\/\/www.europesays.com\/fr\/wp-json\/wp\/v2\/posts\/513447","targetHints":{"allow":["GET"]}}],"collection":[{"href":"https:\/\/www.europesays.com\/fr\/wp-json\/wp\/v2\/posts"}],"about":[{"href":"https:\/\/www.europesays.com\/fr\/wp-json\/wp\/v2\/types\/post"}],"author":[{"embeddable":true,"href":"https:\/\/www.europesays.com\/fr\/wp-json\/wp\/v2\/users\/2"}],"replies":[{"embeddable":true,"href":"https:\/\/www.europesays.com\/fr\/wp-json\/wp\/v2\/comments?post=513447"}],"version-history":[{"count":0,"href":"https:\/\/www.europesays.com\/fr\/wp-json\/wp\/v2\/posts\/513447\/revisions"}],"wp:featuredmedia":[{"embeddable":true,"href":"https:\/\/www.europesays.com\/fr\/wp-json\/wp\/v2\/media\/513448"}],"wp:attachment":[{"href":"https:\/\/www.europesays.com\/fr\/wp-json\/wp\/v2\/media?parent=513447"}],"wp:term":[{"taxonomy":"category","embeddable":true,"href":"https:\/\/www.europesays.com\/fr\/wp-json\/wp\/v2\/categories?post=513447"},{"taxonomy":"post_tag","embeddable":true,"href":"https:\/\/www.europesays.com\/fr\/wp-json\/wp\/v2\/tags?post=513447"}],"curies":[{"name":"wp","href":"https:\/\/api.w.org\/{rel}","templated":true}]}}